{"id":9630,"date":"2014-04-09T19:39:53","date_gmt":"2014-04-09T22:39:53","guid":{"rendered":"http:\/\/www.riogrande.rs.gov.br\/smed\/?p=9630"},"modified":"2014-04-09T19:39:53","modified_gmt":"2014-04-09T22:39:53","slug":"curso-de-introducao-a-educacao-digital-iniciara-dia-11","status":"publish","type":"post","link":"https:\/\/www.riogrande.rs.gov.br\/smed\/?p=9630","title":{"rendered":"Curso de Introdu\u00e7\u00e3o \u00e0 Educa\u00e7\u00e3o Digital iniciar\u00e1 dia 11"},"content":{"rendered":"<p style=\"text-align: justify;\">O N\u00facleo de Tecnologia Municipal (NTM) da Secretaria de Munic\u00edpio da Educa\u00e7\u00e3o de Rio Grande (SMEd) informa que na pr\u00f3xima <strong>sexta-feira, 11<\/strong>, iniciar\u00e1 o <strong>Curso de Introdu\u00e7\u00e3o \u00e0 Educa\u00e7\u00e3o Digital<\/strong>, o qual \u00e9 dirigido aos professores da rede p\u00fablica municipal de ensino.<\/p>\n<p style=\"text-align: justify;\"><!--more--><\/p>\n<p style=\"text-align: justify;\">\n<p style=\"text-align: justify;\">Com carga hor\u00e1ria total de 60 horas, o curso ter\u00e1 20 horas presenciais ministradas no laborat\u00f3rio de inform\u00e1tica do Centro de Forma\u00e7\u00e3o para a Diversidade Cultural e Inclus\u00e3o Escola Viva, que est\u00e1 localizado na Avenida Portugal, 38, e 40 horas a dist\u00e2ncia.<\/p>\n<p style=\"text-align: justify;\">As aulas ocorrer\u00e3o em dois turnos: manh\u00e3, das <strong>8h30 \u00e0s 11h30<\/strong>; e tarde, das <strong>13h30 \u00e0s 17h30<\/strong>.<\/p>\n<p style=\"text-align: right;\"><em>SMEd<\/em><br \/>\n<em> Roberton Reis<\/em><\/p>\n","protected":false},"excerpt":{"rendered":"<p>O N\u00facleo de Tecnologia Municipal (NTM) da Secretaria de Munic\u00edpio da Educa\u00e7\u00e3o de Rio Grande (SMEd) informa que na pr\u00f3xima sexta-feira, 11, iniciar\u00e1 o Curso de Introdu\u00e7\u00e3o \u00e0 Educa\u00e7\u00e3o Digital, o qual \u00e9 dirigido aos professores da rede p\u00fablica municipal de ensino.<\/p>\n","protected":false},"author":7,"featured_media":0,"comment_status":"closed","ping_status":"open","sticky":false,"template":"","format":"standard","meta":{"footnotes":""},"categories":[1,13],"tags":[],"class_list":["post-9630","post","type-post","status-publish","format-standard","hentry","category-noticias","category-pedagogico"],"_links":{"self":[{"href":"https:\/\/www.riogrande.rs.gov.br\/smed\/index.php?rest_route=\/wp\/v2\/posts\/9630"}],"collection":[{"href":"https:\/\/www.riogrande.rs.gov.br\/smed\/index.php?rest_route=\/wp\/v2\/posts"}],"about":[{"href":"https:\/\/www.riogrande.rs.gov.br\/smed\/index.php?rest_route=\/wp\/v2\/types\/post"}],"author":[{"embeddable":true,"href":"https:\/\/www.riogrande.rs.gov.br\/smed\/index.php?rest_route=\/wp\/v2\/users\/7"}],"replies":[{"embeddable":true,"href":"https:\/\/www.riogrande.rs.gov.br\/smed\/index.php?rest_route=%2Fwp%2Fv2%2Fcomments&post=9630"}],"version-history":[{"count":1,"href":"https:\/\/www.riogrande.rs.gov.br\/smed\/index.php?rest_route=\/wp\/v2\/posts\/9630\/revisions"}],"predecessor-version":[{"id":9631,"href":"https:\/\/www.riogrande.rs.gov.br\/smed\/index.php?rest_route=\/wp\/v2\/posts\/9630\/revisions\/9631"}],"wp:attachment":[{"href":"https:\/\/www.riogrande.rs.gov.br\/smed\/index.php?rest_route=%2Fwp%2Fv2%2Fmedia&parent=9630"}],"wp:term":[{"taxonomy":"category","embeddable":true,"href":"https:\/\/www.riogrande.rs.gov.br\/smed\/index.php?rest_route=%2Fwp%2Fv2%2Fcategories&post=9630"},{"taxonomy":"post_tag","embeddable":true,"href":"https:\/\/www.riogrande.rs.gov.br\/smed\/index.php?rest_route=%2Fwp%2Fv2%2Ftags&post=9630"}],"curies":[{"name":"wp","href":"https:\/\/api.w.org\/{rel}","templated":true}]}}