{"id":47334,"date":"2026-04-29T08:58:52","date_gmt":"2026-04-29T11:58:52","guid":{"rendered":"https:\/\/www.riogrande.rs.gov.br\/smed\/?p=47334"},"modified":"2026-04-29T08:58:52","modified_gmt":"2026-04-29T11:58:52","slug":"formadoras-municipais-do-proleei-participam-de-seminario-estadual-em-santa-maria","status":"publish","type":"post","link":"https:\/\/www.riogrande.rs.gov.br\/smed\/?p=47334","title":{"rendered":"Formadoras Municipais do ProLEEI participam de Semin\u00e1rio Estadual em Santa Maria"},"content":{"rendered":"<p>As formadoras municipais marcaram presen\u00e7a no Semin\u00e1rio ProLEEI RS, realizado em Santa Maria, no dia 23 de abril de 2026. O semin\u00e1rio representou um momento fundamental no percurso formativo, reafirmando o compromisso com a qualifica\u00e7\u00e3o cont\u00ednua da educa\u00e7\u00e3o em nossa rede.<br \/>\nEste importante encontro contribuiu diretamente para o fortalecimento das pr\u00e1ticas pedag\u00f3gicas do munic\u00edpio, promovendo reflex\u00f5es, trocas de experi\u00eancias e o alinhamento \u00e0s diretrizes nacionais do programa. Mais do que uma etapa formativa, tratou-se de um espa\u00e7o de constru\u00e7\u00e3o coletiva, que potencializou saberes e ampliou possibilidades de atua\u00e7\u00e3o em sala de aula.<br \/>\nA participa\u00e7\u00e3o das formadoras foi essencial para garantir a continuidade, a consist\u00eancia e a qualidade das a\u00e7\u00f5es j\u00e1 em desenvolvimento, consolidando avan\u00e7os e inspirando novas pr\u00e1ticas<!--more--><\/p>\n\n\t\t<style type=\"text\/css\">\n\t\t\t#gallery-1 {\n\t\t\t\tmargin: auto;\n\t\t\t}\n\t\t\t#gallery-1 .gallery-item {\n\t\t\t\tfloat: left;\n\t\t\t\tmargin-top: 10px;\n\t\t\t\ttext-align: center;\n\t\t\t\twidth: 33%;\n\t\t\t}\n\t\t\t#gallery-1 img {\n\t\t\t\tborder: 2px solid #cfcfcf;\n\t\t\t}\n\t\t\t#gallery-1 .gallery-caption {\n\t\t\t\tmargin-left: 0;\n\t\t\t}\n\t\t\t\/* see gallery_shortcode() in wp-includes\/media.php *\/\n\t\t<\/style>\n\t\t<div id='gallery-1' class='gallery galleryid-47334 gallery-columns-3 gallery-size-thumbnail'><dl class='gallery-item'>\n\t\t\t<dt class='gallery-icon portrait'>\n\t\t\t\t<a href='https:\/\/www.riogrande.rs.gov.br\/smed\/?attachment_id=47335'><img loading=\"lazy\" decoding=\"async\" width=\"150\" height=\"150\" src=\"https:\/\/www.riogrande.rs.gov.br\/smed\/wp-content\/uploads\/2026\/04\/WhatsApp-Image-2026-04-27-at-16.38.32-150x150.jpeg\" class=\"attachment-thumbnail size-thumbnail\" alt=\"\" \/><\/a>\n\t\t\t<\/dt><\/dl><dl class='gallery-item'>\n\t\t\t<dt class='gallery-icon portrait'>\n\t\t\t\t<a href='https:\/\/www.riogrande.rs.gov.br\/smed\/?attachment_id=47336'><img loading=\"lazy\" decoding=\"async\" width=\"150\" height=\"150\" src=\"https:\/\/www.riogrande.rs.gov.br\/smed\/wp-content\/uploads\/2026\/04\/WhatsApp-Image-2026-04-27-at-16.38.33-150x150.jpeg\" class=\"attachment-thumbnail size-thumbnail\" alt=\"\" \/><\/a>\n\t\t\t<\/dt><\/dl><dl class='gallery-item'>\n\t\t\t<dt class='gallery-icon portrait'>\n\t\t\t\t<a href='https:\/\/www.riogrande.rs.gov.br\/smed\/?attachment_id=47337'><img loading=\"lazy\" decoding=\"async\" width=\"150\" height=\"150\" src=\"https:\/\/www.riogrande.rs.gov.br\/smed\/wp-content\/uploads\/2026\/04\/WhatsApp-Image-2026-04-27-at-16.38.34-150x150.jpeg\" class=\"attachment-thumbnail size-thumbnail\" alt=\"\" \/><\/a>\n\t\t\t<\/dt><\/dl><br style=\"clear: both\" \/>\n\t\t<\/div>\n\n","protected":false},"excerpt":{"rendered":"<p>As formadoras municipais marcaram presen\u00e7a no Semin\u00e1rio ProLEEI RS, realizado em Santa Maria, no dia 23 de abril de 2026. O semin\u00e1rio representou um momento fundamental no percurso formativo, reafirmando o compromisso com a qualifica\u00e7\u00e3o cont\u00ednua da educa\u00e7\u00e3o em nossa rede. Este importante encontro contribuiu diretamente para o fortalecimento das pr\u00e1ticas pedag\u00f3gicas do munic\u00edpio, promovendo [&hellip;]<\/p>\n","protected":false},"author":7,"featured_media":0,"comment_status":"closed","ping_status":"closed","sticky":false,"template":"","format":"standard","meta":{"footnotes":""},"categories":[1],"tags":[],"class_list":["post-47334","post","type-post","status-publish","format-standard","hentry","category-noticias"],"_links":{"self":[{"href":"https:\/\/www.riogrande.rs.gov.br\/smed\/index.php?rest_route=\/wp\/v2\/posts\/47334"}],"collection":[{"href":"https:\/\/www.riogrande.rs.gov.br\/smed\/index.php?rest_route=\/wp\/v2\/posts"}],"about":[{"href":"https:\/\/www.riogrande.rs.gov.br\/smed\/index.php?rest_route=\/wp\/v2\/types\/post"}],"author":[{"embeddable":true,"href":"https:\/\/www.riogrande.rs.gov.br\/smed\/index.php?rest_route=\/wp\/v2\/users\/7"}],"replies":[{"embeddable":true,"href":"https:\/\/www.riogrande.rs.gov.br\/smed\/index.php?rest_route=%2Fwp%2Fv2%2Fcomments&post=47334"}],"version-history":[{"count":1,"href":"https:\/\/www.riogrande.rs.gov.br\/smed\/index.php?rest_route=\/wp\/v2\/posts\/47334\/revisions"}],"predecessor-version":[{"id":47339,"href":"https:\/\/www.riogrande.rs.gov.br\/smed\/index.php?rest_route=\/wp\/v2\/posts\/47334\/revisions\/47339"}],"wp:attachment":[{"href":"https:\/\/www.riogrande.rs.gov.br\/smed\/index.php?rest_route=%2Fwp%2Fv2%2Fmedia&parent=47334"}],"wp:term":[{"taxonomy":"category","embeddable":true,"href":"https:\/\/www.riogrande.rs.gov.br\/smed\/index.php?rest_route=%2Fwp%2Fv2%2Fcategories&post=47334"},{"taxonomy":"post_tag","embeddable":true,"href":"https:\/\/www.riogrande.rs.gov.br\/smed\/index.php?rest_route=%2Fwp%2Fv2%2Ftags&post=47334"}],"curies":[{"name":"wp","href":"https:\/\/api.w.org\/{rel}","templated":true}]}}