{"id":47259,"date":"2026-03-06T22:51:20","date_gmt":"2026-03-07T01:51:20","guid":{"rendered":"https:\/\/www.riogrande.rs.gov.br\/smed\/?p=47259"},"modified":"2026-03-06T22:52:41","modified_gmt":"2026-03-07T01:52:41","slug":"smed-informa-convocados-para-matricula-na-escola-de-belas-artes-heitor-de-lemos","status":"publish","type":"post","link":"https:\/\/www.riogrande.rs.gov.br\/smed\/?p=47259","title":{"rendered":"SMEd INFORMA: Convocados para matr\u00edcula na Escola de Belas Artes Heitor de Lemos"},"content":{"rendered":"<p>Edital 03\/ 2026<\/p>\n<p>ATEN\u00c7\u00c3O: Convocados para matr\u00edculas no ano letivo de 2026.<\/p>\n<p>Hor\u00e1rio: Das 08:30 \u00e0s 13:00, na secretaria da Escola, nos seguintes dias, conforme cronograma abaixo:<\/p>\n<p>Artes Visuais: 09 03 2026 ( segunda -feira)<\/p>\n<p>Teatro: 10 03 2026 ( ter\u00e7a-feira)<\/p>\n<p>M\u00fasica: 11 03 2026 ( quarta-feira)<\/p>\n<p>Dan\u00e7a: 12 03 2026 ( quinta- feira)<\/p>\n<p>Para acessar as listas clique em &#8220;<strong>leia mais&#8221;<\/strong><\/p>\n<p><!--more--><\/p>\n\n\t\t<style type=\"text\/css\">\n\t\t\t#gallery-1 {\n\t\t\t\tmargin: auto;\n\t\t\t}\n\t\t\t#gallery-1 .gallery-item {\n\t\t\t\tfloat: left;\n\t\t\t\tmargin-top: 10px;\n\t\t\t\ttext-align: center;\n\t\t\t\twidth: 33%;\n\t\t\t}\n\t\t\t#gallery-1 img {\n\t\t\t\tborder: 2px solid #cfcfcf;\n\t\t\t}\n\t\t\t#gallery-1 .gallery-caption {\n\t\t\t\tmargin-left: 0;\n\t\t\t}\n\t\t\t\/* see gallery_shortcode() in wp-includes\/media.php *\/\n\t\t<\/style>\n\t\t<div id='gallery-1' class='gallery galleryid-47259 gallery-columns-3 gallery-size-thumbnail'><dl class='gallery-item'>\n\t\t\t<dt class='gallery-icon portrait'>\n\t\t\t\t<a href='https:\/\/www.riogrande.rs.gov.br\/smed\/?attachment_id=47261'><img loading=\"lazy\" decoding=\"async\" width=\"150\" height=\"150\" src=\"https:\/\/www.riogrande.rs.gov.br\/smed\/wp-content\/uploads\/2026\/03\/WhatsApp-Image-2026-03-06-at-20.19.18-150x150.jpeg\" class=\"attachment-thumbnail size-thumbnail\" alt=\"\" \/><\/a>\n\t\t\t<\/dt><\/dl><dl class='gallery-item'>\n\t\t\t<dt class='gallery-icon portrait'>\n\t\t\t\t<a href='https:\/\/www.riogrande.rs.gov.br\/smed\/?attachment_id=47262'><img loading=\"lazy\" decoding=\"async\" width=\"150\" height=\"150\" src=\"https:\/\/www.riogrande.rs.gov.br\/smed\/wp-content\/uploads\/2026\/03\/WhatsApp-Image-2026-03-06-at-20.19.17-2-150x150.jpeg\" class=\"attachment-thumbnail size-thumbnail\" alt=\"\" \/><\/a>\n\t\t\t<\/dt><\/dl><dl class='gallery-item'>\n\t\t\t<dt class='gallery-icon portrait'>\n\t\t\t\t<a href='https:\/\/www.riogrande.rs.gov.br\/smed\/?attachment_id=47263'><img loading=\"lazy\" decoding=\"async\" width=\"150\" height=\"150\" src=\"https:\/\/www.riogrande.rs.gov.br\/smed\/wp-content\/uploads\/2026\/03\/WhatsApp-Image-2026-03-06-at-20.19.17-1-150x150.jpeg\" class=\"attachment-thumbnail size-thumbnail\" alt=\"\" \/><\/a>\n\t\t\t<\/dt><\/dl><br style=\"clear: both\" \/><dl class='gallery-item'>\n\t\t\t<dt class='gallery-icon portrait'>\n\t\t\t\t<a href='https:\/\/www.riogrande.rs.gov.br\/smed\/?attachment_id=47264'><img loading=\"lazy\" decoding=\"async\" width=\"150\" height=\"150\" src=\"https:\/\/www.riogrande.rs.gov.br\/smed\/wp-content\/uploads\/2026\/03\/WhatsApp-Image-2026-03-06-at-20.19.17-150x150.jpeg\" class=\"attachment-thumbnail size-thumbnail\" alt=\"\" \/><\/a>\n\t\t\t<\/dt><\/dl><dl class='gallery-item'>\n\t\t\t<dt class='gallery-icon portrait'>\n\t\t\t\t<a href='https:\/\/www.riogrande.rs.gov.br\/smed\/?attachment_id=47260'><img loading=\"lazy\" decoding=\"async\" width=\"150\" height=\"150\" src=\"https:\/\/www.riogrande.rs.gov.br\/smed\/wp-content\/uploads\/2026\/03\/WhatsApp-Image-2026-03-06-at-20.19.18-1-150x150.jpeg\" class=\"attachment-thumbnail size-thumbnail\" alt=\"\" \/><\/a>\n\t\t\t<\/dt><\/dl>\n\t\t\t<br style='clear: both' \/>\n\t\t<\/div>\n\n","protected":false},"excerpt":{"rendered":"<p>Edital 03\/ 2026 ATEN\u00c7\u00c3O: Convocados para matr\u00edculas no ano letivo de 2026. Hor\u00e1rio: Das 08:30 \u00e0s 13:00, na secretaria da Escola, nos seguintes dias, conforme cronograma abaixo: Artes Visuais: 09 03 2026 ( segunda -feira) Teatro: 10 03 2026 ( ter\u00e7a-feira) M\u00fasica: 11 03 2026 ( quarta-feira) Dan\u00e7a: 12 03 2026 ( quinta- feira) Para [&hellip;]<\/p>\n","protected":false},"author":7,"featured_media":0,"comment_status":"closed","ping_status":"closed","sticky":false,"template":"","format":"standard","meta":{"footnotes":""},"categories":[1],"tags":[],"class_list":["post-47259","post","type-post","status-publish","format-standard","hentry","category-noticias"],"_links":{"self":[{"href":"https:\/\/www.riogrande.rs.gov.br\/smed\/index.php?rest_route=\/wp\/v2\/posts\/47259"}],"collection":[{"href":"https:\/\/www.riogrande.rs.gov.br\/smed\/index.php?rest_route=\/wp\/v2\/posts"}],"about":[{"href":"https:\/\/www.riogrande.rs.gov.br\/smed\/index.php?rest_route=\/wp\/v2\/types\/post"}],"author":[{"embeddable":true,"href":"https:\/\/www.riogrande.rs.gov.br\/smed\/index.php?rest_route=\/wp\/v2\/users\/7"}],"replies":[{"embeddable":true,"href":"https:\/\/www.riogrande.rs.gov.br\/smed\/index.php?rest_route=%2Fwp%2Fv2%2Fcomments&post=47259"}],"version-history":[{"count":3,"href":"https:\/\/www.riogrande.rs.gov.br\/smed\/index.php?rest_route=\/wp\/v2\/posts\/47259\/revisions"}],"predecessor-version":[{"id":47267,"href":"https:\/\/www.riogrande.rs.gov.br\/smed\/index.php?rest_route=\/wp\/v2\/posts\/47259\/revisions\/47267"}],"wp:attachment":[{"href":"https:\/\/www.riogrande.rs.gov.br\/smed\/index.php?rest_route=%2Fwp%2Fv2%2Fmedia&parent=47259"}],"wp:term":[{"taxonomy":"category","embeddable":true,"href":"https:\/\/www.riogrande.rs.gov.br\/smed\/index.php?rest_route=%2Fwp%2Fv2%2Fcategories&post=47259"},{"taxonomy":"post_tag","embeddable":true,"href":"https:\/\/www.riogrande.rs.gov.br\/smed\/index.php?rest_route=%2Fwp%2Fv2%2Ftags&post=47259"}],"curies":[{"name":"wp","href":"https:\/\/api.w.org\/{rel}","templated":true}]}}