{"id":47146,"date":"2026-01-23T14:33:38","date_gmt":"2026-01-23T17:33:38","guid":{"rendered":"https:\/\/www.riogrande.rs.gov.br\/smed\/?p=47146"},"modified":"2026-01-23T14:33:38","modified_gmt":"2026-01-23T17:33:38","slug":"suspensao-do-site-para-inscricoes-para-educacao-infantil-e-ensino-fundamental-da-rede-municipal-de-rio-grande","status":"publish","type":"post","link":"https:\/\/www.riogrande.rs.gov.br\/smed\/?p=47146","title":{"rendered":"SUSPENS\u00c3O DO SITE PARA INSCRI\u00c7\u00d5ES PARA EDUCA\u00c7\u00c3O INFANTIL E ENSINO FUNDAMENTAL DA REDE MUNICIPAL DE RIO GRANDE"},"content":{"rendered":"<p class=\"western\" align=\"justify\"><span style=\"font-family: Times New Roman, serif;\"><span style=\"font-size: large;\"><span style=\"color: #000000;\"><a href=\"https:\/\/www.riogrande.rs.gov.br\/smed\/wp-content\/uploads\/2026\/01\/WhatsApp-Image-2026-01-23-at-13.40.38.jpeg\" rel=\"lightbox[47146]\"><img loading=\"lazy\" decoding=\"async\" class=\"aligncenter size-medium wp-image-47147\" src=\"https:\/\/www.riogrande.rs.gov.br\/smed\/wp-content\/uploads\/2026\/01\/WhatsApp-Image-2026-01-23-at-13.40.38-485x485.jpeg\" alt=\"\" width=\"485\" height=\"485\" srcset=\"https:\/\/www.riogrande.rs.gov.br\/smed\/wp-content\/uploads\/2026\/01\/WhatsApp-Image-2026-01-23-at-13.40.38-485x485.jpeg 485w, https:\/\/www.riogrande.rs.gov.br\/smed\/wp-content\/uploads\/2026\/01\/WhatsApp-Image-2026-01-23-at-13.40.38-150x150.jpeg 150w, https:\/\/www.riogrande.rs.gov.br\/smed\/wp-content\/uploads\/2026\/01\/WhatsApp-Image-2026-01-23-at-13.40.38-768x768.jpeg 768w, https:\/\/www.riogrande.rs.gov.br\/smed\/wp-content\/uploads\/2026\/01\/WhatsApp-Image-2026-01-23-at-13.40.38-624x624.jpeg 624w, https:\/\/www.riogrande.rs.gov.br\/smed\/wp-content\/uploads\/2026\/01\/WhatsApp-Image-2026-01-23-at-13.40.38.jpeg 1080w\" sizes=\"(max-width: 485px) 100vw, 485px\" \/><\/a>A Prefeitura Municipal do Rio Grande, por meio da Secretaria de Munic\u00edpio da Educa\u00e7\u00e3o, torna p\u00fablica A SUSPENS\u00c3O do site para inscri\u00e7\u00f5es da Educa\u00e7\u00e3o Infantil e Ensino Fundamental da Rede Municipal de Rio Grande.<\/span><\/span><\/span><\/p>\n<p class=\"western\"><span style=\"font-size: large;\">In<\/span><span style=\"font-family: Times New Roman, serif;\"><span style=\"font-size: large;\">formamos que o site referente ao segundo per\u00edodo de inscri\u00e7\u00f5es para Ed. Infantil e Ensino Fundamental ser\u00e1 encerrado no dia <\/span><\/span><strong><span style=\"font-family: Times New Roman, serif;\"><span style=\"font-size: large;\">28\/01\/2026<\/span><\/span><\/strong><span style=\"font-family: Times New Roman, serif;\"><span style=\"font-size: large;\">, \u00e0s <\/span><\/span><strong><span style=\"font-family: Times New Roman, serif;\"><span style=\"font-size: large;\">19 h<\/span><\/span><\/strong><span style=\"font-family: Times New Roman, serif;\"><span style=\"font-size: large;\">, para a realiza\u00e7\u00e3o do levantamento de dados e das demandas da Rede Municipal.<\/span><\/span><\/p>\n<p class=\"western\"><span style=\"font-family: Times New Roman, serif;\"><span style=\"font-size: large;\">Em momento oportuno, ser\u00e1 divulgada nova data para a reabertura do site, destinada a novas inscri\u00e7\u00f5es para preenchimento de vagas remanescentes, bem como a data de divulga\u00e7\u00e3o de novos chamamentos.<\/span><\/span><\/p>\n<p class=\"western\"><span style=\"font-family: Times New Roman, serif;\"><span style=\"font-size: large;\">Ressaltamos que os estudantes que j\u00e1 efetuaram a inscri\u00e7\u00e3o e n\u00e3o foram selecionados nos chamamentos permanecem em <\/span><\/span><strong><span style=\"font-family: Times New Roman, serif;\"><span style=\"font-size: large;\">lista de espera<\/span><\/span><\/strong><span style=\"font-family: Times New Roman, serif;\"><span style=\"font-size: large;\">, n\u00e3o sendo necess\u00e1ria a realiza\u00e7\u00e3o de nova inscri\u00e7\u00e3o.<\/span><\/span><\/p>\n<p class=\"western\" align=\"justify\"><span style=\"font-family: Times New Roman, serif;\"><span style=\"font-size: large;\"><span style=\"color: #000000;\">P<\/span><\/span><\/span><span style=\"font-family: Times New Roman, serif;\"><span style=\"font-size: large;\"><b><span style=\"color: #000000;\">ara em caso de transfer\u00eancias de outros munic\u00edpios que n\u00e3o tenham realizado sua inscri\u00e7\u00e3o no site, favor procurar a Central de Matr\u00edculas Municipal. (SMEd)<\/span><\/b><\/span><\/span><\/p>\n","protected":false},"excerpt":{"rendered":"<p>A Prefeitura Municipal do Rio Grande, por meio da Secretaria de Munic\u00edpio da Educa\u00e7\u00e3o, torna p\u00fablica A SUSPENS\u00c3O do site para inscri\u00e7\u00f5es da Educa\u00e7\u00e3o Infantil e Ensino Fundamental da Rede Municipal de Rio Grande. Informamos que o site referente ao segundo per\u00edodo de inscri\u00e7\u00f5es para Ed. Infantil e Ensino Fundamental ser\u00e1 encerrado no dia 28\/01\/2026, [&hellip;]<\/p>\n","protected":false},"author":7,"featured_media":0,"comment_status":"closed","ping_status":"closed","sticky":false,"template":"","format":"standard","meta":{"footnotes":""},"categories":[1],"tags":[],"class_list":["post-47146","post","type-post","status-publish","format-standard","hentry","category-noticias"],"_links":{"self":[{"href":"https:\/\/www.riogrande.rs.gov.br\/smed\/index.php?rest_route=\/wp\/v2\/posts\/47146"}],"collection":[{"href":"https:\/\/www.riogrande.rs.gov.br\/smed\/index.php?rest_route=\/wp\/v2\/posts"}],"about":[{"href":"https:\/\/www.riogrande.rs.gov.br\/smed\/index.php?rest_route=\/wp\/v2\/types\/post"}],"author":[{"embeddable":true,"href":"https:\/\/www.riogrande.rs.gov.br\/smed\/index.php?rest_route=\/wp\/v2\/users\/7"}],"replies":[{"embeddable":true,"href":"https:\/\/www.riogrande.rs.gov.br\/smed\/index.php?rest_route=%2Fwp%2Fv2%2Fcomments&post=47146"}],"version-history":[{"count":1,"href":"https:\/\/www.riogrande.rs.gov.br\/smed\/index.php?rest_route=\/wp\/v2\/posts\/47146\/revisions"}],"predecessor-version":[{"id":47148,"href":"https:\/\/www.riogrande.rs.gov.br\/smed\/index.php?rest_route=\/wp\/v2\/posts\/47146\/revisions\/47148"}],"wp:attachment":[{"href":"https:\/\/www.riogrande.rs.gov.br\/smed\/index.php?rest_route=%2Fwp%2Fv2%2Fmedia&parent=47146"}],"wp:term":[{"taxonomy":"category","embeddable":true,"href":"https:\/\/www.riogrande.rs.gov.br\/smed\/index.php?rest_route=%2Fwp%2Fv2%2Fcategories&post=47146"},{"taxonomy":"post_tag","embeddable":true,"href":"https:\/\/www.riogrande.rs.gov.br\/smed\/index.php?rest_route=%2Fwp%2Fv2%2Ftags&post=47146"}],"curies":[{"name":"wp","href":"https:\/\/api.w.org\/{rel}","templated":true}]}}