{"id":47139,"date":"2026-01-19T16:17:11","date_gmt":"2026-01-19T19:17:11","guid":{"rendered":"https:\/\/www.riogrande.rs.gov.br\/smed\/?p=47139"},"modified":"2026-01-31T21:17:52","modified_gmt":"2026-02-01T00:17:52","slug":"edital-de-inscricao-cadastro-de-reserva-para-monitores-da-inclusao-2026","status":"publish","type":"post","link":"https:\/\/www.riogrande.rs.gov.br\/smed\/?p=47139","title":{"rendered":"EDITAL DE INSCRI\u00c7\u00c3O \u2013 CADASTRO DE RESERVA PARA MONITORES DA INCLUS\u00c3O (2026)"},"content":{"rendered":"<p><a href=\"https:\/\/www.riogrande.rs.gov.br\/smed\/wp-content\/uploads\/2026\/01\/WhatsApp-Image-2026-01-16-at-10.45.31.jpeg\" rel=\"lightbox[47139]\"><img loading=\"lazy\" decoding=\"async\" class=\"aligncenter size-medium wp-image-47142\" src=\"https:\/\/www.riogrande.rs.gov.br\/smed\/wp-content\/uploads\/2026\/01\/WhatsApp-Image-2026-01-16-at-10.45.31-485x485.jpeg\" alt=\"\" width=\"485\" height=\"485\" srcset=\"https:\/\/www.riogrande.rs.gov.br\/smed\/wp-content\/uploads\/2026\/01\/WhatsApp-Image-2026-01-16-at-10.45.31-485x485.jpeg 485w, https:\/\/www.riogrande.rs.gov.br\/smed\/wp-content\/uploads\/2026\/01\/WhatsApp-Image-2026-01-16-at-10.45.31-150x150.jpeg 150w, https:\/\/www.riogrande.rs.gov.br\/smed\/wp-content\/uploads\/2026\/01\/WhatsApp-Image-2026-01-16-at-10.45.31-768x768.jpeg 768w, https:\/\/www.riogrande.rs.gov.br\/smed\/wp-content\/uploads\/2026\/01\/WhatsApp-Image-2026-01-16-at-10.45.31-624x624.jpeg 624w, https:\/\/www.riogrande.rs.gov.br\/smed\/wp-content\/uploads\/2026\/01\/WhatsApp-Image-2026-01-16-at-10.45.31.jpeg 1080w\" sizes=\"(max-width: 485px) 100vw, 485px\" \/><\/a><\/p>\n<div style=\"text-align: left;\">A Prefeitura Municipal do Rio Grande, por meio da Secretaria Municipal de Educa\u00e7\u00e3o, TORNA P\u00daBLICO o edital 003\/2026, que visa a forma\u00e7\u00e3o de um Cadastro Reserva para a contrata\u00e7\u00e3o de Estagi\u00e1rios(as) Monitores(as) de Inclus\u00e3o, remunerados(as) pela Secretaria Municipal de Educa\u00e7\u00e3o, no regime de Est\u00e1gio N\u00e3o-obrigat\u00f3rio. O objetivo deste edital \u00e9 constituir um novo banco de cadastro para suprir vagas ainda dispon\u00edveis nas institui\u00e7\u00f5es educacionais da Rede Municipal de Educa\u00e7\u00e3o ou em Projetos e Programas voltados ao atendimento do p\u00fablico-alvo da Educa\u00e7\u00e3o Especial<\/div>\n<div><\/div>\n<div><\/div>\n<div>\u00a0 \u00a0 \u00a0 \u00a0 \u00a0 \u00a0 \u00a0 \u00a0 \u00a0 <a href=\"https:\/\/www.riogrande.rs.gov.br\/smed\/wp-content\/uploads\/2026\/01\/ATRIBUICOES-MONITORES.pdf\">ATRIBUI\u00c7\u00d5ES MONITORES<\/a>\u00a0 \u00a0 \u00a0 \u00a0 \u00a0 \u00a0 \u00a0 \u00a0 \u00a0 \u00a0 \u00a0 \u00a0 \u00a0 \u00a0 \u00a0 \u00a0<a href=\"https:\/\/www.riogrande.rs.gov.br\/smed\/wp-content\/uploads\/2026\/01\/EDITAL-PERMANENTE_003_2026-.pdf\">EDITAL PERMANENTE_003_2026<\/a><\/div>\n<div><\/div>\n<div><\/div>\n<div><\/div>\n<div><\/div>\n<div><\/div>\n<h1 style=\"text-align: center;\"><a href=\"https:\/\/forms.gle\/mDfM9ABvGbaMc4d47\">Para realizar a inscri\u00e7\u00e3o clique aqui.<\/a><\/h1>\n<div><\/div>\n<div><\/div>\n<div style=\"text-align: center;\"><span style=\"font-size: 1rem;\">Coordenadora Mirian Pureza<\/span><\/div>\n<div>\n<div class=\"gmail_signature\" dir=\"ltr\" data-smartmail=\"gmail_signature\">\n<div dir=\"ltr\">\n<div style=\"text-align: center;\">\u00a0Assessoras: Ana Cristina Garima<\/div>\n<div style=\"text-align: center;\">\u00a0 \u00a0 \u00a0 \u00a0 \u00a0 \u00a0 \u00a0 \u00a0 \u00a0 \u00a0 \u00a0D\u00e9borah Cortez<\/div>\n<div style=\"text-align: center;\">\u00a0 \u00a0 \u00a0 \u00a0 \u00a0 \u00a0 \u00a0 \u00a0 \u00a0 \u00a0 \u00a0Eliane Elesb\u00e3o<\/div>\n<div style=\"text-align: center;\">\u00a0 \u00a0 \u00a0 \u00a0 \u00a0 \u00a0 \u00a0 \u00a0 \u00a0 \u00a0 \u00a0Let\u00edcia Val\u00e9rio<\/div>\n<\/div>\n<\/div>\n<\/div>\n","protected":false},"excerpt":{"rendered":"<p>A Prefeitura Municipal do Rio Grande, por meio da Secretaria Municipal de Educa\u00e7\u00e3o, TORNA P\u00daBLICO o edital 003\/2026, que visa a forma\u00e7\u00e3o de um Cadastro Reserva para a contrata\u00e7\u00e3o de Estagi\u00e1rios(as) Monitores(as) de Inclus\u00e3o, remunerados(as) pela Secretaria Municipal de Educa\u00e7\u00e3o, no regime de Est\u00e1gio N\u00e3o-obrigat\u00f3rio. O objetivo deste edital \u00e9 constituir um novo banco de [&hellip;]<\/p>\n","protected":false},"author":7,"featured_media":0,"comment_status":"closed","ping_status":"closed","sticky":false,"template":"","format":"standard","meta":{"footnotes":""},"categories":[1],"tags":[],"class_list":["post-47139","post","type-post","status-publish","format-standard","hentry","category-noticias"],"_links":{"self":[{"href":"https:\/\/www.riogrande.rs.gov.br\/smed\/index.php?rest_route=\/wp\/v2\/posts\/47139"}],"collection":[{"href":"https:\/\/www.riogrande.rs.gov.br\/smed\/index.php?rest_route=\/wp\/v2\/posts"}],"about":[{"href":"https:\/\/www.riogrande.rs.gov.br\/smed\/index.php?rest_route=\/wp\/v2\/types\/post"}],"author":[{"embeddable":true,"href":"https:\/\/www.riogrande.rs.gov.br\/smed\/index.php?rest_route=\/wp\/v2\/users\/7"}],"replies":[{"embeddable":true,"href":"https:\/\/www.riogrande.rs.gov.br\/smed\/index.php?rest_route=%2Fwp%2Fv2%2Fcomments&post=47139"}],"version-history":[{"count":6,"href":"https:\/\/www.riogrande.rs.gov.br\/smed\/index.php?rest_route=\/wp\/v2\/posts\/47139\/revisions"}],"predecessor-version":[{"id":47159,"href":"https:\/\/www.riogrande.rs.gov.br\/smed\/index.php?rest_route=\/wp\/v2\/posts\/47139\/revisions\/47159"}],"wp:attachment":[{"href":"https:\/\/www.riogrande.rs.gov.br\/smed\/index.php?rest_route=%2Fwp%2Fv2%2Fmedia&parent=47139"}],"wp:term":[{"taxonomy":"category","embeddable":true,"href":"https:\/\/www.riogrande.rs.gov.br\/smed\/index.php?rest_route=%2Fwp%2Fv2%2Fcategories&post=47139"},{"taxonomy":"post_tag","embeddable":true,"href":"https:\/\/www.riogrande.rs.gov.br\/smed\/index.php?rest_route=%2Fwp%2Fv2%2Ftags&post=47139"}],"curies":[{"name":"wp","href":"https:\/\/api.w.org\/{rel}","templated":true}]}}