{"id":41570,"date":"2021-11-16T16:34:10","date_gmt":"2021-11-16T18:34:10","guid":{"rendered":"https:\/\/www.riogrande.rs.gov.br\/smed\/?p=41570"},"modified":"2021-11-16T16:34:10","modified_gmt":"2021-11-16T18:34:10","slug":"poema-inspirado-em-vivencias-na-emei-alcides-barcelos-e-publicado-em-e-book-da-uerj","status":"publish","type":"post","link":"https:\/\/www.riogrande.rs.gov.br\/smed\/?p=41570","title":{"rendered":"Poema inspirado em viv\u00eancias na EMEI Alcides Barcelos \u00e9 publicado em e-book da UERJ"},"content":{"rendered":"<div id=\"attachment_41571\" style=\"width: 495px\" class=\"wp-caption aligncenter\"><a href=\"https:\/\/www.riogrande.rs.gov.br\/smed\/wp-content\/uploads\/2021\/11\/20211116-ped-alcides_barcelos-image1.jpg\" rel=\"lightbox[41570]\"><img loading=\"lazy\" decoding=\"async\" aria-describedby=\"caption-attachment-41571\" class=\"size-medium wp-image-41571\" src=\"https:\/\/www.riogrande.rs.gov.br\/smed\/wp-content\/uploads\/2021\/11\/20211116-ped-alcides_barcelos-image1-485x587.jpg\" alt=\"\" width=\"485\" height=\"587\" srcset=\"https:\/\/www.riogrande.rs.gov.br\/smed\/wp-content\/uploads\/2021\/11\/20211116-ped-alcides_barcelos-image1-485x587.jpg 485w, https:\/\/www.riogrande.rs.gov.br\/smed\/wp-content\/uploads\/2021\/11\/20211116-ped-alcides_barcelos-image1-624x755.jpg 624w, https:\/\/www.riogrande.rs.gov.br\/smed\/wp-content\/uploads\/2021\/11\/20211116-ped-alcides_barcelos-image1.jpg 635w\" sizes=\"(max-width: 485px) 100vw, 485px\" \/><\/a><p id=\"caption-attachment-41571\" class=\"wp-caption-text\">Divulga\u00e7\u00e3o<\/p><\/div>\n<p style=\"text-align: justify;\">Na secretaria da Escola Municipal de Educa\u00e7\u00e3o Infantil Alcides Barcelos, que est\u00e1 localizada no bairro Get\u00falio Vargas, h\u00e1 uma escritora de contos, cr\u00f4nicas, romances e poemas, chamada Claudia Jane Maydana.\u00a0 Inclusive, ela j\u00e1 possui alguns livros publicados.<\/p>\n<p style=\"text-align: justify;\"><!--more--><\/p>\n<p style=\"text-align: justify;\">Na tarde do dia 31 de outubro, aconteceu o Sarau Virtual de lan\u00e7amento do <em>e-book<\/em> COLEI\u00a0 (Coletivo de estudos e pesquisas sobre inf\u00e2ncias e Educa\u00e7\u00e3o Infantil), da Faculdade de Forma\u00e7\u00e3o de Professores &#8211; FFP, da Universidade do Estado do Rio de Janeiro &#8211; UERJ, onde consta um dos poemas de Claudia Maydana, intitulado \u201cProtagonista da minha inf\u00e2ncia\u201d.<\/p>\n<p style=\"text-align: justify;\">\u201c<b>Durante a pandemia, fiz o poema para pensar a nossa pr\u00e1tica enquanto educadores inspirados pelas experi\u00eancias de Reggio Em\u00edlia. Para nos motivar mesmo. Mais adiante, como sempre realizo a inscri\u00e7\u00e3o dos meus contos, cr\u00f4nicas e romances em concursos, vi esse da UERJ, especificamente da FFP e percebi que havia possibilidade de publica\u00e7\u00e3o no segundo e-book do COLEI e enviei. N\u00e3o foi contemplado entre os cinco, mas entrou na edi\u00e7\u00e3o<\/b>\u201d, explicou Claudia.<\/p>\n<p style=\"text-align: justify;\">\u201c<b>\u00c9 um poema singelo, onde o eu-l\u00edrico aparece sob a \u00f3tica infantil. O que acho importante dizer \u00e9 que eu n\u00e3o teria sequer pensado em faz\u00ea-lo como secret\u00e1ria, n\u00e3o fosse a oportunidade que a EMEI Alcides Barcelos me d\u00e1 de participar das pr\u00e1ticas pedag\u00f3gicas, compartilhar experi\u00eancias com as professoras, sempre pensando que isso tamb\u00e9m deve fazer parte do burocr\u00e1tico de cada escola, uma vez que nos possibilita ser parte de uma equipe educadora<\/b>\u201d, finalizou Claudia Jane Maydana.<\/p>\n<p style=\"text-align: justify;\">Acesse <a href=\"https:\/\/34a03f3c-3dc7-410c-9989-3e5c6a828827.filesusr.com\/ugd\/9c3119_eb301d9a574541ea8b184d4955ecfd9b.pdf\" target=\"_blank\" rel=\"noopener\"><b>aqui <\/b><\/a>o e-book oriundo do \u201c2\u00ba Concurso de Poesias Esperan\u00e7a: Porque esperan\u00e7ar \u00e9 preciso\u201d, onde consta o poema \u201cProtagonista da minha inf\u00e2ncia\u201d, na p\u00e1gina 102.<\/p>\n<p style=\"text-align: right;\"><em>SMEd<\/em><br \/>\n<em>Roberton Reis<\/em><\/p>\n","protected":false},"excerpt":{"rendered":"<p>Na secretaria da Escola Municipal de Educa\u00e7\u00e3o Infantil Alcides Barcelos, que est\u00e1 localizada no bairro Get\u00falio Vargas, h\u00e1 uma escritora de contos, cr\u00f4nicas, romances e poemas, chamada Claudia Jane Maydana.\u00a0 Inclusive, ela j\u00e1 possui alguns livros publicados.<\/p>\n","protected":false},"author":7,"featured_media":0,"comment_status":"closed","ping_status":"closed","sticky":false,"template":"","format":"standard","meta":{"footnotes":""},"categories":[1,13],"tags":[],"class_list":["post-41570","post","type-post","status-publish","format-standard","hentry","category-noticias","category-pedagogico"],"_links":{"self":[{"href":"https:\/\/www.riogrande.rs.gov.br\/smed\/index.php?rest_route=\/wp\/v2\/posts\/41570"}],"collection":[{"href":"https:\/\/www.riogrande.rs.gov.br\/smed\/index.php?rest_route=\/wp\/v2\/posts"}],"about":[{"href":"https:\/\/www.riogrande.rs.gov.br\/smed\/index.php?rest_route=\/wp\/v2\/types\/post"}],"author":[{"embeddable":true,"href":"https:\/\/www.riogrande.rs.gov.br\/smed\/index.php?rest_route=\/wp\/v2\/users\/7"}],"replies":[{"embeddable":true,"href":"https:\/\/www.riogrande.rs.gov.br\/smed\/index.php?rest_route=%2Fwp%2Fv2%2Fcomments&post=41570"}],"version-history":[{"count":1,"href":"https:\/\/www.riogrande.rs.gov.br\/smed\/index.php?rest_route=\/wp\/v2\/posts\/41570\/revisions"}],"predecessor-version":[{"id":41572,"href":"https:\/\/www.riogrande.rs.gov.br\/smed\/index.php?rest_route=\/wp\/v2\/posts\/41570\/revisions\/41572"}],"wp:attachment":[{"href":"https:\/\/www.riogrande.rs.gov.br\/smed\/index.php?rest_route=%2Fwp%2Fv2%2Fmedia&parent=41570"}],"wp:term":[{"taxonomy":"category","embeddable":true,"href":"https:\/\/www.riogrande.rs.gov.br\/smed\/index.php?rest_route=%2Fwp%2Fv2%2Fcategories&post=41570"},{"taxonomy":"post_tag","embeddable":true,"href":"https:\/\/www.riogrande.rs.gov.br\/smed\/index.php?rest_route=%2Fwp%2Fv2%2Ftags&post=41570"}],"curies":[{"name":"wp","href":"https:\/\/api.w.org\/{rel}","templated":true}]}}