{"id":41557,"date":"2021-11-10T16:57:23","date_gmt":"2021-11-10T18:57:23","guid":{"rendered":"https:\/\/www.riogrande.rs.gov.br\/smed\/?p=41557"},"modified":"2021-11-10T17:00:24","modified_gmt":"2021-11-10T19:00:24","slug":"smed-realizou-formacao-sobre-constituicao-de-cpm","status":"publish","type":"post","link":"https:\/\/www.riogrande.rs.gov.br\/smed\/?p=41557","title":{"rendered":"SMEd realizou Forma\u00e7\u00e3o sobre Constitui\u00e7\u00e3o de CPM"},"content":{"rendered":"<div id=\"attachment_41558\" style=\"width: 495px\" class=\"wp-caption aligncenter\"><a href=\"https:\/\/www.riogrande.rs.gov.br\/smed\/wp-content\/uploads\/2021\/11\/20211110-formacao_cpm-image1.jpg\" rel=\"lightbox[41557]\"><img loading=\"lazy\" decoding=\"async\" aria-describedby=\"caption-attachment-41558\" class=\"size-medium wp-image-41558\" src=\"https:\/\/www.riogrande.rs.gov.br\/smed\/wp-content\/uploads\/2021\/11\/20211110-formacao_cpm-image1-485x364.jpg\" alt=\"\" width=\"485\" height=\"364\" srcset=\"https:\/\/www.riogrande.rs.gov.br\/smed\/wp-content\/uploads\/2021\/11\/20211110-formacao_cpm-image1-485x364.jpg 485w, https:\/\/www.riogrande.rs.gov.br\/smed\/wp-content\/uploads\/2021\/11\/20211110-formacao_cpm-image1-768x576.jpg 768w, https:\/\/www.riogrande.rs.gov.br\/smed\/wp-content\/uploads\/2021\/11\/20211110-formacao_cpm-image1-624x468.jpg 624w, https:\/\/www.riogrande.rs.gov.br\/smed\/wp-content\/uploads\/2021\/11\/20211110-formacao_cpm-image1.jpg 800w\" sizes=\"(max-width: 485px) 100vw, 485px\" \/><\/a><p id=\"caption-attachment-41558\" class=\"wp-caption-text\">Divulga\u00e7\u00e3o<\/p><\/div>\n<p style=\"text-align: justify;\"><span style=\"font-weight: 400;\">Na tarde da \u00faltima quinta-feira, dia 04 de novembro, a Secretaria de Munic\u00edpio da Educa\u00e7\u00e3o do Rio Grande (SMEd) realizou, no Centro de Forma\u00e7\u00e3o Escola Viva, Encontro de Forma\u00e7\u00e3o com as escolas da rede municipal que se encontram em fase de estrutura\u00e7\u00e3o dos seus C\u00edrculos de Pais e Mestres (CPM) e, tamb\u00e9m, com escolas que ainda n\u00e3o se encontram habilitadas para o in\u00edcio do processo.<\/span><\/p>\n<p style=\"text-align: justify;\"><!--more--><\/p>\n<p style=\"text-align: justify;\"><span style=\"font-weight: 400;\">A forma\u00e7\u00e3o foi conduzida pelo Secret\u00e1rio Adjunto, Professor Paulo Munhoz, pela Superintendente de Gest\u00e3o da Educa\u00e7\u00e3o, Professora Cec\u00edlia <\/span><span style=\"font-weight: 400;\">Schmutz Pucinelli e pela servidora respons\u00e1vel pelo PDDE, Vera Soller. Na oportunidade, as escolas representadas pelas suas dire\u00e7\u00f5es, receberam informa\u00e7\u00f5es e orienta\u00e7\u00f5es relativas aos procedimentos normativos que regem a cria\u00e7\u00e3o do CPM, seguindo o que rege o Estatuto Padr\u00e3o para C\u00edrculo de Pais e Mestres das Escolas Municipais.<\/span><\/p>\n<p style=\"text-align: justify;\"><span style=\"font-weight: 400;\">Nesse sentido, foi entregue a cada um dos participantes uma c\u00f3pia do \u201c<strong>Manual de Orienta\u00e7\u00e3o para Constitui\u00e7\u00e3o de Unidade Executora Pr\u00f3pria<\/strong>\u201d, do Minist\u00e9rio da Educa\u00e7\u00e3o. O Manual qualifica como \u201c<strong>Unidade Executora<\/strong>\u201d, uma sociedade civil com personalidade jur\u00eddica de direito privado, sem fins lucrativos, que pode ser institu\u00edda por iniciativa da escola, da comunidade ou de ambas. V\u00e1rias s\u00e3o as nomenclaturas utilizadas para denominar Unidade Executora (UEx), como por exemplo: Caixa Escolar, Associa\u00e7\u00e3o de Pais e Mestres, C\u00edrculo de Pais e Mestres, etc.<\/span><\/p>\n<p style=\"text-align: justify;\"><span style=\"font-weight: 400;\">A necessidade da adequa\u00e7\u00e3o por parte das escolas, implementando seus CPMs, est\u00e1 vinculada ao credenciamento que permitir\u00e1 o recebimento de recursos financeiros repassados pelo FNDE, para m\u00faltiplos fins, englobando todo atendimento que uma escola possa gerar, desde fechaduras com problemas at\u00e9 reparos em telhados, por exemplo.<\/span><\/p>\n<p style=\"text-align: justify;\"><span style=\"font-weight: 400;\">Al\u00e9m da EMEB Carmen Regina, participaram da forma\u00e7\u00e3o as Escolas Municipais de Educa\u00e7\u00e3o Infantil Casa da Crian\u00e7a Dr. Augusto Duprat, Castelo Branco, Daisy Guma Pagel, Deborah Thom\u00e9 Say\u00e3o, Eva Mann, Lyons Club, Maria da Gl\u00f3ria Pereira, Verenice Ferreira Gon\u00e7alves; e a EMEF Prof.\u00aa Luiza Sophia Schmidt Tavares.<\/span><\/p>\n<p style=\"text-align: right;\"><em>SMEd<\/em><br \/>\n<em>Roberton Reis<\/em><\/p>\n","protected":false},"excerpt":{"rendered":"<p>Na tarde da \u00faltima quinta-feira, dia 04 de novembro, a Secretaria de Munic\u00edpio da Educa\u00e7\u00e3o do Rio Grande (SMEd) realizou, no Centro de Forma\u00e7\u00e3o Escola Viva, Encontro de Forma\u00e7\u00e3o com as escolas da rede municipal que se encontram em fase de estrutura\u00e7\u00e3o dos seus C\u00edrculos de Pais e Mestres (CPM) e, tamb\u00e9m, com escolas que [&hellip;]<\/p>\n","protected":false},"author":7,"featured_media":0,"comment_status":"closed","ping_status":"closed","sticky":false,"template":"","format":"standard","meta":{"footnotes":""},"categories":[1,12],"tags":[],"class_list":["post-41557","post","type-post","status-publish","format-standard","hentry","category-noticias","category-administrativo"],"_links":{"self":[{"href":"https:\/\/www.riogrande.rs.gov.br\/smed\/index.php?rest_route=\/wp\/v2\/posts\/41557"}],"collection":[{"href":"https:\/\/www.riogrande.rs.gov.br\/smed\/index.php?rest_route=\/wp\/v2\/posts"}],"about":[{"href":"https:\/\/www.riogrande.rs.gov.br\/smed\/index.php?rest_route=\/wp\/v2\/types\/post"}],"author":[{"embeddable":true,"href":"https:\/\/www.riogrande.rs.gov.br\/smed\/index.php?rest_route=\/wp\/v2\/users\/7"}],"replies":[{"embeddable":true,"href":"https:\/\/www.riogrande.rs.gov.br\/smed\/index.php?rest_route=%2Fwp%2Fv2%2Fcomments&post=41557"}],"version-history":[{"count":3,"href":"https:\/\/www.riogrande.rs.gov.br\/smed\/index.php?rest_route=\/wp\/v2\/posts\/41557\/revisions"}],"predecessor-version":[{"id":41563,"href":"https:\/\/www.riogrande.rs.gov.br\/smed\/index.php?rest_route=\/wp\/v2\/posts\/41557\/revisions\/41563"}],"wp:attachment":[{"href":"https:\/\/www.riogrande.rs.gov.br\/smed\/index.php?rest_route=%2Fwp%2Fv2%2Fmedia&parent=41557"}],"wp:term":[{"taxonomy":"category","embeddable":true,"href":"https:\/\/www.riogrande.rs.gov.br\/smed\/index.php?rest_route=%2Fwp%2Fv2%2Fcategories&post=41557"},{"taxonomy":"post_tag","embeddable":true,"href":"https:\/\/www.riogrande.rs.gov.br\/smed\/index.php?rest_route=%2Fwp%2Fv2%2Ftags&post=41557"}],"curies":[{"name":"wp","href":"https:\/\/api.w.org\/{rel}","templated":true}]}}