{"id":41546,"date":"2021-11-10T16:37:17","date_gmt":"2021-11-10T18:37:17","guid":{"rendered":"https:\/\/www.riogrande.rs.gov.br\/smed\/?p=41546"},"modified":"2021-11-10T16:37:17","modified_gmt":"2021-11-10T18:37:17","slug":"smed-repassa-ventiladores-e-aparelhos-de-ar-condicionado-as-escola-da-rede-municipal","status":"publish","type":"post","link":"https:\/\/www.riogrande.rs.gov.br\/smed\/?p=41546","title":{"rendered":"SMED REPASSA VENTILADORES E APARELHOS DE AR CONDICIONADO \u00c0S ESCOLA DA REDE MUNICIPAL"},"content":{"rendered":"\n\t\t<style type=\"text\/css\">\n\t\t\t#gallery-1 {\n\t\t\t\tmargin: auto;\n\t\t\t}\n\t\t\t#gallery-1 .gallery-item {\n\t\t\t\tfloat: left;\n\t\t\t\tmargin-top: 10px;\n\t\t\t\ttext-align: center;\n\t\t\t\twidth: 50%;\n\t\t\t}\n\t\t\t#gallery-1 img {\n\t\t\t\tborder: 2px solid #cfcfcf;\n\t\t\t}\n\t\t\t#gallery-1 .gallery-caption {\n\t\t\t\tmargin-left: 0;\n\t\t\t}\n\t\t\t\/* see gallery_shortcode() in wp-includes\/media.php *\/\n\t\t<\/style>\n\t\t<div id='gallery-1' class='gallery galleryid-41546 gallery-columns-2 gallery-size-thumbnail'><dl class='gallery-item'>\n\t\t\t<dt class='gallery-icon portrait'>\n\t\t\t\t<a href='https:\/\/www.riogrande.rs.gov.br\/smed\/wp-content\/uploads\/2021\/11\/20211110-pmrg2.jpg' rel=\"lightbox[41546]\"><img loading=\"lazy\" decoding=\"async\" width=\"150\" height=\"150\" src=\"https:\/\/www.riogrande.rs.gov.br\/smed\/wp-content\/uploads\/2021\/11\/20211110-pmrg2-150x150.jpg\" class=\"attachment-thumbnail size-thumbnail\" alt=\"\" aria-describedby=\"gallery-1-41548\" \/><\/a>\n\t\t\t<\/dt>\n\t\t\t\t<dd class='wp-caption-text gallery-caption' id='gallery-1-41548'>\n\t\t\t\tDivulga\u00e7\u00e3o\n\t\t\t\t<\/dd><\/dl><dl class='gallery-item'>\n\t\t\t<dt class='gallery-icon landscape'>\n\t\t\t\t<a href='https:\/\/www.riogrande.rs.gov.br\/smed\/wp-content\/uploads\/2021\/11\/20211110-pmrg1.jpg' rel=\"lightbox[41546]\"><img loading=\"lazy\" decoding=\"async\" width=\"150\" height=\"150\" src=\"https:\/\/www.riogrande.rs.gov.br\/smed\/wp-content\/uploads\/2021\/11\/20211110-pmrg1-150x150.jpg\" class=\"attachment-thumbnail size-thumbnail\" alt=\"\" aria-describedby=\"gallery-1-41547\" \/><\/a>\n\t\t\t<\/dt>\n\t\t\t\t<dd class='wp-caption-text gallery-caption' id='gallery-1-41547'>\n\t\t\t\tDivulga\u00e7\u00e3o\n\t\t\t\t<\/dd><\/dl><br style=\"clear: both\" \/>\n\t\t<\/div>\n\n<p style=\"text-align: justify;\">Fonte: <a href=\"https:\/\/www.riogrande.rs.gov.br\/pagina\/smed-repassa-ventiladores-e-aparelhos-de-ar-condicionado-as-escolas-da-rede-municipal\/\" target=\"_blank\" rel=\"noopener\"><strong>www.riogrande.rs.gov.br<\/strong><\/a><\/p>\n<p style=\"text-align: justify;\">Novos ventiladores e aparelhos de ar condicionado v\u00e3o equipar escolas da rede municipal de ensino do munic\u00edpio do Rio Grande. Os equipamentos foram entregues em ato no Sal\u00e3o Nobre Deputado Carlos Santos, na sede da Prefeitura, na tarde desta ter\u00e7a-feira (9), onde compareceram diretoras e representantes das 77 escolas da rede e gestores da Secretaria de Munic\u00edpio da Educa\u00e7\u00e3o (SMEd).<\/p>\n<p><!--more--><\/p>\n<p style=\"text-align: justify;\">No total, foram entregues 210 aparelhos de ar condicionado, 170 ventiladores de coluna e 600 ventiladores de parede. O investimento foi em torno de R$ 377 mil. O secret\u00e1rio da SMEd, Henrique Bernardelli explicou que o ato marca um esfor\u00e7o de dotar e recuperar a infraestrutura das escolas, dando melhores condi\u00e7\u00f5es de trabalho aos professores e servidores. A ideia, conforme o secret\u00e1rio, \u00e9 dotar todas as salas das escolas com condi\u00e7\u00f5es de funcionar com ventiladores e aparelhos de ar condicionado, a fim de manter a condi\u00e7\u00e3o de estudo. \u201c<strong>Se compararmos a estrutura de uma escola particular com as salas de aula da Prefeitura, veremos que temos uma dist\u00e2ncia muito grande a cumprir e todos merecem as mesmas condi\u00e7\u00f5es de trabalho e de aprendizado<\/strong>\u201d, enfatizou.<\/p>\n<p style=\"text-align: justify;\"><strong>Melhorias na infraestrutura<\/strong><\/p>\n<p style=\"text-align: justify;\">Bernardelli afirma que, hoje, a SMEd est\u00e1 empenhada em fazer outras melhorias na rede, como a substitui\u00e7\u00e3o de telhados em 10 escolas. \u201cA primeira \u00e9 a Escola Santana. A medida que for poss\u00edvel avan\u00e7ar nas licita\u00e7\u00f5es, vamos recuperar as demais\u201d, adiantou.<\/p>\n<p style=\"text-align: justify;\">Na \u00e1rea de Inform\u00e1tica, o secret\u00e1rio da SMEd citou que h\u00e1 investimentos sendo feitos. Na pr\u00e1tica, disse que significa a aquisi\u00e7\u00e3o de softwares e outros equipamentos adequados para introdu\u00e7\u00e3o de crian\u00e7as de 8 e 9 anos, por exemplo. \u201c<strong>Isto \u00e9, a inclus\u00e3o digital. \u00c9 um processo que j\u00e1 come\u00e7ou. Esperamos que, no come\u00e7o do pr\u00f3ximo ano, possamos contratar suporte para forma\u00e7\u00e3o de professores (previs\u00e3o \u00e9 um per\u00edodo de adequa\u00e7\u00e3o de 18 meses) e, paralelamente, a inclus\u00e3o do software em salas de aula e atividades complementares<\/strong>\u201d.<\/p>\n<p style=\"text-align: justify;\">No ato, participaram, al\u00e9m do secret\u00e1rio da SMEd e das diretoras e representantes de escolas, o adjunto da Secretaria, Paulo Munhoz, as superintendentes da pasta, Arlete Correa (Pedag\u00f3gica) e Cec\u00edlia Pucinelli (Gest\u00e3o Administrativa) e o vereador Julio Cesar Silva (MDB).<\/p>\n<p style=\"text-align: right;\"><em>Roger da Rosa, jornalista (MTE 6956\/RS)<\/em><br \/>\n<em>Assessoria de Comunica\u00e7\u00e3o Social \u2013 Prefeitura Municipal do Rio Grande<\/em><\/p>\n","protected":false},"excerpt":{"rendered":"<p>Fonte: www.riogrande.rs.gov.br Novos ventiladores e aparelhos de ar condicionado v\u00e3o equipar escolas da rede municipal de ensino do munic\u00edpio do Rio Grande. Os equipamentos foram entregues em ato no Sal\u00e3o Nobre Deputado Carlos Santos, na sede da Prefeitura, na tarde desta ter\u00e7a-feira (9), onde compareceram diretoras e representantes das 77 escolas da rede e gestores [&hellip;]<\/p>\n","protected":false},"author":7,"featured_media":0,"comment_status":"closed","ping_status":"closed","sticky":false,"template":"","format":"standard","meta":{"footnotes":""},"categories":[1],"tags":[],"class_list":["post-41546","post","type-post","status-publish","format-standard","hentry","category-noticias"],"_links":{"self":[{"href":"https:\/\/www.riogrande.rs.gov.br\/smed\/index.php?rest_route=\/wp\/v2\/posts\/41546"}],"collection":[{"href":"https:\/\/www.riogrande.rs.gov.br\/smed\/index.php?rest_route=\/wp\/v2\/posts"}],"about":[{"href":"https:\/\/www.riogrande.rs.gov.br\/smed\/index.php?rest_route=\/wp\/v2\/types\/post"}],"author":[{"embeddable":true,"href":"https:\/\/www.riogrande.rs.gov.br\/smed\/index.php?rest_route=\/wp\/v2\/users\/7"}],"replies":[{"embeddable":true,"href":"https:\/\/www.riogrande.rs.gov.br\/smed\/index.php?rest_route=%2Fwp%2Fv2%2Fcomments&post=41546"}],"version-history":[{"count":2,"href":"https:\/\/www.riogrande.rs.gov.br\/smed\/index.php?rest_route=\/wp\/v2\/posts\/41546\/revisions"}],"predecessor-version":[{"id":41554,"href":"https:\/\/www.riogrande.rs.gov.br\/smed\/index.php?rest_route=\/wp\/v2\/posts\/41546\/revisions\/41554"}],"wp:attachment":[{"href":"https:\/\/www.riogrande.rs.gov.br\/smed\/index.php?rest_route=%2Fwp%2Fv2%2Fmedia&parent=41546"}],"wp:term":[{"taxonomy":"category","embeddable":true,"href":"https:\/\/www.riogrande.rs.gov.br\/smed\/index.php?rest_route=%2Fwp%2Fv2%2Fcategories&post=41546"},{"taxonomy":"post_tag","embeddable":true,"href":"https:\/\/www.riogrande.rs.gov.br\/smed\/index.php?rest_route=%2Fwp%2Fv2%2Ftags&post=41546"}],"curies":[{"name":"wp","href":"https:\/\/api.w.org\/{rel}","templated":true}]}}