{"id":37013,"date":"2019-11-11T17:47:30","date_gmt":"2019-11-11T19:47:30","guid":{"rendered":"http:\/\/www.riogrande.rs.gov.br\/smed\/?p=37013"},"modified":"2019-11-11T17:48:23","modified_gmt":"2019-11-11T19:48:23","slug":"smed-disponibiliza-pedido-de-generos-da-alimentacao-escolar-para-2020","status":"publish","type":"post","link":"https:\/\/www.riogrande.rs.gov.br\/smed\/?p=37013","title":{"rendered":"SMEd disponibiliza Pedido de G\u00eaneros da Alimenta\u00e7\u00e3o Escolar para 2020"},"content":{"rendered":"<div id=\"attachment_26809\" style=\"width: 495px\" class=\"wp-caption aligncenter\"><a href=\"http:\/\/www.riogrande.rs.gov.br\/smed\/wp-content\/uploads\/2018\/06\/20150227-logo_alimentacao_escolar_medio.jpg\" rel=\"lightbox[37013]\"><img loading=\"lazy\" decoding=\"async\" aria-describedby=\"caption-attachment-26809\" class=\"size-medium wp-image-26809\" src=\"http:\/\/www.riogrande.rs.gov.br\/smed\/wp-content\/uploads\/2018\/06\/20150227-logo_alimentacao_escolar_medio-485x276.jpg\" alt=\"\" width=\"485\" height=\"276\" srcset=\"https:\/\/www.riogrande.rs.gov.br\/smed\/wp-content\/uploads\/2018\/06\/20150227-logo_alimentacao_escolar_medio-485x276.jpg 485w, https:\/\/www.riogrande.rs.gov.br\/smed\/wp-content\/uploads\/2018\/06\/20150227-logo_alimentacao_escolar_medio-768x438.jpg 768w, https:\/\/www.riogrande.rs.gov.br\/smed\/wp-content\/uploads\/2018\/06\/20150227-logo_alimentacao_escolar_medio-363x207.jpg 363w, https:\/\/www.riogrande.rs.gov.br\/smed\/wp-content\/uploads\/2018\/06\/20150227-logo_alimentacao_escolar_medio.jpg 800w\" sizes=\"(max-width: 485px) 100vw, 485px\" \/><\/a><p id=\"caption-attachment-26809\" class=\"wp-caption-text\">Divulga\u00e7\u00e3o<\/p><\/div>\n<p style=\"text-align: justify;\"><span style=\"font-weight: 400;\">O <a href=\"http:\/\/www.riogrande.rs.gov.br\/smed\/?page_id=9951\" target=\"_blank\" rel=\"noopener noreferrer\"><strong>N\u00facleo de Alimenta\u00e7\u00e3o Escolar<\/strong><\/a> (NAE) da Secretaria de Munic\u00edpio da Educa\u00e7\u00e3o de Rio Grande (SMEd) est\u00e1 disponibilizando para as escolas da rede p\u00fablica municipal de ensino o \u201c<\/span><a href=\"http:\/\/www.riogrande.rs.gov.br\/smed\/wp-content\/uploads\/2019\/11\/20191111-nae-listagem_de_generos_fevereiro_marco_2020.pdf\" target=\"_blank\" rel=\"noopener noreferrer\"><b>Pedido de G\u00eaneros da Alimenta\u00e7\u00e3o Escolar<\/b><\/a><span style=\"font-weight: 400;\">\u201d, relativo ao in\u00edcio do ano letivo de 2020.<\/span><\/p>\n<p><!--more--><\/p>\n<p style=\"text-align: justify;\"><span style=\"font-weight: 400;\">De acordo com a coordena\u00e7\u00e3o do NAE, os pedidos devem ser preenchidos e enviados via Sistema de Gest\u00e3o de Dados da SMEd (SISMED), at\u00e9 \u00e0s <\/span><b>18h <\/b><span style=\"font-weight: 400;\">do dia <\/span><b>10 de dezembro<\/b><span style=\"font-weight: 400;\">.<\/span><\/p>\n<p style=\"text-align: right;\"><i><span style=\"font-weight: 400;\">SMEd<\/span><\/i><br \/>\n<i><span style=\"font-weight: 400;\">Roberton Reis<\/span><\/i><br \/>\n<i><span style=\"font-weight: 400;\">Com informa\u00e7\u00f5es do NAE<\/span><\/i><\/p>\n","protected":false},"excerpt":{"rendered":"<p>O N\u00facleo de Alimenta\u00e7\u00e3o Escolar (NAE) da Secretaria de Munic\u00edpio da Educa\u00e7\u00e3o de Rio Grande (SMEd) est\u00e1 disponibilizando para as escolas da rede p\u00fablica municipal de ensino o \u201cPedido de G\u00eaneros da Alimenta\u00e7\u00e3o Escolar\u201d, relativo ao in\u00edcio do ano letivo de 2020.<\/p>\n","protected":false},"author":7,"featured_media":0,"comment_status":"closed","ping_status":"closed","sticky":false,"template":"","format":"standard","meta":{"footnotes":""},"categories":[1],"tags":[],"class_list":["post-37013","post","type-post","status-publish","format-standard","hentry","category-noticias"],"_links":{"self":[{"href":"https:\/\/www.riogrande.rs.gov.br\/smed\/index.php?rest_route=\/wp\/v2\/posts\/37013"}],"collection":[{"href":"https:\/\/www.riogrande.rs.gov.br\/smed\/index.php?rest_route=\/wp\/v2\/posts"}],"about":[{"href":"https:\/\/www.riogrande.rs.gov.br\/smed\/index.php?rest_route=\/wp\/v2\/types\/post"}],"author":[{"embeddable":true,"href":"https:\/\/www.riogrande.rs.gov.br\/smed\/index.php?rest_route=\/wp\/v2\/users\/7"}],"replies":[{"embeddable":true,"href":"https:\/\/www.riogrande.rs.gov.br\/smed\/index.php?rest_route=%2Fwp%2Fv2%2Fcomments&post=37013"}],"version-history":[{"count":2,"href":"https:\/\/www.riogrande.rs.gov.br\/smed\/index.php?rest_route=\/wp\/v2\/posts\/37013\/revisions"}],"predecessor-version":[{"id":37017,"href":"https:\/\/www.riogrande.rs.gov.br\/smed\/index.php?rest_route=\/wp\/v2\/posts\/37013\/revisions\/37017"}],"wp:attachment":[{"href":"https:\/\/www.riogrande.rs.gov.br\/smed\/index.php?rest_route=%2Fwp%2Fv2%2Fmedia&parent=37013"}],"wp:term":[{"taxonomy":"category","embeddable":true,"href":"https:\/\/www.riogrande.rs.gov.br\/smed\/index.php?rest_route=%2Fwp%2Fv2%2Fcategories&post=37013"},{"taxonomy":"post_tag","embeddable":true,"href":"https:\/\/www.riogrande.rs.gov.br\/smed\/index.php?rest_route=%2Fwp%2Fv2%2Ftags&post=37013"}],"curies":[{"name":"wp","href":"https:\/\/api.w.org\/{rel}","templated":true}]}}