{"id":37003,"date":"2019-11-11T17:41:01","date_gmt":"2019-11-11T19:41:01","guid":{"rendered":"http:\/\/www.riogrande.rs.gov.br\/smed\/?p=37003"},"modified":"2019-11-11T17:41:01","modified_gmt":"2019-11-11T19:41:01","slug":"prefeitura-homenageia-professoras-e-professores-ja-em-aposentadoria","status":"publish","type":"post","link":"https:\/\/www.riogrande.rs.gov.br\/smed\/?p=37003","title":{"rendered":"PREFEITURA HOMENAGEIA PROFESSORAS E PROFESSORES J\u00c1 EM APOSENTADORIA"},"content":{"rendered":"\n\t\t<style type=\"text\/css\">\n\t\t\t#gallery-1 {\n\t\t\t\tmargin: auto;\n\t\t\t}\n\t\t\t#gallery-1 .gallery-item {\n\t\t\t\tfloat: left;\n\t\t\t\tmargin-top: 10px;\n\t\t\t\ttext-align: center;\n\t\t\t\twidth: 50%;\n\t\t\t}\n\t\t\t#gallery-1 img {\n\t\t\t\tborder: 2px solid #cfcfcf;\n\t\t\t}\n\t\t\t#gallery-1 .gallery-caption {\n\t\t\t\tmargin-left: 0;\n\t\t\t}\n\t\t\t\/* see gallery_shortcode() in wp-includes\/media.php *\/\n\t\t<\/style>\n\t\t<div id='gallery-1' class='gallery galleryid-37003 gallery-columns-2 gallery-size-thumbnail'><dl class='gallery-item'>\n\t\t\t<dt class='gallery-icon landscape'>\n\t\t\t\t<a href='https:\/\/www.riogrande.rs.gov.br\/smed\/wp-content\/uploads\/2019\/11\/20191111-pmrg6.jpg' rel=\"lightbox[37003]\"><img loading=\"lazy\" decoding=\"async\" width=\"150\" height=\"150\" src=\"https:\/\/www.riogrande.rs.gov.br\/smed\/wp-content\/uploads\/2019\/11\/20191111-pmrg6-150x150.jpg\" class=\"attachment-thumbnail size-thumbnail\" alt=\"\" aria-describedby=\"gallery-1-37009\" \/><\/a>\n\t\t\t<\/dt>\n\t\t\t\t<dd class='wp-caption-text gallery-caption' id='gallery-1-37009'>\n\t\t\t\tDivulga\u00e7\u00e3o &#8211; PMRG\n\t\t\t\t<\/dd><\/dl><dl class='gallery-item'>\n\t\t\t<dt class='gallery-icon landscape'>\n\t\t\t\t<a href='https:\/\/www.riogrande.rs.gov.br\/smed\/wp-content\/uploads\/2019\/11\/20191111-pmrg1.jpg' rel=\"lightbox[37003]\"><img loading=\"lazy\" decoding=\"async\" width=\"150\" height=\"150\" src=\"https:\/\/www.riogrande.rs.gov.br\/smed\/wp-content\/uploads\/2019\/11\/20191111-pmrg1-150x150.jpg\" class=\"attachment-thumbnail size-thumbnail\" alt=\"\" aria-describedby=\"gallery-1-37004\" \/><\/a>\n\t\t\t<\/dt>\n\t\t\t\t<dd class='wp-caption-text gallery-caption' id='gallery-1-37004'>\n\t\t\t\tDivulga\u00e7\u00e3o &#8211; PMRG\n\t\t\t\t<\/dd><\/dl><br style=\"clear: both\" \/><dl class='gallery-item'>\n\t\t\t<dt class='gallery-icon landscape'>\n\t\t\t\t<a href='https:\/\/www.riogrande.rs.gov.br\/smed\/wp-content\/uploads\/2019\/11\/20191111-pmrg2.jpg' rel=\"lightbox[37003]\"><img loading=\"lazy\" decoding=\"async\" width=\"150\" height=\"150\" src=\"https:\/\/www.riogrande.rs.gov.br\/smed\/wp-content\/uploads\/2019\/11\/20191111-pmrg2-150x150.jpg\" class=\"attachment-thumbnail size-thumbnail\" alt=\"\" aria-describedby=\"gallery-1-37005\" \/><\/a>\n\t\t\t<\/dt>\n\t\t\t\t<dd class='wp-caption-text gallery-caption' id='gallery-1-37005'>\n\t\t\t\tDivulga\u00e7\u00e3o &#8211; PMRG\n\t\t\t\t<\/dd><\/dl><dl class='gallery-item'>\n\t\t\t<dt class='gallery-icon landscape'>\n\t\t\t\t<a href='https:\/\/www.riogrande.rs.gov.br\/smed\/wp-content\/uploads\/2019\/11\/20191111-pmrg3.jpg' rel=\"lightbox[37003]\"><img loading=\"lazy\" decoding=\"async\" width=\"150\" height=\"150\" src=\"https:\/\/www.riogrande.rs.gov.br\/smed\/wp-content\/uploads\/2019\/11\/20191111-pmrg3-150x150.jpg\" class=\"attachment-thumbnail size-thumbnail\" alt=\"\" aria-describedby=\"gallery-1-37006\" \/><\/a>\n\t\t\t<\/dt>\n\t\t\t\t<dd class='wp-caption-text gallery-caption' id='gallery-1-37006'>\n\t\t\t\tDivulga\u00e7\u00e3o &#8211; PMRG\n\t\t\t\t<\/dd><\/dl><br style=\"clear: both\" \/><dl class='gallery-item'>\n\t\t\t<dt class='gallery-icon landscape'>\n\t\t\t\t<a href='https:\/\/www.riogrande.rs.gov.br\/smed\/wp-content\/uploads\/2019\/11\/20191111-pmrg4.jpg' rel=\"lightbox[37003]\"><img loading=\"lazy\" decoding=\"async\" width=\"150\" height=\"150\" src=\"https:\/\/www.riogrande.rs.gov.br\/smed\/wp-content\/uploads\/2019\/11\/20191111-pmrg4-150x150.jpg\" class=\"attachment-thumbnail size-thumbnail\" alt=\"\" aria-describedby=\"gallery-1-37007\" \/><\/a>\n\t\t\t<\/dt>\n\t\t\t\t<dd class='wp-caption-text gallery-caption' id='gallery-1-37007'>\n\t\t\t\tDivulga\u00e7\u00e3o &#8211; PMRG\n\t\t\t\t<\/dd><\/dl><dl class='gallery-item'>\n\t\t\t<dt class='gallery-icon landscape'>\n\t\t\t\t<a href='https:\/\/www.riogrande.rs.gov.br\/smed\/wp-content\/uploads\/2019\/11\/20191111-pmrg5.jpg' rel=\"lightbox[37003]\"><img loading=\"lazy\" decoding=\"async\" width=\"150\" height=\"150\" src=\"https:\/\/www.riogrande.rs.gov.br\/smed\/wp-content\/uploads\/2019\/11\/20191111-pmrg5-150x150.jpg\" class=\"attachment-thumbnail size-thumbnail\" alt=\"\" aria-describedby=\"gallery-1-37008\" \/><\/a>\n\t\t\t<\/dt>\n\t\t\t\t<dd class='wp-caption-text gallery-caption' id='gallery-1-37008'>\n\t\t\t\tDivulga\u00e7\u00e3o &#8211; PMRG\n\t\t\t\t<\/dd><\/dl><br style=\"clear: both\" \/><dl class='gallery-item'>\n\t\t\t<dt class='gallery-icon landscape'>\n\t\t\t\t<a href='https:\/\/www.riogrande.rs.gov.br\/smed\/wp-content\/uploads\/2019\/11\/20191111-pmrg7.jpg' rel=\"lightbox[37003]\"><img loading=\"lazy\" decoding=\"async\" width=\"150\" height=\"150\" src=\"https:\/\/www.riogrande.rs.gov.br\/smed\/wp-content\/uploads\/2019\/11\/20191111-pmrg7-150x150.jpg\" class=\"attachment-thumbnail size-thumbnail\" alt=\"\" aria-describedby=\"gallery-1-37010\" \/><\/a>\n\t\t\t<\/dt>\n\t\t\t\t<dd class='wp-caption-text gallery-caption' id='gallery-1-37010'>\n\t\t\t\tDivulga\u00e7\u00e3o &#8211; PMRG\n\t\t\t\t<\/dd><\/dl><dl class='gallery-item'>\n\t\t\t<dt class='gallery-icon landscape'>\n\t\t\t\t<a href='https:\/\/www.riogrande.rs.gov.br\/smed\/wp-content\/uploads\/2019\/11\/20191111-pmrg8.jpg' rel=\"lightbox[37003]\"><img loading=\"lazy\" decoding=\"async\" width=\"150\" height=\"150\" src=\"https:\/\/www.riogrande.rs.gov.br\/smed\/wp-content\/uploads\/2019\/11\/20191111-pmrg8-150x150.jpg\" class=\"attachment-thumbnail size-thumbnail\" alt=\"\" aria-describedby=\"gallery-1-37011\" \/><\/a>\n\t\t\t<\/dt>\n\t\t\t\t<dd class='wp-caption-text gallery-caption' id='gallery-1-37011'>\n\t\t\t\tDivulga\u00e7\u00e3o &#8211; PMRG\n\t\t\t\t<\/dd><\/dl><br style=\"clear: both\" \/>\n\t\t<\/div>\n\n<p style=\"text-align: justify;\">Fonte: <a href=\"http:\/\/www.riogrande.rs.gov.br\/prefeitura-homenageia-professoras-e-professores-ja-em-aposentadoria\/\" target=\"_blank\" rel=\"noopener noreferrer\"><strong>www.riogrande.rs.gov.br<\/strong><\/a><\/p>\n<p style=\"text-align: justify;\">A professora Leda Maria dos Santos Teixeira se aposentou h\u00e1 33 anos, em 1986. Na noite de quinta-feira (7), ela foi amparada por uma das filhas e subiu ao palco do Teatro Municipal em Rio Grande para receber uma homenagem da Prefeitura, por interm\u00e9dio da Secretaria de Munic\u00edpio da Educa\u00e7\u00e3o (SMED). Leda Maria era uma das 124 pessoas homenageadas em mais uma atividade comemorativa aos 50 anos da Secretaria. Todas eram professoras ou professores e receberam do Executivo, pela primeira vez e desde que se aposentaram, um certificado que trazia a seguinte inscri\u00e7\u00e3o: \u201cS<strong>er trabalhador(a) em Educa\u00e7\u00e3o \u00e9 buscar melhorias e contribuir para a qualidade do Ensino; \u00e9 estar comprometido(a) aos interesses coletivos; \u00e9 um trabalho carregado de import\u00e2ncia e responsabilidade. E voc\u00ea, h\u00e1 bastante tempo, participa dessa hist\u00f3ria com excel\u00eancia, auxiliando na constru\u00e7\u00e3o e organiza\u00e7\u00e3o da SMED.<\/strong>\u201d O documento foi assinado pelo prefeito Alexandre Lindenmeyer e pela secret\u00e1ria da pasta, Vanessa Pintanel.<\/p>\n<p style=\"text-align: justify;\"><!--more--><br \/>\nAntes de descer do palco, a aposentada e professora Leda Maria foi bastante cumprimentada pelas autoridades e aplaudida pela plat\u00e9ia por ser a mais antiga professora filiada ao Sindicato da categoria. Houve, tamb\u00e9m, um \u201cparab\u00e9ns a voc\u00ea\u201d por parte dos seus familiares e do p\u00fablico presente \u00e0 cerim\u00f4nia. Nesse final de semana, ela comemora 90 anos.<\/p>\n<p style=\"text-align: justify;\">\nTodas as 124 pessoas que tiveram esse reconhecimento do Executivo Municipal representavam 77 escolas municipais. As pr\u00f3prias escolas escolheram quem seriam os professores e ou professoras aposentados(as) que receberiam a homenagem. Uma escolha democr\u00e1tica, na avalia\u00e7\u00e3o dos organizadores do evento.<\/p>\n<p style=\"text-align: justify;\">\nDurante a solenidade, o prefeito Alexandre Lindenmeyer, acompanhado da primeira-dama Eunice Lindenmeyer, disse que, \u00e0 tarde, enquanto assinava os certificados entregues na cerim\u00f4nia, enxergava a vida de cada profissional e a import\u00e2ncia da contribui\u00e7\u00e3o dada por eles \u00e0 Educa\u00e7\u00e3o rio-grandina. Parabanizou aos que, \u201c<strong>de forma t\u00e3o exitosa, contribu\u00edram com o seu conhecimento e sua vida com a Educa\u00e7\u00e3o no munic\u00edpio do Rio Grande, nestes 50 da SMED<\/strong>\u201d.<\/p>\n<p style=\"text-align: justify;\">\nA secret\u00e1ria de Educa\u00e7\u00e3o afirmou que esse era o primeiro ano em que professores e professoras aposentados(as) estavam sendo homenageados pela administra\u00e7\u00e3o municipal. Anunciou que, a partir de agora, e em todos os anos, vai ocorrer essa homenagem. \u201c<strong>No come\u00e7o de 2019, quando come\u00e7amos a elaborar a programa\u00e7\u00e3o dos 50 anos da SMED, vimos que era preciso reconhecer o trabalho e a dedica\u00e7\u00e3o exitosa desses profissionais com a Educa\u00e7\u00e3o em Rio Grande. Hoje, realizamos esse desejo<\/strong>\u201d, comemorou a secret\u00e1ria.<\/p>\n<p style=\"text-align: justify;\">\nNo clima de emo\u00e7\u00e3o, a cerim\u00f4nia foi marcada, tamb\u00e9m, pelas homenagens \u00e0s professoras e professores j\u00e1 falecidos e com uma apresenta\u00e7\u00e3o do grupo da terceira idade Baila Cassino, que abrilhantou o evento com o espet\u00e1culo \u201cA Galeria\u201d, coordenada pela professora Daniela Castro.<br \/>\nPrestigiaram a solenidade a secret\u00e1ria do Gabinete de Programas e Projetos Especiais (GPPE), Darlene Pereira, a vereadora Denise Marques (PT) e o vereador Andr\u00e9 Lemes (PT), a coordenadra do Sintergs, Suzane Marros, a secret\u00e1ria adjunta da SMED, Neci Bandeira, o gerente pedag\u00f3gico da SMED, Felipe Alonso e familiares de quem recebeu a homenagem.<\/p>\n<p style=\"text-align: right;\">\n<em>Assessoria de Comunica\u00e7\u00e3o PMRG<\/em><\/p>\n","protected":false},"excerpt":{"rendered":"<p>Fonte: www.riogrande.rs.gov.br A professora Leda Maria dos Santos Teixeira se aposentou h\u00e1 33 anos, em 1986. Na noite de quinta-feira (7), ela foi amparada por uma das filhas e subiu ao palco do Teatro Municipal em Rio Grande para receber uma homenagem da Prefeitura, por interm\u00e9dio da Secretaria de Munic\u00edpio da Educa\u00e7\u00e3o (SMED). Leda Maria [&hellip;]<\/p>\n","protected":false},"author":7,"featured_media":0,"comment_status":"closed","ping_status":"closed","sticky":false,"template":"","format":"standard","meta":{"footnotes":""},"categories":[1],"tags":[],"class_list":["post-37003","post","type-post","status-publish","format-standard","hentry","category-noticias"],"_links":{"self":[{"href":"https:\/\/www.riogrande.rs.gov.br\/smed\/index.php?rest_route=\/wp\/v2\/posts\/37003"}],"collection":[{"href":"https:\/\/www.riogrande.rs.gov.br\/smed\/index.php?rest_route=\/wp\/v2\/posts"}],"about":[{"href":"https:\/\/www.riogrande.rs.gov.br\/smed\/index.php?rest_route=\/wp\/v2\/types\/post"}],"author":[{"embeddable":true,"href":"https:\/\/www.riogrande.rs.gov.br\/smed\/index.php?rest_route=\/wp\/v2\/users\/7"}],"replies":[{"embeddable":true,"href":"https:\/\/www.riogrande.rs.gov.br\/smed\/index.php?rest_route=%2Fwp%2Fv2%2Fcomments&post=37003"}],"version-history":[{"count":1,"href":"https:\/\/www.riogrande.rs.gov.br\/smed\/index.php?rest_route=\/wp\/v2\/posts\/37003\/revisions"}],"predecessor-version":[{"id":37012,"href":"https:\/\/www.riogrande.rs.gov.br\/smed\/index.php?rest_route=\/wp\/v2\/posts\/37003\/revisions\/37012"}],"wp:attachment":[{"href":"https:\/\/www.riogrande.rs.gov.br\/smed\/index.php?rest_route=%2Fwp%2Fv2%2Fmedia&parent=37003"}],"wp:term":[{"taxonomy":"category","embeddable":true,"href":"https:\/\/www.riogrande.rs.gov.br\/smed\/index.php?rest_route=%2Fwp%2Fv2%2Fcategories&post=37003"},{"taxonomy":"post_tag","embeddable":true,"href":"https:\/\/www.riogrande.rs.gov.br\/smed\/index.php?rest_route=%2Fwp%2Fv2%2Ftags&post=37003"}],"curies":[{"name":"wp","href":"https:\/\/api.w.org\/{rel}","templated":true}]}}