{"id":35038,"date":"2019-08-15T14:13:24","date_gmt":"2019-08-15T17:13:24","guid":{"rendered":"http:\/\/www.riogrande.rs.gov.br\/smed\/?p=35038"},"modified":"2019-08-15T21:11:43","modified_gmt":"2019-08-16T00:11:43","slug":"emei-prof-a-nilza-deu-inicio-ao-projeto-everton-guimaraes-furtado-bombeiros-civis-nas-escolas-no-dia-08","status":"publish","type":"post","link":"https:\/\/www.riogrande.rs.gov.br\/smed\/?p=35038","title":{"rendered":"EMEI Prof.\u00aa Nilza Alves Gon\u00e7alves deu in\u00edcio ao Projeto \u201cEverton Guimar\u00e3es Furtado &#8211; Bombeiros Civis nas Escolas\u201d no dia 08"},"content":{"rendered":"\n\t\t<style type=\"text\/css\">\n\t\t\t#gallery-1 {\n\t\t\t\tmargin: auto;\n\t\t\t}\n\t\t\t#gallery-1 .gallery-item {\n\t\t\t\tfloat: left;\n\t\t\t\tmargin-top: 10px;\n\t\t\t\ttext-align: center;\n\t\t\t\twidth: 50%;\n\t\t\t}\n\t\t\t#gallery-1 img {\n\t\t\t\tborder: 2px solid #cfcfcf;\n\t\t\t}\n\t\t\t#gallery-1 .gallery-caption {\n\t\t\t\tmargin-left: 0;\n\t\t\t}\n\t\t\t\/* see gallery_shortcode() in wp-includes\/media.php *\/\n\t\t<\/style>\n\t\t<div id='gallery-1' class='gallery galleryid-35038 gallery-columns-2 gallery-size-thumbnail'><dl class='gallery-item'>\n\t\t\t<dt class='gallery-icon landscape'>\n\t\t\t\t<a href='https:\/\/www.riogrande.rs.gov.br\/smed\/wp-content\/uploads\/2019\/08\/20190815-ped-nilza-image1.png' rel=\"lightbox[35038]\"><img loading=\"lazy\" decoding=\"async\" width=\"150\" height=\"150\" src=\"https:\/\/www.riogrande.rs.gov.br\/smed\/wp-content\/uploads\/2019\/08\/20190815-ped-nilza-image1-150x150.png\" class=\"attachment-thumbnail size-thumbnail\" alt=\"\" aria-describedby=\"gallery-1-35039\" \/><\/a>\n\t\t\t<\/dt>\n\t\t\t\t<dd class='wp-caption-text gallery-caption' id='gallery-1-35039'>\n\t\t\t\tDivulga\u00e7\u00e3o\n\t\t\t\t<\/dd><\/dl><dl class='gallery-item'>\n\t\t\t<dt class='gallery-icon portrait'>\n\t\t\t\t<a href='https:\/\/www.riogrande.rs.gov.br\/smed\/wp-content\/uploads\/2019\/08\/20190815-ped-nilza-image2.png' rel=\"lightbox[35038]\"><img loading=\"lazy\" decoding=\"async\" width=\"150\" height=\"150\" src=\"https:\/\/www.riogrande.rs.gov.br\/smed\/wp-content\/uploads\/2019\/08\/20190815-ped-nilza-image2-150x150.png\" class=\"attachment-thumbnail size-thumbnail\" alt=\"\" aria-describedby=\"gallery-1-35040\" \/><\/a>\n\t\t\t<\/dt>\n\t\t\t\t<dd class='wp-caption-text gallery-caption' id='gallery-1-35040'>\n\t\t\t\tDivulga\u00e7\u00e3o\n\t\t\t\t<\/dd><\/dl><br style=\"clear: both\" \/><dl class='gallery-item'>\n\t\t\t<dt class='gallery-icon landscape'>\n\t\t\t\t<a href='https:\/\/www.riogrande.rs.gov.br\/smed\/wp-content\/uploads\/2019\/08\/20190815-ped-nilza-image3.png' rel=\"lightbox[35038]\"><img loading=\"lazy\" decoding=\"async\" width=\"150\" height=\"150\" src=\"https:\/\/www.riogrande.rs.gov.br\/smed\/wp-content\/uploads\/2019\/08\/20190815-ped-nilza-image3-150x150.png\" class=\"attachment-thumbnail size-thumbnail\" alt=\"\" aria-describedby=\"gallery-1-35041\" \/><\/a>\n\t\t\t<\/dt>\n\t\t\t\t<dd class='wp-caption-text gallery-caption' id='gallery-1-35041'>\n\t\t\t\tDivulga\u00e7\u00e3o\n\t\t\t\t<\/dd><\/dl><dl class='gallery-item'>\n\t\t\t<dt class='gallery-icon landscape'>\n\t\t\t\t<a href='https:\/\/www.riogrande.rs.gov.br\/smed\/wp-content\/uploads\/2019\/08\/20190815-ped-nilza-image4.png' rel=\"lightbox[35038]\"><img loading=\"lazy\" decoding=\"async\" width=\"150\" height=\"150\" src=\"https:\/\/www.riogrande.rs.gov.br\/smed\/wp-content\/uploads\/2019\/08\/20190815-ped-nilza-image4-150x150.png\" class=\"attachment-thumbnail size-thumbnail\" alt=\"\" aria-describedby=\"gallery-1-35042\" \/><\/a>\n\t\t\t<\/dt>\n\t\t\t\t<dd class='wp-caption-text gallery-caption' id='gallery-1-35042'>\n\t\t\t\tDivulga\u00e7\u00e3o\n\t\t\t\t<\/dd><\/dl><br style=\"clear: both\" \/>\n\t\t<\/div>\n\n<p style=\"text-align: justify;\"><span style=\"font-weight: 400;\">No dia <strong>08 de agosto<\/strong>, a <strong>Escola Municipal de Educa\u00e7\u00e3o Infantil Prof.\u00aa Nilza Alves Gon\u00e7alves<\/strong>, atrav\u00e9s da coordenadora de Projetos dos Bombeiros Civis de Pelotas,\u00a0Geane da Rosa Antunes, deu in\u00edcio ao Projeto \u201c<strong>Everton Guimar\u00e3es Furtado \u2013 Bombeiros Civis nas Escolas<\/strong>\u201d. Na oportunidade, o Instrutor Andr\u00e9 Monteiro, juntamente com os monitores Fernanda Thiel e Eduardo Maciel, ministrou palestra que abordou assuntos relacionados aos Primeiros Socorros B\u00e1sicos a toda equipe educadora..<\/span><\/p>\n<p style=\"text-align: justify;\"><!--more--><\/p>\n<p style=\"text-align: justify;\"><span style=\"font-weight: 400;\">O Projeto visa difundir a Lei Lucas, que foi estabelecida em outubro de 2018, ap\u00f3s a aprova\u00e7\u00e3o da Lei 13.722, a qual tornou obrigat\u00f3ria a capacita\u00e7\u00e3o em no\u00e7\u00f5es b\u00e1sicas de primeiros socorros de professores e funcion\u00e1rios de estabelecimentos de ensino p\u00fablicos e privados de educa\u00e7\u00e3o b\u00e1sica e de estabelecimentos de recrea\u00e7\u00e3o infantil.<\/span><\/p>\n<p style=\"text-align: justify;\"><span style=\"font-weight: 400;\">Por que Lei Lucas? A lei ganhou esse nome em homenagem ao menino Lucas Begalli, que morreu engasgado em uma excurs\u00e3o escolar. As professoras que acompanhavam os(as) alunos(as) n\u00e3o sabiam como agir e n\u00e3o conseguiram salvar a vida do garoto. O engasgo \u00e9 uma das situa\u00e7\u00f5es com as quais o treinamento ensina a lidar. A dor da trag\u00e9dia levou a fam\u00edlia de Lucas a lutar para proteger outras crian\u00e7as desse risco. O esfor\u00e7o valeu a pena com a aprova\u00e7\u00e3o da lei no Congresso Nacional, ap\u00f3s anos de luta. Com a adequa\u00e7\u00e3o de todas as escolas, casos como o de Lucas n\u00e3o voltar\u00e3o a acontecer.<\/span><\/p>\n<p style=\"text-align: justify;\"><span style=\"font-weight: 400;\">Nesta sexta-feira, dia <\/span><b>16 de agosto<\/b><span style=\"font-weight: 400;\">, \u00e0s <\/span><b>08h30min<\/b><span style=\"font-weight: 400;\"> e \u00e0s <\/span><b>13h30min<\/b><span style=\"font-weight: 400;\">, a EMEI Prof.\u00aa Nilza Alves Gon\u00e7alves, em parceria com o Corpo de Bombeiro Civil-Pel\/RS, estar\u00e1 oferecendo \u00e0s fam\u00edlias um momento de no\u00e7\u00f5es b\u00e1sicas sobre como agir em situa\u00e7\u00f5es de Combate ao Inc\u00eandio e Primeiros Socorros.\u00a0<\/span><\/p>\n<p style=\"text-align: right;\"><em><span style=\"font-weight: 400;\">SMEd<\/span><\/em><br \/>\n<em><span style=\"font-weight: 400;\">Roberton Reis<\/span><\/em><br \/>\n<em><span style=\"font-weight: 400;\">Com informa\u00e7\u00f5es da EMEI Prof.\u00aa Nilza Alves Gon\u00e7alves<\/span><\/em><\/p>\n","protected":false},"excerpt":{"rendered":"<p>No dia 08 de agosto, a Escola Municipal de Educa\u00e7\u00e3o Infantil Prof.\u00aa Nilza Alves Gon\u00e7alves, atrav\u00e9s da coordenadora de Projetos dos Bombeiros Civis de Pelotas,\u00a0Geane da Rosa Antunes, deu in\u00edcio ao Projeto \u201cEverton Guimar\u00e3es Furtado \u2013 Bombeiros Civis nas Escolas\u201d. Na oportunidade, o Instrutor Andr\u00e9 Monteiro, juntamente com os monitores Fernanda Thiel e Eduardo Maciel, [&hellip;]<\/p>\n","protected":false},"author":7,"featured_media":0,"comment_status":"closed","ping_status":"closed","sticky":false,"template":"","format":"standard","meta":{"footnotes":""},"categories":[1,13],"tags":[],"class_list":["post-35038","post","type-post","status-publish","format-standard","hentry","category-noticias","category-pedagogico"],"_links":{"self":[{"href":"https:\/\/www.riogrande.rs.gov.br\/smed\/index.php?rest_route=\/wp\/v2\/posts\/35038"}],"collection":[{"href":"https:\/\/www.riogrande.rs.gov.br\/smed\/index.php?rest_route=\/wp\/v2\/posts"}],"about":[{"href":"https:\/\/www.riogrande.rs.gov.br\/smed\/index.php?rest_route=\/wp\/v2\/types\/post"}],"author":[{"embeddable":true,"href":"https:\/\/www.riogrande.rs.gov.br\/smed\/index.php?rest_route=\/wp\/v2\/users\/7"}],"replies":[{"embeddable":true,"href":"https:\/\/www.riogrande.rs.gov.br\/smed\/index.php?rest_route=%2Fwp%2Fv2%2Fcomments&post=35038"}],"version-history":[{"count":5,"href":"https:\/\/www.riogrande.rs.gov.br\/smed\/index.php?rest_route=\/wp\/v2\/posts\/35038\/revisions"}],"predecessor-version":[{"id":35051,"href":"https:\/\/www.riogrande.rs.gov.br\/smed\/index.php?rest_route=\/wp\/v2\/posts\/35038\/revisions\/35051"}],"wp:attachment":[{"href":"https:\/\/www.riogrande.rs.gov.br\/smed\/index.php?rest_route=%2Fwp%2Fv2%2Fmedia&parent=35038"}],"wp:term":[{"taxonomy":"category","embeddable":true,"href":"https:\/\/www.riogrande.rs.gov.br\/smed\/index.php?rest_route=%2Fwp%2Fv2%2Fcategories&post=35038"},{"taxonomy":"post_tag","embeddable":true,"href":"https:\/\/www.riogrande.rs.gov.br\/smed\/index.php?rest_route=%2Fwp%2Fv2%2Ftags&post=35038"}],"curies":[{"name":"wp","href":"https:\/\/api.w.org\/{rel}","templated":true}]}}