{"id":35032,"date":"2019-08-15T13:59:07","date_gmt":"2019-08-15T16:59:07","guid":{"rendered":"http:\/\/www.riogrande.rs.gov.br\/smed\/?p=35032"},"modified":"2019-08-15T13:59:07","modified_gmt":"2019-08-15T16:59:07","slug":"emef-navegantes-promove-4a-edicao-da-pedalada-da-familia-neste-sabado-dia-17","status":"publish","type":"post","link":"https:\/\/www.riogrande.rs.gov.br\/smed\/?p=35032","title":{"rendered":"EMEF Navegantes promove \u201c4\u00aa edi\u00e7\u00e3o da Pedalada da Fam\u00edlia\u201d neste s\u00e1bado, dia 17"},"content":{"rendered":"<div id=\"attachment_35033\" style=\"width: 495px\" class=\"wp-caption aligncenter\"><a href=\"http:\/\/www.riogrande.rs.gov.br\/smed\/wp-content\/uploads\/2019\/08\/20190815-ped-navegantes-image1.jpg\" rel=\"lightbox[35032]\"><img loading=\"lazy\" decoding=\"async\" aria-describedby=\"caption-attachment-35033\" class=\"size-medium wp-image-35033\" src=\"http:\/\/www.riogrande.rs.gov.br\/smed\/wp-content\/uploads\/2019\/08\/20190815-ped-navegantes-image1-485x485.jpg\" alt=\"\" width=\"485\" height=\"485\" srcset=\"https:\/\/www.riogrande.rs.gov.br\/smed\/wp-content\/uploads\/2019\/08\/20190815-ped-navegantes-image1-485x485.jpg 485w, https:\/\/www.riogrande.rs.gov.br\/smed\/wp-content\/uploads\/2019\/08\/20190815-ped-navegantes-image1-150x150.jpg 150w, https:\/\/www.riogrande.rs.gov.br\/smed\/wp-content\/uploads\/2019\/08\/20190815-ped-navegantes-image1-768x768.jpg 768w, https:\/\/www.riogrande.rs.gov.br\/smed\/wp-content\/uploads\/2019\/08\/20190815-ped-navegantes-image1-207x207.jpg 207w, https:\/\/www.riogrande.rs.gov.br\/smed\/wp-content\/uploads\/2019\/08\/20190815-ped-navegantes-image1-624x624.jpg 624w, https:\/\/www.riogrande.rs.gov.br\/smed\/wp-content\/uploads\/2019\/08\/20190815-ped-navegantes-image1.jpg 800w\" sizes=\"(max-width: 485px) 100vw, 485px\" \/><\/a><p id=\"caption-attachment-35033\" class=\"wp-caption-text\">Divulga\u00e7\u00e3o<\/p><\/div>\n<p style=\"text-align: justify;\"><span style=\"font-weight: 400;\">A <\/span><b>Escola Municipal de Ensino Fundamental Navegantes<\/b><span style=\"font-weight: 400;\">, que est\u00e1 localizada no bairro hom\u00f4nimo, realizar\u00e1, neste s\u00e1bado, dia <\/span><b>17 de agosto<\/b><span style=\"font-weight: 400;\">, \u00e0s <\/span><b>09h<\/b><span style=\"font-weight: 400;\">, a \u201c<\/span><b>4\u00aa edi\u00e7\u00e3o da Pedalada da Fam\u00edlia<\/b><span style=\"font-weight: 400;\">\u201d.<\/span><span style=\"font-weight: 400;\"> \u201cA<\/span><span style=\"font-weight: 400;\"> Pedalada j\u00e1 \u00e9 um marco entre a comunidade escolar da EMEF Navegantes. Al\u00e9m de toda a equipe diretiva,\u00a0 professores(as), funcion\u00e1rias e alunos(as), convidamos aos familiares, amigos, parentes e simpatizantes da Escola para que participem deste evento\u201d, destacou a diretora <\/span><span style=\"font-weight: 400;\">Andreia Ferreira da Silva.<\/span><\/p>\n<p style=\"text-align: right;\"><em><span style=\"font-weight: 400;\">SMEd<\/span><\/em><br \/>\n<em><span style=\"font-weight: 400;\">Roberton Reis<\/span><\/em><br \/>\n<em><span style=\"font-weight: 400;\">Com informa\u00e7\u00f5es da EMEF Navegantes<\/span><\/em><\/p>\n","protected":false},"excerpt":{"rendered":"<p>A Escola Municipal de Ensino Fundamental Navegantes, que est\u00e1 localizada no bairro hom\u00f4nimo, realizar\u00e1, neste s\u00e1bado, dia 17 de agosto, \u00e0s 09h, a \u201c4\u00aa edi\u00e7\u00e3o da Pedalada da Fam\u00edlia\u201d. \u201cA Pedalada j\u00e1 \u00e9 um marco entre a comunidade escolar da EMEF Navegantes. Al\u00e9m de toda a equipe diretiva,\u00a0 professores(as), funcion\u00e1rias e alunos(as), convidamos aos familiares, [&hellip;]<\/p>\n","protected":false},"author":7,"featured_media":0,"comment_status":"closed","ping_status":"closed","sticky":false,"template":"","format":"standard","meta":{"footnotes":""},"categories":[1,12,13],"tags":[],"class_list":["post-35032","post","type-post","status-publish","format-standard","hentry","category-noticias","category-administrativo","category-pedagogico"],"_links":{"self":[{"href":"https:\/\/www.riogrande.rs.gov.br\/smed\/index.php?rest_route=\/wp\/v2\/posts\/35032"}],"collection":[{"href":"https:\/\/www.riogrande.rs.gov.br\/smed\/index.php?rest_route=\/wp\/v2\/posts"}],"about":[{"href":"https:\/\/www.riogrande.rs.gov.br\/smed\/index.php?rest_route=\/wp\/v2\/types\/post"}],"author":[{"embeddable":true,"href":"https:\/\/www.riogrande.rs.gov.br\/smed\/index.php?rest_route=\/wp\/v2\/users\/7"}],"replies":[{"embeddable":true,"href":"https:\/\/www.riogrande.rs.gov.br\/smed\/index.php?rest_route=%2Fwp%2Fv2%2Fcomments&post=35032"}],"version-history":[{"count":1,"href":"https:\/\/www.riogrande.rs.gov.br\/smed\/index.php?rest_route=\/wp\/v2\/posts\/35032\/revisions"}],"predecessor-version":[{"id":35034,"href":"https:\/\/www.riogrande.rs.gov.br\/smed\/index.php?rest_route=\/wp\/v2\/posts\/35032\/revisions\/35034"}],"wp:attachment":[{"href":"https:\/\/www.riogrande.rs.gov.br\/smed\/index.php?rest_route=%2Fwp%2Fv2%2Fmedia&parent=35032"}],"wp:term":[{"taxonomy":"category","embeddable":true,"href":"https:\/\/www.riogrande.rs.gov.br\/smed\/index.php?rest_route=%2Fwp%2Fv2%2Fcategories&post=35032"},{"taxonomy":"post_tag","embeddable":true,"href":"https:\/\/www.riogrande.rs.gov.br\/smed\/index.php?rest_route=%2Fwp%2Fv2%2Ftags&post=35032"}],"curies":[{"name":"wp","href":"https:\/\/api.w.org\/{rel}","templated":true}]}}