{"id":35029,"date":"2019-08-15T13:53:32","date_gmt":"2019-08-15T16:53:32","guid":{"rendered":"http:\/\/www.riogrande.rs.gov.br\/smed\/?p=35029"},"modified":"2019-08-15T13:53:32","modified_gmt":"2019-08-15T16:53:32","slug":"dia-da-familia-na-emef-dr-anselmo-dias-lopes-acontece-neste-sabado-17","status":"publish","type":"post","link":"https:\/\/www.riogrande.rs.gov.br\/smed\/?p=35029","title":{"rendered":"\u201cDia da Fam\u00edlia\u201d na EMEF Dr. Anselmo Dias Lopes acontece neste s\u00e1bado, 17"},"content":{"rendered":"<div id=\"attachment_35030\" style=\"width: 495px\" class=\"wp-caption aligncenter\"><a href=\"http:\/\/www.riogrande.rs.gov.br\/smed\/wp-content\/uploads\/2019\/08\/20190815-ped-anselmo-image1.png\" rel=\"lightbox[35029]\"><img loading=\"lazy\" decoding=\"async\" aria-describedby=\"caption-attachment-35030\" class=\"size-medium wp-image-35030\" src=\"http:\/\/www.riogrande.rs.gov.br\/smed\/wp-content\/uploads\/2019\/08\/20190815-ped-anselmo-image1-485x451.png\" alt=\"\" width=\"485\" height=\"451\" srcset=\"https:\/\/www.riogrande.rs.gov.br\/smed\/wp-content\/uploads\/2019\/08\/20190815-ped-anselmo-image1-485x451.png 485w, https:\/\/www.riogrande.rs.gov.br\/smed\/wp-content\/uploads\/2019\/08\/20190815-ped-anselmo-image1-222x207.png 222w, https:\/\/www.riogrande.rs.gov.br\/smed\/wp-content\/uploads\/2019\/08\/20190815-ped-anselmo-image1.png 593w\" sizes=\"(max-width: 485px) 100vw, 485px\" \/><\/a><p id=\"caption-attachment-35030\" class=\"wp-caption-text\">Divulga\u00e7\u00e3o<\/p><\/div>\n<p style=\"text-align: justify;\"><span style=\"font-weight: 400;\">A <\/span><b>Escola Municipal de Ensino Fundamental Dr. Anselmo Dias Lopes<\/b><span style=\"font-weight: 400;\">, que est\u00e1 localizada no bairro Vila Maria,<\/span> <span style=\"font-weight: 400;\">promover\u00e1, no pr\u00f3ximo s\u00e1bado, dia <\/span><b>17 de agosto<\/b><span style=\"font-weight: 400;\">, \u00e0s <\/span><b>09h30min<\/b><span style=\"font-weight: 400;\">, um momento especial e divertido de intera\u00e7\u00e3o entre as fam\u00edlias e a institui\u00e7\u00e3o escolar, intitulado \u201c<\/span><b>Dia da Fam\u00edlia na Escola<\/b><span style=\"font-weight: 400;\">\u201d.<\/span><\/p>\n<p dir=\"ltr\" style=\"text-align: justify;\"><!--more--><\/p>\n<p style=\"text-align: justify;\"><span style=\"font-weight: 400;\">De acordo com a diretora da Escola, <\/span><span style=\"font-weight: 400;\">Roberta Freitas Teixeira, \u201c<\/span><b>este momento faz parte das atividades relativas ao M\u00eas da Fam\u00edlia, as quais est\u00e3o sendo realizadas durante o m\u00eas de agosto na EMEF Dr. Anselmo Dias Lopes<\/b><span style=\"font-weight: 400;\">\u201d.<\/span><\/p>\n<p>&nbsp;<\/p>\n<p style=\"text-align: right;\"><em>SMEd<\/em><br \/>\n<em>Roberton Reis<\/em><br \/>\n<em>Com informa\u00e7\u00f5es da EMEF Dr. Anselmo Dias Lopes<\/em><\/p>\n","protected":false},"excerpt":{"rendered":"<p>A Escola Municipal de Ensino Fundamental Dr. Anselmo Dias Lopes, que est\u00e1 localizada no bairro Vila Maria, promover\u00e1, no pr\u00f3ximo s\u00e1bado, dia 17 de agosto, \u00e0s 09h30min, um momento especial e divertido de intera\u00e7\u00e3o entre as fam\u00edlias e a institui\u00e7\u00e3o escolar, intitulado \u201cDia da Fam\u00edlia na Escola\u201d.<\/p>\n","protected":false},"author":7,"featured_media":0,"comment_status":"closed","ping_status":"closed","sticky":false,"template":"","format":"standard","meta":{"footnotes":""},"categories":[1,13],"tags":[],"class_list":["post-35029","post","type-post","status-publish","format-standard","hentry","category-noticias","category-pedagogico"],"_links":{"self":[{"href":"https:\/\/www.riogrande.rs.gov.br\/smed\/index.php?rest_route=\/wp\/v2\/posts\/35029"}],"collection":[{"href":"https:\/\/www.riogrande.rs.gov.br\/smed\/index.php?rest_route=\/wp\/v2\/posts"}],"about":[{"href":"https:\/\/www.riogrande.rs.gov.br\/smed\/index.php?rest_route=\/wp\/v2\/types\/post"}],"author":[{"embeddable":true,"href":"https:\/\/www.riogrande.rs.gov.br\/smed\/index.php?rest_route=\/wp\/v2\/users\/7"}],"replies":[{"embeddable":true,"href":"https:\/\/www.riogrande.rs.gov.br\/smed\/index.php?rest_route=%2Fwp%2Fv2%2Fcomments&post=35029"}],"version-history":[{"count":1,"href":"https:\/\/www.riogrande.rs.gov.br\/smed\/index.php?rest_route=\/wp\/v2\/posts\/35029\/revisions"}],"predecessor-version":[{"id":35031,"href":"https:\/\/www.riogrande.rs.gov.br\/smed\/index.php?rest_route=\/wp\/v2\/posts\/35029\/revisions\/35031"}],"wp:attachment":[{"href":"https:\/\/www.riogrande.rs.gov.br\/smed\/index.php?rest_route=%2Fwp%2Fv2%2Fmedia&parent=35029"}],"wp:term":[{"taxonomy":"category","embeddable":true,"href":"https:\/\/www.riogrande.rs.gov.br\/smed\/index.php?rest_route=%2Fwp%2Fv2%2Fcategories&post=35029"},{"taxonomy":"post_tag","embeddable":true,"href":"https:\/\/www.riogrande.rs.gov.br\/smed\/index.php?rest_route=%2Fwp%2Fv2%2Ftags&post=35029"}],"curies":[{"name":"wp","href":"https:\/\/api.w.org\/{rel}","templated":true}]}}