{"id":35020,"date":"2019-08-14T14:37:03","date_gmt":"2019-08-14T17:37:03","guid":{"rendered":"http:\/\/www.riogrande.rs.gov.br\/smed\/?p=35020"},"modified":"2019-08-14T14:37:43","modified_gmt":"2019-08-14T17:37:43","slug":"emef-altamir-de-lacerda-nascimento-alunosas-das-turmas-dos-5o-anos-participaram-da-aula-inaugural-do-proerd","status":"publish","type":"post","link":"https:\/\/www.riogrande.rs.gov.br\/smed\/?p=35020","title":{"rendered":"EMEF Altamir de Lacerda Nascimento: Alunos(as) das Turmas dos 5\u00ba Anos participaram da Aula Inaugural do PROERD"},"content":{"rendered":"\n\t\t<style type=\"text\/css\">\n\t\t\t#gallery-1 {\n\t\t\t\tmargin: auto;\n\t\t\t}\n\t\t\t#gallery-1 .gallery-item {\n\t\t\t\tfloat: left;\n\t\t\t\tmargin-top: 10px;\n\t\t\t\ttext-align: center;\n\t\t\t\twidth: 50%;\n\t\t\t}\n\t\t\t#gallery-1 img {\n\t\t\t\tborder: 2px solid #cfcfcf;\n\t\t\t}\n\t\t\t#gallery-1 .gallery-caption {\n\t\t\t\tmargin-left: 0;\n\t\t\t}\n\t\t\t\/* see gallery_shortcode() in wp-includes\/media.php *\/\n\t\t<\/style>\n\t\t<div id='gallery-1' class='gallery galleryid-35020 gallery-columns-2 gallery-size-thumbnail'><dl class='gallery-item'>\n\t\t\t<dt class='gallery-icon landscape'>\n\t\t\t\t<a href='https:\/\/www.riogrande.rs.gov.br\/smed\/wp-content\/uploads\/2019\/08\/20190814-ped-altamir-image1.jpg' rel=\"lightbox[35020]\"><img loading=\"lazy\" decoding=\"async\" width=\"150\" height=\"150\" src=\"https:\/\/www.riogrande.rs.gov.br\/smed\/wp-content\/uploads\/2019\/08\/20190814-ped-altamir-image1-150x150.jpg\" class=\"attachment-thumbnail size-thumbnail\" alt=\"\" aria-describedby=\"gallery-1-35022\" \/><\/a>\n\t\t\t<\/dt>\n\t\t\t\t<dd class='wp-caption-text gallery-caption' id='gallery-1-35022'>\n\t\t\t\tDivulga\u00e7\u00e3o\n\t\t\t\t<\/dd><\/dl><dl class='gallery-item'>\n\t\t\t<dt class='gallery-icon landscape'>\n\t\t\t\t<a href='https:\/\/www.riogrande.rs.gov.br\/smed\/wp-content\/uploads\/2019\/08\/20190814-ped-altamir-image2.jpg' rel=\"lightbox[35020]\"><img loading=\"lazy\" decoding=\"async\" width=\"150\" height=\"150\" src=\"https:\/\/www.riogrande.rs.gov.br\/smed\/wp-content\/uploads\/2019\/08\/20190814-ped-altamir-image2-150x150.jpg\" class=\"attachment-thumbnail size-thumbnail\" alt=\"\" aria-describedby=\"gallery-1-35023\" \/><\/a>\n\t\t\t<\/dt>\n\t\t\t\t<dd class='wp-caption-text gallery-caption' id='gallery-1-35023'>\n\t\t\t\tDivulga\u00e7\u00e3o\n\t\t\t\t<\/dd><\/dl><br style=\"clear: both\" \/>\n\t\t<\/div>\n\n<p style=\"text-align: justify;\">No dia <b>06 de agosto<\/b> (ter\u00e7a-feira), os(as) estudantes das turmas dos 5\u00b0 Anos da <b>Escola Municipal de Ensino Fundamental Altamir de Lacerda Nascimento<\/b>, que est\u00e1 localizada no bairro Bernardete, participaram da Aula Inaugural do <b>PROERD<\/b> (Programa Educacional de Resist\u00eancia \u00e0s Drogas e \u00e0 Viol\u00eancia), sob a orienta\u00e7\u00e3o do Soldado Barros, da Brigada Militar.<\/p>\n<p><!--more--><\/p>\n<p style=\"text-align: justify;\">O programa, que teve origem nos Estados Unidos, em 1983, j\u00e1 \u00e9 desenvolvido em mais de 58 pa\u00edses. No Brasil, iniciou em 1992, no Rio de Janeiro,\u00a0 e desenvolve a\u00e7\u00f5es conjuntas entre a Pol\u00edcia Militar, professores(as), estudantes e pais, para prevenir e reduzir o uso de drogas e viol\u00eancia na comunidade escolar.<\/p>\n<p>&nbsp;<\/p>\n<p style=\"text-align: right;\"><em>SMEd<\/em><br \/>\n<em>Roberton Reis<\/em><br \/>\n<em>Com informa\u00e7\u00f5es da EMEF Altamir de Lacerda Nascimento<\/em><\/p>\n","protected":false},"excerpt":{"rendered":"<p>No dia 06 de agosto (ter\u00e7a-feira), os(as) estudantes das turmas dos 5\u00b0 Anos da Escola Municipal de Ensino Fundamental Altamir de Lacerda Nascimento, que est\u00e1 localizada no bairro Bernardete, participaram da Aula Inaugural do PROERD (Programa Educacional de Resist\u00eancia \u00e0s Drogas e \u00e0 Viol\u00eancia), sob a orienta\u00e7\u00e3o do Soldado Barros, da Brigada Militar.<\/p>\n","protected":false},"author":7,"featured_media":0,"comment_status":"closed","ping_status":"closed","sticky":false,"template":"","format":"standard","meta":{"footnotes":""},"categories":[1,13],"tags":[],"class_list":["post-35020","post","type-post","status-publish","format-standard","hentry","category-noticias","category-pedagogico"],"_links":{"self":[{"href":"https:\/\/www.riogrande.rs.gov.br\/smed\/index.php?rest_route=\/wp\/v2\/posts\/35020"}],"collection":[{"href":"https:\/\/www.riogrande.rs.gov.br\/smed\/index.php?rest_route=\/wp\/v2\/posts"}],"about":[{"href":"https:\/\/www.riogrande.rs.gov.br\/smed\/index.php?rest_route=\/wp\/v2\/types\/post"}],"author":[{"embeddable":true,"href":"https:\/\/www.riogrande.rs.gov.br\/smed\/index.php?rest_route=\/wp\/v2\/users\/7"}],"replies":[{"embeddable":true,"href":"https:\/\/www.riogrande.rs.gov.br\/smed\/index.php?rest_route=%2Fwp%2Fv2%2Fcomments&post=35020"}],"version-history":[{"count":2,"href":"https:\/\/www.riogrande.rs.gov.br\/smed\/index.php?rest_route=\/wp\/v2\/posts\/35020\/revisions"}],"predecessor-version":[{"id":35024,"href":"https:\/\/www.riogrande.rs.gov.br\/smed\/index.php?rest_route=\/wp\/v2\/posts\/35020\/revisions\/35024"}],"wp:attachment":[{"href":"https:\/\/www.riogrande.rs.gov.br\/smed\/index.php?rest_route=%2Fwp%2Fv2%2Fmedia&parent=35020"}],"wp:term":[{"taxonomy":"category","embeddable":true,"href":"https:\/\/www.riogrande.rs.gov.br\/smed\/index.php?rest_route=%2Fwp%2Fv2%2Fcategories&post=35020"},{"taxonomy":"post_tag","embeddable":true,"href":"https:\/\/www.riogrande.rs.gov.br\/smed\/index.php?rest_route=%2Fwp%2Fv2%2Ftags&post=35020"}],"curies":[{"name":"wp","href":"https:\/\/api.w.org\/{rel}","templated":true}]}}