{"id":35003,"date":"2019-08-13T14:04:31","date_gmt":"2019-08-13T17:04:31","guid":{"rendered":"http:\/\/www.riogrande.rs.gov.br\/smed\/?p=35003"},"modified":"2019-08-13T14:04:31","modified_gmt":"2019-08-13T17:04:31","slug":"galeria-breche-da-ebahl-promoveu-vernissage-da-artista-maria-dos-santos-lilja-no-dia-08","status":"publish","type":"post","link":"https:\/\/www.riogrande.rs.gov.br\/smed\/?p=35003","title":{"rendered":"Galeria Breche da EBAHL promoveu \u201cVernissage\u201d da Artista Maria dos Santos Lilja no dia 08"},"content":{"rendered":"\n\t\t<style type=\"text\/css\">\n\t\t\t#gallery-1 {\n\t\t\t\tmargin: auto;\n\t\t\t}\n\t\t\t#gallery-1 .gallery-item {\n\t\t\t\tfloat: left;\n\t\t\t\tmargin-top: 10px;\n\t\t\t\ttext-align: center;\n\t\t\t\twidth: 50%;\n\t\t\t}\n\t\t\t#gallery-1 img {\n\t\t\t\tborder: 2px solid #cfcfcf;\n\t\t\t}\n\t\t\t#gallery-1 .gallery-caption {\n\t\t\t\tmargin-left: 0;\n\t\t\t}\n\t\t\t\/* see gallery_shortcode() in wp-includes\/media.php *\/\n\t\t<\/style>\n\t\t<div id='gallery-1' class='gallery galleryid-35003 gallery-columns-2 gallery-size-thumbnail'><dl class='gallery-item'>\n\t\t\t<dt class='gallery-icon landscape'>\n\t\t\t\t<a href='https:\/\/www.riogrande.rs.gov.br\/smed\/wp-content\/uploads\/2019\/08\/20190813-ped-ebahl-image1.jpg' rel=\"lightbox[35003]\"><img loading=\"lazy\" decoding=\"async\" width=\"150\" height=\"150\" src=\"https:\/\/www.riogrande.rs.gov.br\/smed\/wp-content\/uploads\/2019\/08\/20190813-ped-ebahl-image1-150x150.jpg\" class=\"attachment-thumbnail size-thumbnail\" alt=\"\" aria-describedby=\"gallery-1-35004\" \/><\/a>\n\t\t\t<\/dt>\n\t\t\t\t<dd class='wp-caption-text gallery-caption' id='gallery-1-35004'>\n\t\t\t\tDivulga\u00e7\u00e3o\n\t\t\t\t<\/dd><\/dl><dl class='gallery-item'>\n\t\t\t<dt class='gallery-icon landscape'>\n\t\t\t\t<a href='https:\/\/www.riogrande.rs.gov.br\/smed\/wp-content\/uploads\/2019\/08\/20190813-ped-ebahl-image2.jpg' rel=\"lightbox[35003]\"><img loading=\"lazy\" decoding=\"async\" width=\"150\" height=\"150\" src=\"https:\/\/www.riogrande.rs.gov.br\/smed\/wp-content\/uploads\/2019\/08\/20190813-ped-ebahl-image2-150x150.jpg\" class=\"attachment-thumbnail size-thumbnail\" alt=\"\" aria-describedby=\"gallery-1-35005\" \/><\/a>\n\t\t\t<\/dt>\n\t\t\t\t<dd class='wp-caption-text gallery-caption' id='gallery-1-35005'>\n\t\t\t\tDivulga\u00e7\u00e3o\n\t\t\t\t<\/dd><\/dl><br style=\"clear: both\" \/><dl class='gallery-item'>\n\t\t\t<dt class='gallery-icon landscape'>\n\t\t\t\t<a href='https:\/\/www.riogrande.rs.gov.br\/smed\/wp-content\/uploads\/2019\/08\/20190813-ped-ebahl-image3.jpg' rel=\"lightbox[35003]\"><img loading=\"lazy\" decoding=\"async\" width=\"150\" height=\"150\" src=\"https:\/\/www.riogrande.rs.gov.br\/smed\/wp-content\/uploads\/2019\/08\/20190813-ped-ebahl-image3-150x150.jpg\" class=\"attachment-thumbnail size-thumbnail\" alt=\"\" aria-describedby=\"gallery-1-35006\" \/><\/a>\n\t\t\t<\/dt>\n\t\t\t\t<dd class='wp-caption-text gallery-caption' id='gallery-1-35006'>\n\t\t\t\tDivulga\u00e7\u00e3o\n\t\t\t\t<\/dd><\/dl><dl class='gallery-item'>\n\t\t\t<dt class='gallery-icon portrait'>\n\t\t\t\t<a href='https:\/\/www.riogrande.rs.gov.br\/smed\/wp-content\/uploads\/2019\/08\/20190813-ped-ebahl-image4.jpg' rel=\"lightbox[35003]\"><img loading=\"lazy\" decoding=\"async\" width=\"150\" height=\"150\" src=\"https:\/\/www.riogrande.rs.gov.br\/smed\/wp-content\/uploads\/2019\/08\/20190813-ped-ebahl-image4-150x150.jpg\" class=\"attachment-thumbnail size-thumbnail\" alt=\"\" aria-describedby=\"gallery-1-35007\" \/><\/a>\n\t\t\t<\/dt>\n\t\t\t\t<dd class='wp-caption-text gallery-caption' id='gallery-1-35007'>\n\t\t\t\tDivulga\u00e7\u00e3o\n\t\t\t\t<\/dd><\/dl><br style=\"clear: both\" \/>\n\t\t<\/div>\n\n<p style=\"text-align: justify;\">No in\u00edcio da noite da \u00faltima quinta-feira, dia <b>08 de agosto<\/b>, a <b>Galeria Breche da Escola de Belas Artes Heitor de Lemos<\/b> (EBAHL) realizou a <i>vernissage<\/i> da artista Maria dos Santos Lilja, que \u00e9 formada em Administra\u00e7\u00e3o de Empresas e vem se dedicando \u00e0 fotografia\u00a0 h\u00e1 12 anos.<\/p>\n<p style=\"text-align: justify;\"><!--more--><\/p>\n<p style=\"text-align: justify;\">Sua forma\u00e7\u00e3o em fotografia a levou a participar de cursos com fot\u00f3grafos renomados, como Everton Rosa e Luiza Canella, entre outros. Participa anualmente de feiras e eventos relacionados \u00e0 fotografia, sempre em busca de aperfei\u00e7oamento e da avalia\u00e7\u00e3o de seu trabalho como profissional da \u00e1rea. Segundo seus clientes, o diferencial de seu trabalho \u00e9 fazer com que seus modelos sintam-se em casa para que possa registrar seus melhores momentos.<\/p>\n<p style=\"text-align: justify;\">Nesta exposi\u00e7\u00e3o, intitulada \u201c<b>O mais belo est\u00fadio do interior do Rio Grande<\/b>\u201d, Maria Lilja traz o seu olhar sobre as nossas paisagens locais, tentando mostrar um pouco de cada lugar, a beleza de nossas vegeta\u00e7\u00f5es e os retratos que costuma fazer com seus clientes.<\/p>\n<p style=\"text-align: justify;\">A exposi\u00e7\u00e3o estar\u00e1 aberta \u00e0 visita\u00e7\u00e3o at\u00e9 o dia <b>27 de agosto<\/b>, das <b>8h30min \u00e0s 20h30min<\/b>, na\u00a0 Galeria da EBAHL, que est\u00e1 localizada na rua Jockey Club,194.<\/p>\n<p style=\"text-align: right;\"><i>SMEd<\/i><br \/>\n<i>Roberton Reis<\/i><br \/>\n<i>Com informa\u00e7\u00f5es da EBAHL<\/i><\/p>\n","protected":false},"excerpt":{"rendered":"<p>No in\u00edcio da noite da \u00faltima quinta-feira, dia 08 de agosto, a Galeria Breche da Escola de Belas Artes Heitor de Lemos (EBAHL) realizou a vernissage da artista Maria dos Santos Lilja, que \u00e9 formada em Administra\u00e7\u00e3o de Empresas e vem se dedicando \u00e0 fotografia\u00a0 h\u00e1 12 anos.<\/p>\n","protected":false},"author":7,"featured_media":0,"comment_status":"closed","ping_status":"closed","sticky":false,"template":"","format":"standard","meta":{"footnotes":""},"categories":[1,13],"tags":[],"class_list":["post-35003","post","type-post","status-publish","format-standard","hentry","category-noticias","category-pedagogico"],"_links":{"self":[{"href":"https:\/\/www.riogrande.rs.gov.br\/smed\/index.php?rest_route=\/wp\/v2\/posts\/35003"}],"collection":[{"href":"https:\/\/www.riogrande.rs.gov.br\/smed\/index.php?rest_route=\/wp\/v2\/posts"}],"about":[{"href":"https:\/\/www.riogrande.rs.gov.br\/smed\/index.php?rest_route=\/wp\/v2\/types\/post"}],"author":[{"embeddable":true,"href":"https:\/\/www.riogrande.rs.gov.br\/smed\/index.php?rest_route=\/wp\/v2\/users\/7"}],"replies":[{"embeddable":true,"href":"https:\/\/www.riogrande.rs.gov.br\/smed\/index.php?rest_route=%2Fwp%2Fv2%2Fcomments&post=35003"}],"version-history":[{"count":1,"href":"https:\/\/www.riogrande.rs.gov.br\/smed\/index.php?rest_route=\/wp\/v2\/posts\/35003\/revisions"}],"predecessor-version":[{"id":35008,"href":"https:\/\/www.riogrande.rs.gov.br\/smed\/index.php?rest_route=\/wp\/v2\/posts\/35003\/revisions\/35008"}],"wp:attachment":[{"href":"https:\/\/www.riogrande.rs.gov.br\/smed\/index.php?rest_route=%2Fwp%2Fv2%2Fmedia&parent=35003"}],"wp:term":[{"taxonomy":"category","embeddable":true,"href":"https:\/\/www.riogrande.rs.gov.br\/smed\/index.php?rest_route=%2Fwp%2Fv2%2Fcategories&post=35003"},{"taxonomy":"post_tag","embeddable":true,"href":"https:\/\/www.riogrande.rs.gov.br\/smed\/index.php?rest_route=%2Fwp%2Fv2%2Ftags&post=35003"}],"curies":[{"name":"wp","href":"https:\/\/api.w.org\/{rel}","templated":true}]}}