{"id":35000,"date":"2019-08-13T13:59:29","date_gmt":"2019-08-13T16:59:29","guid":{"rendered":"http:\/\/www.riogrande.rs.gov.br\/smed\/?p=35000"},"modified":"2019-08-13T13:59:29","modified_gmt":"2019-08-13T16:59:29","slug":"ceamecim-furg-promove-palestra-a-educacao-em-ciencias-e-o-livro-didatico-em-tempos-de-disputas-no-dia-22","status":"publish","type":"post","link":"https:\/\/www.riogrande.rs.gov.br\/smed\/?p=35000","title":{"rendered":"CEAMECIM\/Furg promove Palestra \u201cA Educa\u00e7\u00e3o em Ci\u00eancias e o Livro Did\u00e1tico em tempos de disputas\u201d, no dia 22"},"content":{"rendered":"<div id=\"attachment_35001\" style=\"width: 495px\" class=\"wp-caption aligncenter\"><a href=\"http:\/\/www.riogrande.rs.gov.br\/smed\/wp-content\/uploads\/2019\/08\/20190813-ped-ceamecim-image1.jpg\" rel=\"lightbox[35000]\"><img loading=\"lazy\" decoding=\"async\" aria-describedby=\"caption-attachment-35001\" class=\"size-medium wp-image-35001\" src=\"http:\/\/www.riogrande.rs.gov.br\/smed\/wp-content\/uploads\/2019\/08\/20190813-ped-ceamecim-image1-485x734.jpg\" alt=\"\" width=\"485\" height=\"734\" srcset=\"https:\/\/www.riogrande.rs.gov.br\/smed\/wp-content\/uploads\/2019\/08\/20190813-ped-ceamecim-image1-485x734.jpg 485w, https:\/\/www.riogrande.rs.gov.br\/smed\/wp-content\/uploads\/2019\/08\/20190813-ped-ceamecim-image1-137x207.jpg 137w, https:\/\/www.riogrande.rs.gov.br\/smed\/wp-content\/uploads\/2019\/08\/20190813-ped-ceamecim-image1.jpg 611w\" sizes=\"(max-width: 485px) 100vw, 485px\" \/><\/a><p id=\"caption-attachment-35001\" class=\"wp-caption-text\">Divulga\u00e7\u00e3o<\/p><\/div>\n<p style=\"text-align: justify;\">O Centro de Educa\u00e7\u00e3o Ambiental, Ci\u00eancias e Matem\u00e1tica (CEAMECIM) da Universidade Federal do Rio Grande (Furg) promover\u00e1, no dia <b>22 de agosto<\/b> (quinta-feira), \u00e0s <b>8h30min<\/b>, a Palestra &#8220;<b>A Educa\u00e7\u00e3o em Ci\u00eancias e o Livro Did\u00e1tico em tempos de disputas<\/b>&#8220;, com a Prof.\u00aa Dr.\u00aa Elenita Pinheiro de Queiroz Silva, da Universidade Federal de Uberl\u00e2ndia (UFU).<\/p>\n<p style=\"text-align: justify;\"><!--more--><\/p>\n<p style=\"text-align: justify;\">De acordo com a Professora Fabiane Dionello Branco, do CEAMECIM, \u201c<strong>o<\/strong><b> evento, que acontecer\u00e1 na Sala de Videoconfer\u00eancia do CEAMECIM (Furg\/Campus Carreiros), \u00e9 de extrema import\u00e2ncia por estarmos vivenciando a adequa\u00e7\u00e3o da BNCC, do RCG e do RCR<\/b>\u201d.<\/p>\n<p style=\"text-align: right;\">\n<p style=\"text-align: right;\"><em>SMEd<\/em><br \/>\n<em>Roberton Reis<\/em><\/p>\n","protected":false},"excerpt":{"rendered":"<p>O Centro de Educa\u00e7\u00e3o Ambiental, Ci\u00eancias e Matem\u00e1tica (CEAMECIM) da Universidade Federal do Rio Grande (Furg) promover\u00e1, no dia 22 de agosto (quinta-feira), \u00e0s 8h30min, a Palestra &#8220;A Educa\u00e7\u00e3o em Ci\u00eancias e o Livro Did\u00e1tico em tempos de disputas&#8220;, com a Prof.\u00aa Dr.\u00aa Elenita Pinheiro de Queiroz Silva, da Universidade Federal de Uberl\u00e2ndia (UFU).<\/p>\n","protected":false},"author":7,"featured_media":0,"comment_status":"closed","ping_status":"closed","sticky":false,"template":"","format":"standard","meta":{"footnotes":""},"categories":[1,13],"tags":[],"class_list":["post-35000","post","type-post","status-publish","format-standard","hentry","category-noticias","category-pedagogico"],"_links":{"self":[{"href":"https:\/\/www.riogrande.rs.gov.br\/smed\/index.php?rest_route=\/wp\/v2\/posts\/35000"}],"collection":[{"href":"https:\/\/www.riogrande.rs.gov.br\/smed\/index.php?rest_route=\/wp\/v2\/posts"}],"about":[{"href":"https:\/\/www.riogrande.rs.gov.br\/smed\/index.php?rest_route=\/wp\/v2\/types\/post"}],"author":[{"embeddable":true,"href":"https:\/\/www.riogrande.rs.gov.br\/smed\/index.php?rest_route=\/wp\/v2\/users\/7"}],"replies":[{"embeddable":true,"href":"https:\/\/www.riogrande.rs.gov.br\/smed\/index.php?rest_route=%2Fwp%2Fv2%2Fcomments&post=35000"}],"version-history":[{"count":1,"href":"https:\/\/www.riogrande.rs.gov.br\/smed\/index.php?rest_route=\/wp\/v2\/posts\/35000\/revisions"}],"predecessor-version":[{"id":35002,"href":"https:\/\/www.riogrande.rs.gov.br\/smed\/index.php?rest_route=\/wp\/v2\/posts\/35000\/revisions\/35002"}],"wp:attachment":[{"href":"https:\/\/www.riogrande.rs.gov.br\/smed\/index.php?rest_route=%2Fwp%2Fv2%2Fmedia&parent=35000"}],"wp:term":[{"taxonomy":"category","embeddable":true,"href":"https:\/\/www.riogrande.rs.gov.br\/smed\/index.php?rest_route=%2Fwp%2Fv2%2Fcategories&post=35000"},{"taxonomy":"post_tag","embeddable":true,"href":"https:\/\/www.riogrande.rs.gov.br\/smed\/index.php?rest_route=%2Fwp%2Fv2%2Ftags&post=35000"}],"curies":[{"name":"wp","href":"https:\/\/api.w.org\/{rel}","templated":true}]}}