{"id":34994,"date":"2019-08-13T13:48:47","date_gmt":"2019-08-13T16:48:47","guid":{"rendered":"http:\/\/www.riogrande.rs.gov.br\/smed\/?p=34994"},"modified":"2019-08-13T13:48:47","modified_gmt":"2019-08-13T16:48:47","slug":"4o-encontro-formativo-do-curso-de-producao-de-material-didatico-sobre-a-cidade-do-rio-grande-da-smed-acontece-no-dia-20","status":"publish","type":"post","link":"https:\/\/www.riogrande.rs.gov.br\/smed\/?p=34994","title":{"rendered":"4\u00ba Encontro Formativo do Curso de \u201cProdu\u00e7\u00e3o de Material Did\u00e1tico sobre a cidade do Rio Grande\u201d da SMEd acontece no dia 20"},"content":{"rendered":"<p style=\"text-align: justify;\">A Secretaria de Munic\u00edpio da Educa\u00e7\u00e3o de Rio Grande (SMEd), atrav\u00e9s do N\u00facleo dos Anos Iniciais, realizar\u00e1, no dia <b>20 de agosto<\/b>, <b>das 13h30min \u00e0s 17h<\/b>, na <b>Unicesumar<\/b>, que est\u00e1 localizada na rua General Neto, 215, bairro Centro, o quarto encontro do processo formativo de \u201c<b>Produ\u00e7\u00e3o de Material Did\u00e1tico sobre a cidade do Rio Grande<\/b>\u201d. A Forma\u00e7\u00e3o \u00e9 dirigida aos(\u00e0s) Professores(as) de 4\u00ba ano do Ensino Fundamental que atuam nas escolas da rede p\u00fablica municipal de Rio Grande.<\/p>\n<p style=\"text-align: right;\"><em>SMEd<\/em><br \/>\n<em>Roberton Reis<\/em><br \/>\n<em>Com informa\u00e7\u00f5es do N\u00facleo dos Anos Iniciais<\/em><\/p>\n","protected":false},"excerpt":{"rendered":"<p>A Secretaria de Munic\u00edpio da Educa\u00e7\u00e3o de Rio Grande (SMEd), atrav\u00e9s do N\u00facleo dos Anos Iniciais, realizar\u00e1, no dia 20 de agosto, das 13h30min \u00e0s 17h, na Unicesumar, que est\u00e1 localizada na rua General Neto, 215, bairro Centro, o quarto encontro do processo formativo de \u201cProdu\u00e7\u00e3o de Material Did\u00e1tico sobre a cidade do Rio Grande\u201d. [&hellip;]<\/p>\n","protected":false},"author":7,"featured_media":0,"comment_status":"closed","ping_status":"closed","sticky":false,"template":"","format":"standard","meta":{"footnotes":""},"categories":[1,13],"tags":[],"class_list":["post-34994","post","type-post","status-publish","format-standard","hentry","category-noticias","category-pedagogico"],"_links":{"self":[{"href":"https:\/\/www.riogrande.rs.gov.br\/smed\/index.php?rest_route=\/wp\/v2\/posts\/34994"}],"collection":[{"href":"https:\/\/www.riogrande.rs.gov.br\/smed\/index.php?rest_route=\/wp\/v2\/posts"}],"about":[{"href":"https:\/\/www.riogrande.rs.gov.br\/smed\/index.php?rest_route=\/wp\/v2\/types\/post"}],"author":[{"embeddable":true,"href":"https:\/\/www.riogrande.rs.gov.br\/smed\/index.php?rest_route=\/wp\/v2\/users\/7"}],"replies":[{"embeddable":true,"href":"https:\/\/www.riogrande.rs.gov.br\/smed\/index.php?rest_route=%2Fwp%2Fv2%2Fcomments&post=34994"}],"version-history":[{"count":1,"href":"https:\/\/www.riogrande.rs.gov.br\/smed\/index.php?rest_route=\/wp\/v2\/posts\/34994\/revisions"}],"predecessor-version":[{"id":34995,"href":"https:\/\/www.riogrande.rs.gov.br\/smed\/index.php?rest_route=\/wp\/v2\/posts\/34994\/revisions\/34995"}],"wp:attachment":[{"href":"https:\/\/www.riogrande.rs.gov.br\/smed\/index.php?rest_route=%2Fwp%2Fv2%2Fmedia&parent=34994"}],"wp:term":[{"taxonomy":"category","embeddable":true,"href":"https:\/\/www.riogrande.rs.gov.br\/smed\/index.php?rest_route=%2Fwp%2Fv2%2Fcategories&post=34994"},{"taxonomy":"post_tag","embeddable":true,"href":"https:\/\/www.riogrande.rs.gov.br\/smed\/index.php?rest_route=%2Fwp%2Fv2%2Ftags&post=34994"}],"curies":[{"name":"wp","href":"https:\/\/api.w.org\/{rel}","templated":true}]}}