{"id":34967,"date":"2019-08-12T15:40:57","date_gmt":"2019-08-12T18:40:57","guid":{"rendered":"http:\/\/www.riogrande.rs.gov.br\/smed\/?p=34967"},"modified":"2019-08-12T17:49:51","modified_gmt":"2019-08-12T20:49:51","slug":"3a-edicao-do-festival-danca-estudantes-periodo-de-inscricoes-vai-ate-o-dia-20-de-setembro","status":"publish","type":"post","link":"https:\/\/www.riogrande.rs.gov.br\/smed\/?p=34967","title":{"rendered":"3\u00aa Edi\u00e7\u00e3o do Festival \u201cDan\u00e7a Estudantes\u201d: per\u00edodo de inscri\u00e7\u00f5es vai at\u00e9 o dia 20 de setembro"},"content":{"rendered":"<div id=\"attachment_34968\" style=\"width: 495px\" class=\"wp-caption aligncenter\"><a href=\"http:\/\/www.riogrande.rs.gov.br\/smed\/wp-content\/uploads\/2019\/08\/20190812-ped-danca-image1.jpg\" rel=\"lightbox[34967]\"><img loading=\"lazy\" decoding=\"async\" aria-describedby=\"caption-attachment-34968\" class=\"size-medium wp-image-34968\" src=\"http:\/\/www.riogrande.rs.gov.br\/smed\/wp-content\/uploads\/2019\/08\/20190812-ped-danca-image1-485x489.jpg\" alt=\"\" width=\"485\" height=\"489\" srcset=\"https:\/\/www.riogrande.rs.gov.br\/smed\/wp-content\/uploads\/2019\/08\/20190812-ped-danca-image1-485x489.jpg 485w, https:\/\/www.riogrande.rs.gov.br\/smed\/wp-content\/uploads\/2019\/08\/20190812-ped-danca-image1-150x150.jpg 150w, https:\/\/www.riogrande.rs.gov.br\/smed\/wp-content\/uploads\/2019\/08\/20190812-ped-danca-image1-768x774.jpg 768w, https:\/\/www.riogrande.rs.gov.br\/smed\/wp-content\/uploads\/2019\/08\/20190812-ped-danca-image1-205x207.jpg 205w, https:\/\/www.riogrande.rs.gov.br\/smed\/wp-content\/uploads\/2019\/08\/20190812-ped-danca-image1-624x629.jpg 624w, https:\/\/www.riogrande.rs.gov.br\/smed\/wp-content\/uploads\/2019\/08\/20190812-ped-danca-image1.jpg 800w\" sizes=\"(max-width: 485px) 100vw, 485px\" \/><\/a><p id=\"caption-attachment-34968\" class=\"wp-caption-text\">Divulga\u00e7\u00e3o<\/p><\/div>\n<p style=\"text-align: justify;\">A Secretaria de Munic\u00edpio da Educa\u00e7\u00e3o de Rio Grande (SMEd), atrav\u00e9s da <strong>Escola Municipal de Inicia\u00e7\u00e3o Esportiva Ney Amado Costa<\/strong>, e em parceria com a Associa\u00e7\u00e3o Cultural Rio Grande em A\u00e7\u00e3o e a Universidade Federal do Rio Grande (FURG), promover\u00e1, no dia <b>27 de setembro<\/b>, das <b>16h \u00e0s 22h<\/b>, no <b>Centro Integrado de Desenvolvimento Costeiro e Oce\u00e2nico<\/b> (CIDEC-SUL\/FURG), a 3\u00aa edi\u00e7\u00e3o do \u201c<b>Dan\u00e7a Estudantes<\/b>\u201d, evento que promove a Dan\u00e7a, nas suas diferentes modalidades.<\/p>\n<p><!--more--><\/p>\n<p style=\"text-align: justify;\">Trata-se de um festival competitivo, que promover\u00e1 o interc\u00e2mbio da Dan\u00e7a entre as Escolas de Educa\u00e7\u00e3o B\u00e1sica do Munic\u00edpio do Rio Grande e proporcionar\u00e1 a troca de experi\u00eancias, entre alunos(as) e professores(as), que tiverem o interesse em apresentar suas composi\u00e7\u00f5es coreogr\u00e1ficas. O objetivo do Dan\u00e7a Estudantes \u00e9 valorizar, difundir e incentivar o talento dos(as) alunos(as) atrav\u00e9s da Arte do Movimento, evidenciando todo o potencial criativo de cada segmento art\u00edstico escolar, visto que a Dan\u00e7a \u00e9 um instrumento de suma import\u00e2ncia para o desenvolvimento sociocultural, contribuindo no processo de transmiss\u00e3o do conhecimento, de forma significativa, na forma\u00e7\u00e3o do(a) aluno(a) como um todo.<\/p>\n<p style=\"text-align: justify;\">Para obter maiores informa\u00e7\u00f5es sobre o 3\u00ba Festival Dan\u00e7a Estudantes, acesse o <a href=\"http:\/\/www.riogrande.rs.gov.br\/smed\/wp-content\/uploads\/2019\/08\/20190812-ped-danca_estudante_2019-regulamento_claudinei_costa.docx\" target=\"_blank\" rel=\"noopener noreferrer\"><b>Regulamento<\/b><\/a>. Para realizar a inscri\u00e7\u00e3o no Festival, acesse a <a href=\"http:\/\/www.riogrande.rs.gov.br\/smed\/wp-content\/uploads\/2019\/08\/20190812-ped-danca_estudante_2019-ficha_de_inscricao.pdf\" target=\"_blank\" rel=\"noopener noreferrer\"><b>Ficha de Inscri\u00e7\u00e3o<\/b><\/a>.<\/p>\n<p>&nbsp;<\/p>\n<p style=\"text-align: right;\"><em>SMEd<\/em><br \/>\n<em>Roberton Reis<\/em><br \/>\n<em>Com informa\u00e7\u00f5es da EMIE Ney Amado Costa<\/em><\/p>\n","protected":false},"excerpt":{"rendered":"<p>A Secretaria de Munic\u00edpio da Educa\u00e7\u00e3o de Rio Grande (SMEd), atrav\u00e9s da Escola Municipal de Inicia\u00e7\u00e3o Esportiva Ney Amado Costa, e em parceria com a Associa\u00e7\u00e3o Cultural Rio Grande em A\u00e7\u00e3o e a Universidade Federal do Rio Grande (FURG), promover\u00e1, no dia 27 de setembro, das 16h \u00e0s 22h, no Centro Integrado de Desenvolvimento Costeiro [&hellip;]<\/p>\n","protected":false},"author":7,"featured_media":0,"comment_status":"closed","ping_status":"closed","sticky":false,"template":"","format":"standard","meta":{"footnotes":""},"categories":[1,13],"tags":[],"class_list":["post-34967","post","type-post","status-publish","format-standard","hentry","category-noticias","category-pedagogico"],"_links":{"self":[{"href":"https:\/\/www.riogrande.rs.gov.br\/smed\/index.php?rest_route=\/wp\/v2\/posts\/34967"}],"collection":[{"href":"https:\/\/www.riogrande.rs.gov.br\/smed\/index.php?rest_route=\/wp\/v2\/posts"}],"about":[{"href":"https:\/\/www.riogrande.rs.gov.br\/smed\/index.php?rest_route=\/wp\/v2\/types\/post"}],"author":[{"embeddable":true,"href":"https:\/\/www.riogrande.rs.gov.br\/smed\/index.php?rest_route=\/wp\/v2\/users\/7"}],"replies":[{"embeddable":true,"href":"https:\/\/www.riogrande.rs.gov.br\/smed\/index.php?rest_route=%2Fwp%2Fv2%2Fcomments&post=34967"}],"version-history":[{"count":3,"href":"https:\/\/www.riogrande.rs.gov.br\/smed\/index.php?rest_route=\/wp\/v2\/posts\/34967\/revisions"}],"predecessor-version":[{"id":34991,"href":"https:\/\/www.riogrande.rs.gov.br\/smed\/index.php?rest_route=\/wp\/v2\/posts\/34967\/revisions\/34991"}],"wp:attachment":[{"href":"https:\/\/www.riogrande.rs.gov.br\/smed\/index.php?rest_route=%2Fwp%2Fv2%2Fmedia&parent=34967"}],"wp:term":[{"taxonomy":"category","embeddable":true,"href":"https:\/\/www.riogrande.rs.gov.br\/smed\/index.php?rest_route=%2Fwp%2Fv2%2Fcategories&post=34967"},{"taxonomy":"post_tag","embeddable":true,"href":"https:\/\/www.riogrande.rs.gov.br\/smed\/index.php?rest_route=%2Fwp%2Fv2%2Ftags&post=34967"}],"curies":[{"name":"wp","href":"https:\/\/api.w.org\/{rel}","templated":true}]}}