{"id":34954,"date":"2019-08-12T15:25:23","date_gmt":"2019-08-12T18:25:23","guid":{"rendered":"http:\/\/www.riogrande.rs.gov.br\/smed\/?p=34954"},"modified":"2019-08-12T15:25:23","modified_gmt":"2019-08-12T18:25:23","slug":"smed-promove-encontro-formativo-para-osas-professoresas-dos-5o-anos-do-ensino-fundamental-de-nove-anos-nesta-quinta-feira-dia-15","status":"publish","type":"post","link":"https:\/\/www.riogrande.rs.gov.br\/smed\/?p=34954","title":{"rendered":"SMEd promove Encontro Formativo para os(as) Professores(as) dos 5\u00ba Anos do Ensino Fundamental de Nove Anos, nesta quinta-feira, dia 15"},"content":{"rendered":"<p style=\"text-align: justify;\">A Secretaria de Munic\u00edpio da Educa\u00e7\u00e3o de Rio Grande (SMEd), atrav\u00e9s do N\u00facleo dos Anos Iniciais, promove, nesta quinta-feira, dia <b>15 de agosto<\/b>, \u00e0s <b>13h30min<\/b>, no <b>Audit\u00f3rio da EMEF Cipriano Porto Alegre<\/b>, Encontro Formativo para os(as) professores(as) das escolas da rede p\u00fablica municipal de ensino que atuam com as turmas de 5\u00ba Anos, para tratar sobre o \u201c<b>Estudo da BNCC e do Referencial Curricular Ga\u00facho nos Anos Iniciais<\/b>\u201d.<\/p>\n<p>&nbsp;<\/p>\n<p style=\"text-align: right;\"><em>SMEd<\/em><br \/>\n<em>Roberton Reis<\/em><br \/>\n<em>Com informa\u00e7\u00f5es do N\u00facleo dos Anos Iniciais<\/em><\/p>\n","protected":false},"excerpt":{"rendered":"<p>A Secretaria de Munic\u00edpio da Educa\u00e7\u00e3o de Rio Grande (SMEd), atrav\u00e9s do N\u00facleo dos Anos Iniciais, promove, nesta quinta-feira, dia 15 de agosto, \u00e0s 13h30min, no Audit\u00f3rio da EMEF Cipriano Porto Alegre, Encontro Formativo para os(as) professores(as) das escolas da rede p\u00fablica municipal de ensino que atuam com as turmas de 5\u00ba Anos, para tratar [&hellip;]<\/p>\n","protected":false},"author":7,"featured_media":0,"comment_status":"closed","ping_status":"closed","sticky":false,"template":"","format":"standard","meta":{"footnotes":""},"categories":[1,13],"tags":[],"class_list":["post-34954","post","type-post","status-publish","format-standard","hentry","category-noticias","category-pedagogico"],"_links":{"self":[{"href":"https:\/\/www.riogrande.rs.gov.br\/smed\/index.php?rest_route=\/wp\/v2\/posts\/34954"}],"collection":[{"href":"https:\/\/www.riogrande.rs.gov.br\/smed\/index.php?rest_route=\/wp\/v2\/posts"}],"about":[{"href":"https:\/\/www.riogrande.rs.gov.br\/smed\/index.php?rest_route=\/wp\/v2\/types\/post"}],"author":[{"embeddable":true,"href":"https:\/\/www.riogrande.rs.gov.br\/smed\/index.php?rest_route=\/wp\/v2\/users\/7"}],"replies":[{"embeddable":true,"href":"https:\/\/www.riogrande.rs.gov.br\/smed\/index.php?rest_route=%2Fwp%2Fv2%2Fcomments&post=34954"}],"version-history":[{"count":1,"href":"https:\/\/www.riogrande.rs.gov.br\/smed\/index.php?rest_route=\/wp\/v2\/posts\/34954\/revisions"}],"predecessor-version":[{"id":34955,"href":"https:\/\/www.riogrande.rs.gov.br\/smed\/index.php?rest_route=\/wp\/v2\/posts\/34954\/revisions\/34955"}],"wp:attachment":[{"href":"https:\/\/www.riogrande.rs.gov.br\/smed\/index.php?rest_route=%2Fwp%2Fv2%2Fmedia&parent=34954"}],"wp:term":[{"taxonomy":"category","embeddable":true,"href":"https:\/\/www.riogrande.rs.gov.br\/smed\/index.php?rest_route=%2Fwp%2Fv2%2Fcategories&post=34954"},{"taxonomy":"post_tag","embeddable":true,"href":"https:\/\/www.riogrande.rs.gov.br\/smed\/index.php?rest_route=%2Fwp%2Fv2%2Ftags&post=34954"}],"curies":[{"name":"wp","href":"https:\/\/api.w.org\/{rel}","templated":true}]}}