{"id":34946,"date":"2019-08-09T16:21:43","date_gmt":"2019-08-09T19:21:43","guid":{"rendered":"http:\/\/www.riogrande.rs.gov.br\/smed\/?p=34946"},"modified":"2019-08-09T16:22:32","modified_gmt":"2019-08-09T19:22:32","slug":"parceria-entre-furg-e-smed-oferece-formacao-continuada-para-professoresas-alfabetizadoresas-em-inicio-de-carreira","status":"publish","type":"post","link":"https:\/\/www.riogrande.rs.gov.br\/smed\/?p=34946","title":{"rendered":"Parceria entre Furg e SMEd oferece Forma\u00e7\u00e3o Continuada para Professores(as) Alfabetizadores(as) em in\u00edcio de carreira"},"content":{"rendered":"\n\t\t<style type=\"text\/css\">\n\t\t\t#gallery-1 {\n\t\t\t\tmargin: auto;\n\t\t\t}\n\t\t\t#gallery-1 .gallery-item {\n\t\t\t\tfloat: left;\n\t\t\t\tmargin-top: 10px;\n\t\t\t\ttext-align: center;\n\t\t\t\twidth: 33%;\n\t\t\t}\n\t\t\t#gallery-1 img {\n\t\t\t\tborder: 2px solid #cfcfcf;\n\t\t\t}\n\t\t\t#gallery-1 .gallery-caption {\n\t\t\t\tmargin-left: 0;\n\t\t\t}\n\t\t\t\/* see gallery_shortcode() in wp-includes\/media.php *\/\n\t\t<\/style>\n\t\t<div id='gallery-1' class='gallery galleryid-34946 gallery-columns-3 gallery-size-thumbnail'><dl class='gallery-item'>\n\t\t\t<dt class='gallery-icon landscape'>\n\t\t\t\t<a href='https:\/\/www.riogrande.rs.gov.br\/smed\/wp-content\/uploads\/2019\/08\/20190809-ped-iniciais-image1.png' rel=\"lightbox[34946]\"><img loading=\"lazy\" decoding=\"async\" width=\"150\" height=\"150\" src=\"https:\/\/www.riogrande.rs.gov.br\/smed\/wp-content\/uploads\/2019\/08\/20190809-ped-iniciais-image1-150x150.png\" class=\"attachment-thumbnail size-thumbnail\" alt=\"\" aria-describedby=\"gallery-1-34948\" \/><\/a>\n\t\t\t<\/dt>\n\t\t\t\t<dd class='wp-caption-text gallery-caption' id='gallery-1-34948'>\n\t\t\t\tDivulga\u00e7\u00e3o\n\t\t\t\t<\/dd><\/dl><dl class='gallery-item'>\n\t\t\t<dt class='gallery-icon landscape'>\n\t\t\t\t<a href='https:\/\/www.riogrande.rs.gov.br\/smed\/wp-content\/uploads\/2019\/08\/20190809-ped-iniciais-image2.png' rel=\"lightbox[34946]\"><img loading=\"lazy\" decoding=\"async\" width=\"150\" height=\"150\" src=\"https:\/\/www.riogrande.rs.gov.br\/smed\/wp-content\/uploads\/2019\/08\/20190809-ped-iniciais-image2-150x150.png\" class=\"attachment-thumbnail size-thumbnail\" alt=\"\" aria-describedby=\"gallery-1-34949\" \/><\/a>\n\t\t\t<\/dt>\n\t\t\t\t<dd class='wp-caption-text gallery-caption' id='gallery-1-34949'>\n\t\t\t\tDivulga\u00e7\u00e3o\n\t\t\t\t<\/dd><\/dl><dl class='gallery-item'>\n\t\t\t<dt class='gallery-icon landscape'>\n\t\t\t\t<a href='https:\/\/www.riogrande.rs.gov.br\/smed\/wp-content\/uploads\/2019\/08\/20190809-ped-iniciais-image3.png' rel=\"lightbox[34946]\"><img loading=\"lazy\" decoding=\"async\" width=\"150\" height=\"150\" src=\"https:\/\/www.riogrande.rs.gov.br\/smed\/wp-content\/uploads\/2019\/08\/20190809-ped-iniciais-image3-150x150.png\" class=\"attachment-thumbnail size-thumbnail\" alt=\"\" aria-describedby=\"gallery-1-34950\" \/><\/a>\n\t\t\t<\/dt>\n\t\t\t\t<dd class='wp-caption-text gallery-caption' id='gallery-1-34950'>\n\t\t\t\tDivulga\u00e7\u00e3o\n\t\t\t\t<\/dd><\/dl><br style=\"clear: both\" \/>\n\t\t<\/div>\n\n<p style=\"text-align: justify;\"><span style=\"font-weight: 400;\">O Laborat\u00f3rio de Alfabetiza\u00e7\u00e3o e Pr\u00e1ticas de Incentivo \u00e0 Leitura da Universidade Federal do Rio Grande (LAPIL\/FURG), coordenado pela Prof.\u00aa Dr.\u00aa Silvana Maria Bell\u00e9 Zasso, juntamente com a Secretaria de Munic\u00edpio da Educa\u00e7\u00e3o do Rio Grande (SMEd), firmaram parceria em 2018, com o objetivo de promover a\u00e7\u00f5es de forma\u00e7\u00e3o continuada de professores(as) alfabetizadores(as), as quais iniciaram neste ano de 2019.<\/span><\/p>\n<p><!--more--><\/p>\n<p style=\"text-align: justify;\"><span style=\"font-weight: 400;\">Dentre as a\u00e7\u00f5es, destacamos a atividade de forma\u00e7\u00e3o que visa atender aos(\u00e0s) docentes que est\u00e3o iniciando na doc\u00eancia, no Ciclo da Alfabetiza\u00e7\u00e3o. Muitos s\u00e3o os aspectos que podem dificultar esse in\u00edcio de doc\u00eancia, que acaba por exigir uma maturidade profissional que os(as) novos(as) professores(as), muitas vezes, ainda n\u00e3o alcan\u00e7aram, e esse fato reduz a confian\u00e7a diante do seu desenvolvimento profissional, o que pode favorecer a abalos frente \u00e0s dificuldades e \u00e0s inseguran\u00e7as pr\u00f3prias de sua condi\u00e7\u00e3o. Partindo dessa premissa, prop\u00f4s-se, por meio de um Curso de Extens\u00e3o e Pesquisa, um espa\u00e7o de socializa\u00e7\u00e3o de saberes, das inquieta\u00e7\u00f5es e dos dilemas vivenciados por esses(as) professores(as) iniciantes na carreira como docentes do Ciclo da Alfabetiza\u00e7\u00e3o.<\/span><\/p>\n<p style=\"text-align: justify;\"><span style=\"font-weight: 400;\">As forma\u00e7\u00f5es s\u00e3o ministradas pela Prof.\u00aa Dr.\u00aa Carmen Regina Gon\u00e7alves Ferreira, p\u00f3s-doutoranda pela FURG em Educa\u00e7\u00e3o, sob a supervis\u00e3o da Prof.\u00aa Dr.\u00aa Gabriela Nogueira. Al\u00e9m da extens\u00e3o, est\u00e1 sendo desenvolvida uma pesquisa-forma\u00e7\u00e3o que investiga os desafios e as perspectivas de alfabetizadores(as) em in\u00edcio da doc\u00eancia no Ciclo da Alfabetiza\u00e7\u00e3o.\u00a0<\/span><\/p>\n<p style=\"text-align: justify;\"><span style=\"font-weight: 400;\">Os encontros quinzenais constituem-se em espa\u00e7os de forma\u00e7\u00e3o continuada com um grupo formado por 08 docentes. Essa a\u00e7\u00e3o acontece desde maio de 2019, na EMEF Cipriano de Porto Alegre. As forma\u00e7\u00f5es s\u00e3o desenvolvidas por meio de pautas que abordam quest\u00f5es relacionadas a conhecimentos espec\u00edficos da Alfabetiza\u00e7\u00e3o e dos desafios da doc\u00eancia, entre outras tem\u00e1ticas da sala de aula, sugeridas pelas docentes.<\/span><\/p>\n<p style=\"text-align: justify;\"><span style=\"font-weight: 400;\">\u201c<\/span><b>Compreender a aprendizagem profissional como um processo que n\u00e3o se encerra com a forma\u00e7\u00e3o inicial, mas se d\u00e1 ao longo da vida profissional, porque a doc\u00eancia mobiliza diferentes saberes e experi\u00eancias e, ao mesmo tempo, envolve as dimens\u00f5es pessoal e profissional, nos orienta no sentido de estabelecer di\u00e1logos com os contextos e as pr\u00e1ticas que marcam o exerc\u00edcio da doc\u00eancia. Neste sentido, as a\u00e7\u00f5es de parceria entre a FURG e a SMED unem esfor\u00e7os para que essas docentes sejam acolhidas, nesse momento fr\u00e1gil e decisivo do in\u00edcio da carreira<\/b><span style=\"font-weight: 400;\">\u201d. destacou a Prof.\u00aa Dr.\u00aa Carmen Regina Gon\u00e7alves Ferreira.<\/span><\/p>\n<p style=\"text-align: right;\"><em><span style=\"font-weight: 400;\">SMEd<\/span><\/em><br \/>\n<em><span style=\"font-weight: 400;\">Roberton Reis<\/span><\/em><br \/>\n<em><span style=\"font-weight: 400;\">Com informa\u00e7\u00f5es do N\u00facleo dos Anos Iniciais e da Prof.\u00aa Dr.\u00aa Carmen Regina Gon\u00e7alves Ferreira<\/span><\/em><\/p>\n","protected":false},"excerpt":{"rendered":"<p>O Laborat\u00f3rio de Alfabetiza\u00e7\u00e3o e Pr\u00e1ticas de Incentivo \u00e0 Leitura da Universidade Federal do Rio Grande (LAPIL\/FURG), coordenado pela Prof.\u00aa Dr.\u00aa Silvana Maria Bell\u00e9 Zasso, juntamente com a Secretaria de Munic\u00edpio da Educa\u00e7\u00e3o do Rio Grande (SMEd), firmaram parceria em 2018, com o objetivo de promover a\u00e7\u00f5es de forma\u00e7\u00e3o continuada de professores(as) alfabetizadores(as), as quais [&hellip;]<\/p>\n","protected":false},"author":7,"featured_media":0,"comment_status":"closed","ping_status":"closed","sticky":false,"template":"","format":"standard","meta":{"footnotes":""},"categories":[1,13],"tags":[],"class_list":["post-34946","post","type-post","status-publish","format-standard","hentry","category-noticias","category-pedagogico"],"_links":{"self":[{"href":"https:\/\/www.riogrande.rs.gov.br\/smed\/index.php?rest_route=\/wp\/v2\/posts\/34946"}],"collection":[{"href":"https:\/\/www.riogrande.rs.gov.br\/smed\/index.php?rest_route=\/wp\/v2\/posts"}],"about":[{"href":"https:\/\/www.riogrande.rs.gov.br\/smed\/index.php?rest_route=\/wp\/v2\/types\/post"}],"author":[{"embeddable":true,"href":"https:\/\/www.riogrande.rs.gov.br\/smed\/index.php?rest_route=\/wp\/v2\/users\/7"}],"replies":[{"embeddable":true,"href":"https:\/\/www.riogrande.rs.gov.br\/smed\/index.php?rest_route=%2Fwp%2Fv2%2Fcomments&post=34946"}],"version-history":[{"count":1,"href":"https:\/\/www.riogrande.rs.gov.br\/smed\/index.php?rest_route=\/wp\/v2\/posts\/34946\/revisions"}],"predecessor-version":[{"id":34951,"href":"https:\/\/www.riogrande.rs.gov.br\/smed\/index.php?rest_route=\/wp\/v2\/posts\/34946\/revisions\/34951"}],"wp:attachment":[{"href":"https:\/\/www.riogrande.rs.gov.br\/smed\/index.php?rest_route=%2Fwp%2Fv2%2Fmedia&parent=34946"}],"wp:term":[{"taxonomy":"category","embeddable":true,"href":"https:\/\/www.riogrande.rs.gov.br\/smed\/index.php?rest_route=%2Fwp%2Fv2%2Fcategories&post=34946"},{"taxonomy":"post_tag","embeddable":true,"href":"https:\/\/www.riogrande.rs.gov.br\/smed\/index.php?rest_route=%2Fwp%2Fv2%2Ftags&post=34946"}],"curies":[{"name":"wp","href":"https:\/\/api.w.org\/{rel}","templated":true}]}}