{"id":34914,"date":"2019-08-08T16:01:06","date_gmt":"2019-08-08T19:01:06","guid":{"rendered":"http:\/\/www.riogrande.rs.gov.br\/smed\/?p=34914"},"modified":"2019-08-08T16:01:06","modified_gmt":"2019-08-08T19:01:06","slug":"periodo-de-inscricoes-para-a-vii-mostra-cultural-sobre-diversidade-sexual-e-de-genero-vai-ate-dia-02-de-setembro","status":"publish","type":"post","link":"https:\/\/www.riogrande.rs.gov.br\/smed\/?p=34914","title":{"rendered":"Per\u00edodo de Inscri\u00e7\u00f5es para a \u201cVII Mostra Cultural sobre Diversidade Sexual e de G\u00eanero\u201d vai at\u00e9 dia 02 de Setembro"},"content":{"rendered":"<div id=\"attachment_34915\" style=\"width: 495px\" class=\"wp-caption aligncenter\"><a href=\"http:\/\/www.riogrande.rs.gov.br\/smed\/wp-content\/uploads\/2019\/08\/20190808-ped-diversidade-image1.jpg\" rel=\"lightbox[34914]\"><img loading=\"lazy\" decoding=\"async\" aria-describedby=\"caption-attachment-34915\" class=\"size-medium wp-image-34915\" src=\"http:\/\/www.riogrande.rs.gov.br\/smed\/wp-content\/uploads\/2019\/08\/20190808-ped-diversidade-image1-485x686.jpg\" alt=\"\" width=\"485\" height=\"686\" srcset=\"https:\/\/www.riogrande.rs.gov.br\/smed\/wp-content\/uploads\/2019\/08\/20190808-ped-diversidade-image1-485x686.jpg 485w, https:\/\/www.riogrande.rs.gov.br\/smed\/wp-content\/uploads\/2019\/08\/20190808-ped-diversidade-image1-768x1086.jpg 768w, https:\/\/www.riogrande.rs.gov.br\/smed\/wp-content\/uploads\/2019\/08\/20190808-ped-diversidade-image1-146x207.jpg 146w, https:\/\/www.riogrande.rs.gov.br\/smed\/wp-content\/uploads\/2019\/08\/20190808-ped-diversidade-image1-624x883.jpg 624w, https:\/\/www.riogrande.rs.gov.br\/smed\/wp-content\/uploads\/2019\/08\/20190808-ped-diversidade-image1.jpg 905w\" sizes=\"(max-width: 485px) 100vw, 485px\" \/><\/a><p id=\"caption-attachment-34915\" class=\"wp-caption-text\">Divulga\u00e7\u00e3o<\/p><\/div>\n<p style=\"text-align: right;\"><em>SMEd<\/em><br \/>\n<em>Roberton Reis<\/em><br \/>\n<em>Com informa\u00e7\u00f5es do GESE\/FURG<\/em><\/p>\n","protected":false},"excerpt":{"rendered":"<p>SMEd Roberton Reis Com informa\u00e7\u00f5es do GESE\/FURG<\/p>\n","protected":false},"author":7,"featured_media":0,"comment_status":"closed","ping_status":"closed","sticky":false,"template":"","format":"standard","meta":{"footnotes":""},"categories":[1,13],"tags":[],"class_list":["post-34914","post","type-post","status-publish","format-standard","hentry","category-noticias","category-pedagogico"],"_links":{"self":[{"href":"https:\/\/www.riogrande.rs.gov.br\/smed\/index.php?rest_route=\/wp\/v2\/posts\/34914"}],"collection":[{"href":"https:\/\/www.riogrande.rs.gov.br\/smed\/index.php?rest_route=\/wp\/v2\/posts"}],"about":[{"href":"https:\/\/www.riogrande.rs.gov.br\/smed\/index.php?rest_route=\/wp\/v2\/types\/post"}],"author":[{"embeddable":true,"href":"https:\/\/www.riogrande.rs.gov.br\/smed\/index.php?rest_route=\/wp\/v2\/users\/7"}],"replies":[{"embeddable":true,"href":"https:\/\/www.riogrande.rs.gov.br\/smed\/index.php?rest_route=%2Fwp%2Fv2%2Fcomments&post=34914"}],"version-history":[{"count":1,"href":"https:\/\/www.riogrande.rs.gov.br\/smed\/index.php?rest_route=\/wp\/v2\/posts\/34914\/revisions"}],"predecessor-version":[{"id":34916,"href":"https:\/\/www.riogrande.rs.gov.br\/smed\/index.php?rest_route=\/wp\/v2\/posts\/34914\/revisions\/34916"}],"wp:attachment":[{"href":"https:\/\/www.riogrande.rs.gov.br\/smed\/index.php?rest_route=%2Fwp%2Fv2%2Fmedia&parent=34914"}],"wp:term":[{"taxonomy":"category","embeddable":true,"href":"https:\/\/www.riogrande.rs.gov.br\/smed\/index.php?rest_route=%2Fwp%2Fv2%2Fcategories&post=34914"},{"taxonomy":"post_tag","embeddable":true,"href":"https:\/\/www.riogrande.rs.gov.br\/smed\/index.php?rest_route=%2Fwp%2Fv2%2Ftags&post=34914"}],"curies":[{"name":"wp","href":"https:\/\/api.w.org\/{rel}","templated":true}]}}