{"id":34912,"date":"2019-08-08T15:23:57","date_gmt":"2019-08-08T18:23:57","guid":{"rendered":"http:\/\/www.riogrande.rs.gov.br\/smed\/?p=34912"},"modified":"2019-08-08T15:23:57","modified_gmt":"2019-08-08T18:23:57","slug":"smed-realizara-reuniao-com-gestoresas-das-escolas-municipais-nesta-sexta-feira-dia-09","status":"publish","type":"post","link":"https:\/\/www.riogrande.rs.gov.br\/smed\/?p=34912","title":{"rendered":"SMEd realizar\u00e1 reuni\u00e3o com Gestores(as) das Escolas Municipais nesta sexta-feira, dia 09"},"content":{"rendered":"<p style=\"text-align: justify;\"><span style=\"font-weight: 400;\">A secret\u00e1ria de Munic\u00edpio da Educa\u00e7\u00e3o de Rio Grande, Vanessa Pintanel Dantas da Silva, realizar\u00e1, nesta sexta-feira, dia <\/span><b>09 de agosto<\/b><span style=\"font-weight: 400;\">, \u00e0s <\/span><b>8h30min<\/b><span style=\"font-weight: 400;\">, no Audit\u00f3rio da <strong>EMEF <\/strong><\/span><b>Cipriano Porto Alegre<\/b><span style=\"font-weight: 400;\">, reuni\u00e3o com os(as) gestores(as) das escolas da rede p\u00fablica municipal de ensino.<\/span><\/p>\n<p style=\"text-align: right;\"><em><span style=\"font-weight: 400;\">SMEd<\/span><\/em><\/p>\n<p>&nbsp;<\/p>\n","protected":false},"excerpt":{"rendered":"<p>A secret\u00e1ria de Munic\u00edpio da Educa\u00e7\u00e3o de Rio Grande, Vanessa Pintanel Dantas da Silva, realizar\u00e1, nesta sexta-feira, dia 09 de agosto, \u00e0s 8h30min, no Audit\u00f3rio da EMEF Cipriano Porto Alegre, reuni\u00e3o com os(as) gestores(as) das escolas da rede p\u00fablica municipal de ensino. SMEd &nbsp;<\/p>\n","protected":false},"author":7,"featured_media":0,"comment_status":"closed","ping_status":"closed","sticky":false,"template":"","format":"standard","meta":{"footnotes":""},"categories":[1,13],"tags":[],"class_list":["post-34912","post","type-post","status-publish","format-standard","hentry","category-noticias","category-pedagogico"],"_links":{"self":[{"href":"https:\/\/www.riogrande.rs.gov.br\/smed\/index.php?rest_route=\/wp\/v2\/posts\/34912"}],"collection":[{"href":"https:\/\/www.riogrande.rs.gov.br\/smed\/index.php?rest_route=\/wp\/v2\/posts"}],"about":[{"href":"https:\/\/www.riogrande.rs.gov.br\/smed\/index.php?rest_route=\/wp\/v2\/types\/post"}],"author":[{"embeddable":true,"href":"https:\/\/www.riogrande.rs.gov.br\/smed\/index.php?rest_route=\/wp\/v2\/users\/7"}],"replies":[{"embeddable":true,"href":"https:\/\/www.riogrande.rs.gov.br\/smed\/index.php?rest_route=%2Fwp%2Fv2%2Fcomments&post=34912"}],"version-history":[{"count":1,"href":"https:\/\/www.riogrande.rs.gov.br\/smed\/index.php?rest_route=\/wp\/v2\/posts\/34912\/revisions"}],"predecessor-version":[{"id":34913,"href":"https:\/\/www.riogrande.rs.gov.br\/smed\/index.php?rest_route=\/wp\/v2\/posts\/34912\/revisions\/34913"}],"wp:attachment":[{"href":"https:\/\/www.riogrande.rs.gov.br\/smed\/index.php?rest_route=%2Fwp%2Fv2%2Fmedia&parent=34912"}],"wp:term":[{"taxonomy":"category","embeddable":true,"href":"https:\/\/www.riogrande.rs.gov.br\/smed\/index.php?rest_route=%2Fwp%2Fv2%2Fcategories&post=34912"},{"taxonomy":"post_tag","embeddable":true,"href":"https:\/\/www.riogrande.rs.gov.br\/smed\/index.php?rest_route=%2Fwp%2Fv2%2Ftags&post=34912"}],"curies":[{"name":"wp","href":"https:\/\/api.w.org\/{rel}","templated":true}]}}