{"id":34890,"date":"2019-08-07T15:39:15","date_gmt":"2019-08-07T18:39:15","guid":{"rendered":"http:\/\/www.riogrande.rs.gov.br\/smed\/?p=34890"},"modified":"2019-08-07T15:39:15","modified_gmt":"2019-08-07T18:39:15","slug":"festival-paralimpico-periodo-de-inscricao-para-voluntarios-ja-iniciou","status":"publish","type":"post","link":"https:\/\/www.riogrande.rs.gov.br\/smed\/?p=34890","title":{"rendered":"\u201cFestival Paral\u00edmpico\u201d: Per\u00edodo de inscri\u00e7\u00e3o para Volunt\u00e1rios j\u00e1 iniciou"},"content":{"rendered":"<div id=\"attachment_34891\" style=\"width: 495px\" class=\"wp-caption aligncenter\"><a href=\"http:\/\/www.riogrande.rs.gov.br\/smed\/wp-content\/uploads\/2019\/08\/20190807-ped-paralimpico-image1.jpg\" rel=\"lightbox[34890]\"><img loading=\"lazy\" decoding=\"async\" aria-describedby=\"caption-attachment-34891\" class=\"size-medium wp-image-34891\" src=\"http:\/\/www.riogrande.rs.gov.br\/smed\/wp-content\/uploads\/2019\/08\/20190807-ped-paralimpico-image1-485x336.jpg\" alt=\"\" width=\"485\" height=\"336\" srcset=\"https:\/\/www.riogrande.rs.gov.br\/smed\/wp-content\/uploads\/2019\/08\/20190807-ped-paralimpico-image1-485x336.jpg 485w, https:\/\/www.riogrande.rs.gov.br\/smed\/wp-content\/uploads\/2019\/08\/20190807-ped-paralimpico-image1-768x532.jpg 768w, https:\/\/www.riogrande.rs.gov.br\/smed\/wp-content\/uploads\/2019\/08\/20190807-ped-paralimpico-image1-299x207.jpg 299w, https:\/\/www.riogrande.rs.gov.br\/smed\/wp-content\/uploads\/2019\/08\/20190807-ped-paralimpico-image1-624x432.jpg 624w, https:\/\/www.riogrande.rs.gov.br\/smed\/wp-content\/uploads\/2019\/08\/20190807-ped-paralimpico-image1.jpg 800w\" sizes=\"(max-width: 485px) 100vw, 485px\" \/><\/a><p id=\"caption-attachment-34891\" class=\"wp-caption-text\">Divulga\u00e7\u00e3o<\/p><\/div>\n<p style=\"text-align: justify;\">A Secretaria de Munic\u00edpio da Educa\u00e7\u00e3o abriu inscri\u00e7\u00f5es para aqueles(as) acad\u00eamicos(as) do Curso de Educa\u00e7\u00e3o F\u00edsica ou monitores(as) escolares da rede municipal que tenham interesse em participar como volunt\u00e1rios(as) da \u201c<b>2\u00aa edi\u00e7\u00e3o do Festival Paral\u00edmpico<\/b>\u201d, que ocorrer\u00e1 no dia <b>21 de setembro<\/b>. O evento \u00e9 promovido pelo Comit\u00ea Paral\u00edmpico Brasileiro (CPB), em comemora\u00e7\u00e3o ao <b>Dia Nacional do Atleta Paral\u00edmpico<\/b> (22 de setembro), e acontecer\u00e1 em 69 cidades do Brasil.<\/p>\n<p style=\"text-align: justify;\"><!--more--><\/p>\n<p style=\"text-align: justify;\">No Rio Grande do Sul, 05 cidades foram escolhidas para sediar o \u201c<strong>Festival Paral\u00edmpico 2019<\/strong>\u201d: Gravata\u00ed, Porto Alegre, Rio Grande, Santa Cruz do Sul e Santo \u00c2ngelo. Em Rio Grande, a atividade ser\u00e1 realizada no Centro Esportivo da Universidade Federal do Rio Grande, que receber\u00e1 um grupo de 150 alunos(as), que participar\u00e3o das seguintes modalidades: Goalball, Atletismo e Bocha.<\/p>\n<p style=\"text-align: justify;\">O Festival Paral\u00edmpico tem por finalidade promover 03 modalidades paral\u00edmpicas em cada n\u00facleo, distribu\u00eddos em todo o territ\u00f3rio nacional, de forma l\u00fadica, para um grupo de at\u00e9 50 crian\u00e7as com defici\u00eancia em cada modalidade, na faixa et\u00e1ria de 10 a 17 anos, de ambos os g\u00eaneros, em forma de circuito.<\/p>\n<p style=\"text-align: justify;\">Na cidade do Rio Grande, o Festival \u00e9 organizado pela Secretaria de Munic\u00edpio da Educa\u00e7\u00e3o (SMEd), atrav\u00e9s do Projeto Paradesporto e da Assessoria de Educa\u00e7\u00e3o F\u00edsica, com o apoio da Universidade Federal do Rio Grande, atrav\u00e9s do Curso de Educa\u00e7\u00e3o F\u00edsica e da Pr\u00f3-Reitoria de Extens\u00e3o, e Faculdades Anhanguera.<\/p>\n<p style=\"text-align: justify;\">Durante a realiza\u00e7\u00e3o do Festival Paral\u00edmpico, crian\u00e7as e jovens com defici\u00eancia ir\u00e3o praticar atividades esportivas paral\u00edmpicas e, nesse sentido, os(as) volunt\u00e1rios(as) atuar\u00e3o diretamente com o p\u00fablico-alvo. Os(as) volunt\u00e1rios(as) participar\u00e3o de uma forma\u00e7\u00e3o sobre Esporte Paral\u00edmpico nos dias <b>24 de agosto<\/b> e <b>14 de setembro<\/b>.<\/p>\n<p style=\"text-align: justify;\">O per\u00edodo de inscri\u00e7\u00e3o encerra no dia <b>16 de agosto<\/b>. Os(as) 30 primeiros(as) inscritos(as) receber\u00e3o camiseta do evento. Todos(as) os(as) inscritos(as) receber\u00e3o certificado de 20 horas. Para realizar a sua inscri\u00e7\u00e3o e participar como volunt\u00e1rio(a) na 2\u00aa edi\u00e7\u00e3o do Festival Paral\u00edmpico, acesse <a href=\"https:\/\/docs.google.com\/forms\/d\/e\/1FAIpQLSfBZHulKH2ipdUQ2gmyarVkn5WOIATtDMN-bKKioY9h7LptNw\/viewform\" target=\"_blank\" rel=\"noopener noreferrer\"><b>aqui<\/b><\/a>.<\/p>\n<p>&nbsp;<\/p>\n<p>&nbsp;<\/p>\n<p style=\"text-align: right;\">\n<p style=\"text-align: right;\"><em>SMEd<\/em><br \/>\n<em>Roberton Reis<\/em><br \/>\n<em>Com informa\u00e7\u00f5es da Assessoria de Educa\u00e7\u00e3o F\u00edsica<\/em><\/p>\n","protected":false},"excerpt":{"rendered":"<p>A Secretaria de Munic\u00edpio da Educa\u00e7\u00e3o abriu inscri\u00e7\u00f5es para aqueles(as) acad\u00eamicos(as) do Curso de Educa\u00e7\u00e3o F\u00edsica ou monitores(as) escolares da rede municipal que tenham interesse em participar como volunt\u00e1rios(as) da \u201c2\u00aa edi\u00e7\u00e3o do Festival Paral\u00edmpico\u201d, que ocorrer\u00e1 no dia 21 de setembro. O evento \u00e9 promovido pelo Comit\u00ea Paral\u00edmpico Brasileiro (CPB), em comemora\u00e7\u00e3o ao Dia [&hellip;]<\/p>\n","protected":false},"author":7,"featured_media":0,"comment_status":"closed","ping_status":"closed","sticky":false,"template":"","format":"standard","meta":{"footnotes":""},"categories":[1,13],"tags":[],"class_list":["post-34890","post","type-post","status-publish","format-standard","hentry","category-noticias","category-pedagogico"],"_links":{"self":[{"href":"https:\/\/www.riogrande.rs.gov.br\/smed\/index.php?rest_route=\/wp\/v2\/posts\/34890"}],"collection":[{"href":"https:\/\/www.riogrande.rs.gov.br\/smed\/index.php?rest_route=\/wp\/v2\/posts"}],"about":[{"href":"https:\/\/www.riogrande.rs.gov.br\/smed\/index.php?rest_route=\/wp\/v2\/types\/post"}],"author":[{"embeddable":true,"href":"https:\/\/www.riogrande.rs.gov.br\/smed\/index.php?rest_route=\/wp\/v2\/users\/7"}],"replies":[{"embeddable":true,"href":"https:\/\/www.riogrande.rs.gov.br\/smed\/index.php?rest_route=%2Fwp%2Fv2%2Fcomments&post=34890"}],"version-history":[{"count":1,"href":"https:\/\/www.riogrande.rs.gov.br\/smed\/index.php?rest_route=\/wp\/v2\/posts\/34890\/revisions"}],"predecessor-version":[{"id":34892,"href":"https:\/\/www.riogrande.rs.gov.br\/smed\/index.php?rest_route=\/wp\/v2\/posts\/34890\/revisions\/34892"}],"wp:attachment":[{"href":"https:\/\/www.riogrande.rs.gov.br\/smed\/index.php?rest_route=%2Fwp%2Fv2%2Fmedia&parent=34890"}],"wp:term":[{"taxonomy":"category","embeddable":true,"href":"https:\/\/www.riogrande.rs.gov.br\/smed\/index.php?rest_route=%2Fwp%2Fv2%2Fcategories&post=34890"},{"taxonomy":"post_tag","embeddable":true,"href":"https:\/\/www.riogrande.rs.gov.br\/smed\/index.php?rest_route=%2Fwp%2Fv2%2Ftags&post=34890"}],"curies":[{"name":"wp","href":"https:\/\/api.w.org\/{rel}","templated":true}]}}