{"id":34888,"date":"2019-08-07T15:34:02","date_gmt":"2019-08-07T18:34:02","guid":{"rendered":"http:\/\/www.riogrande.rs.gov.br\/smed\/?p=34888"},"modified":"2019-08-07T15:34:02","modified_gmt":"2019-08-07T18:34:02","slug":"galeria-breche-da-ebahl-vernissage-da-artista-maria-dos-santos-lilja-acontece-nesta-quinta-feira-08","status":"publish","type":"post","link":"https:\/\/www.riogrande.rs.gov.br\/smed\/?p=34888","title":{"rendered":"Galeria Breche da EBAHL: \u201cVernissage\u201d da Artista Maria dos Santos Lilja acontece nesta quinta-feira, 08"},"content":{"rendered":"<p style=\"text-align: justify;\">Na pr\u00f3xima quinta-feira, dia <b>08 de agosto<\/b>, \u00e0s <b>18h<\/b>, a <b>Galeria Breche da Escola de Belas Artes Heitor de Lemos<\/b> (EBAHL) realizar\u00e1 a <i>vernissage<\/i> da artista Maria dos Santos Lilja, que \u00e9 formada em Administra\u00e7\u00e3o de Empresas e vem se dedicando \u00e0 fotografia\u00a0 h\u00e1 12 anos.<\/p>\n<p><!--more--><\/p>\n<p style=\"text-align: justify;\">Sua forma\u00e7\u00e3o em fotografia a levou a participar de cursos com fot\u00f3grafos renomados, como Everton Rosa e Luiza Canella, entre outros. Participa anualmente de feiras e eventos relacionados \u00e0 fotografia, sempre em busca de aperfei\u00e7oamento e da avalia\u00e7\u00e3o de seu trabalho como profissional da \u00e1rea. Segundo seus clientes, o diferencial de seu trabalho \u00e9 fazer com que seus modelos sintam-se em casa para que possa registrar seus melhores momentos.<\/p>\n<p style=\"text-align: justify;\">Nesta exposi\u00e7\u00e3o, intitulada \u201c<b>O mais belo est\u00fadio do interior do Rio Grande<\/b>\u201d, Maria Lilja traz o seu olhar sobre as nossas paisagens locais, tentando mostrar um pouco de cada lugar, a beleza de nossas vegeta\u00e7\u00f5es e os retratos que costuma fazer com seus clientes.<\/p>\n<p style=\"text-align: justify;\">A exposi\u00e7\u00e3o estar\u00e1 aberta \u00e0 visita\u00e7\u00e3o de <b>09 a 27 de agosto<\/b>, das <b>8h30min \u00e0s 20h30min<\/b>, na\u00a0 Galeria da EBAHL, que est\u00e1 localizada na rua Jockey Club,194.<\/p>\n<p style=\"text-align: right;\">\n<p style=\"text-align: right;\"><em>SMEd<\/em><br \/>\n<em>Roberton Reis<\/em><br \/>\n<em>Com informa\u00e7\u00f5es da EBAHL Heitor de Lemos<\/em><\/p>\n","protected":false},"excerpt":{"rendered":"<p>Na pr\u00f3xima quinta-feira, dia 08 de agosto, \u00e0s 18h, a Galeria Breche da Escola de Belas Artes Heitor de Lemos (EBAHL) realizar\u00e1 a vernissage da artista Maria dos Santos Lilja, que \u00e9 formada em Administra\u00e7\u00e3o de Empresas e vem se dedicando \u00e0 fotografia\u00a0 h\u00e1 12 anos.<\/p>\n","protected":false},"author":7,"featured_media":0,"comment_status":"closed","ping_status":"closed","sticky":false,"template":"","format":"standard","meta":{"footnotes":""},"categories":[1,13],"tags":[],"class_list":["post-34888","post","type-post","status-publish","format-standard","hentry","category-noticias","category-pedagogico"],"_links":{"self":[{"href":"https:\/\/www.riogrande.rs.gov.br\/smed\/index.php?rest_route=\/wp\/v2\/posts\/34888"}],"collection":[{"href":"https:\/\/www.riogrande.rs.gov.br\/smed\/index.php?rest_route=\/wp\/v2\/posts"}],"about":[{"href":"https:\/\/www.riogrande.rs.gov.br\/smed\/index.php?rest_route=\/wp\/v2\/types\/post"}],"author":[{"embeddable":true,"href":"https:\/\/www.riogrande.rs.gov.br\/smed\/index.php?rest_route=\/wp\/v2\/users\/7"}],"replies":[{"embeddable":true,"href":"https:\/\/www.riogrande.rs.gov.br\/smed\/index.php?rest_route=%2Fwp%2Fv2%2Fcomments&post=34888"}],"version-history":[{"count":1,"href":"https:\/\/www.riogrande.rs.gov.br\/smed\/index.php?rest_route=\/wp\/v2\/posts\/34888\/revisions"}],"predecessor-version":[{"id":34889,"href":"https:\/\/www.riogrande.rs.gov.br\/smed\/index.php?rest_route=\/wp\/v2\/posts\/34888\/revisions\/34889"}],"wp:attachment":[{"href":"https:\/\/www.riogrande.rs.gov.br\/smed\/index.php?rest_route=%2Fwp%2Fv2%2Fmedia&parent=34888"}],"wp:term":[{"taxonomy":"category","embeddable":true,"href":"https:\/\/www.riogrande.rs.gov.br\/smed\/index.php?rest_route=%2Fwp%2Fv2%2Fcategories&post=34888"},{"taxonomy":"post_tag","embeddable":true,"href":"https:\/\/www.riogrande.rs.gov.br\/smed\/index.php?rest_route=%2Fwp%2Fv2%2Ftags&post=34888"}],"curies":[{"name":"wp","href":"https:\/\/api.w.org\/{rel}","templated":true}]}}