{"id":34848,"date":"2019-08-06T15:33:19","date_gmt":"2019-08-06T18:33:19","guid":{"rendered":"http:\/\/www.riogrande.rs.gov.br\/smed\/?p=34848"},"modified":"2019-08-06T16:40:30","modified_gmt":"2019-08-06T19:40:30","slug":"periodo-de-inscricoes-para-o-curso-de-formacao-continuada-em-esporte-educacional-para-professoresas-da-educacao-infantil-e-dos-anos-iniciais-encerram-nesta-quarta-feira-07","status":"publish","type":"post","link":"https:\/\/www.riogrande.rs.gov.br\/smed\/?p=34848","title":{"rendered":"Per\u00edodo de inscri\u00e7\u00f5es para o \u201cCurso de Forma\u00e7\u00e3o Continuada em Esporte Educacional\u201d para Professores(as) da Educa\u00e7\u00e3o Infantil e dos Anos Iniciais encerra nesta quarta-feira, 07"},"content":{"rendered":"<div id=\"attachment_34849\" style=\"width: 395px\" class=\"wp-caption aligncenter\"><a href=\"http:\/\/www.riogrande.rs.gov.br\/smed\/wp-content\/uploads\/2019\/08\/20190806-ped-esporte-image1.png\" rel=\"lightbox[34848]\"><img loading=\"lazy\" decoding=\"async\" aria-describedby=\"caption-attachment-34849\" class=\"size-full wp-image-34849\" src=\"http:\/\/www.riogrande.rs.gov.br\/smed\/wp-content\/uploads\/2019\/08\/20190806-ped-esporte-image1.png\" alt=\"\" width=\"385\" height=\"123\" \/><\/a><p id=\"caption-attachment-34849\" class=\"wp-caption-text\">Divulga\u00e7\u00e3o<\/p><\/div>\n<p style=\"text-align: justify;\">A Secretaria de Munic\u00edpio da Educa\u00e7\u00e3o de Rio Grande (SMEd), atrav\u00e9s do N\u00facleo dos Anos Iniciais e do N\u00facleo dos Anos Finais do Ensino Fundamental, em parceria com o Instituto Esporte e Educa\u00e7\u00e3o (IEE), promover\u00e1 o Curso de\u00a0 Forma\u00e7\u00e3o Continuada em Esporte Educacional.<\/p>\n<p style=\"text-align: justify;\"><!--more--><\/p>\n<p style=\"text-align: justify;\">O Curso ser\u00e1 destinado, prioritariamente, a professores(as) de Educa\u00e7\u00e3o F\u00edsica que atuam na Educa\u00e7\u00e3o Infantil e Anos Iniciais; a professores(as) que atuam na Hora-Atividade e trabalham com Educa\u00e7\u00e3o F\u00edsica; e a professores(as) regentes de turmas da Educa\u00e7\u00e3o Infantil e Anos Iniciais do Ensino Fundamental. Os demais docentes interessados ter\u00e3o sua inscri\u00e7\u00e3o homologada, mediante disponibilidade de vagas. As tem\u00e1ticas abordadas nos encontros ser\u00e3o: Educa\u00e7\u00e3o F\u00edsica Escolar, Linguagem Corporal, Alfabetiza\u00e7\u00e3o Corporal e Esporte Educacional.<\/p>\n<p style=\"text-align: justify;\">Os Encontros de Forma\u00e7\u00e3o Continuada ocorrer\u00e3o na <b>EMEF Frederico Ernesto Buchholz <\/b>(rua EUA do Norte. S\/N\u00ba, bairro Jun\u00e7\u00e3o), nos dias <b>29 de agosto<\/b>,<b> 19 de setembro<\/b> e<b> 03 de outubro<\/b>, nos turnos da manh\u00e3 (<b>das 8h \u00e0s 12h<\/b>) e da tarde (<b>das 13h30min \u00e0s 17h30min<\/b>), totalizando<b> 30 horas<\/b> (24 horas de atividades presenciais e 06 horas de atividades a dist\u00e2ncia).<\/p>\n<p style=\"text-align: justify;\">Ao todo, ser\u00e3o ofertadas <b>40 vagas<\/b>. O per\u00edodo de inscri\u00e7\u00f5es encerra nesta quarta-feira, dia <b>07 de agosto<\/b>. Realize a sua inscri\u00e7\u00e3o acessando <a href=\"https:\/\/docs.google.com\/forms\/d\/e\/1FAIpQLScCRnRPG37DTov2LV-i4eXCbMYui_A7NXbZ3Jl-K1uk3wIdIA\/viewform\" target=\"_blank\" rel=\"noopener noreferrer\"><b>aqui<\/b><\/a>.<\/p>\n<p style=\"text-align: right;\"><em>SMEd<\/em><br \/>\n<em>Roberton Reis<\/em><\/p>\n","protected":false},"excerpt":{"rendered":"<p>A Secretaria de Munic\u00edpio da Educa\u00e7\u00e3o de Rio Grande (SMEd), atrav\u00e9s do N\u00facleo dos Anos Iniciais e do N\u00facleo dos Anos Finais do Ensino Fundamental, em parceria com o Instituto Esporte e Educa\u00e7\u00e3o (IEE), promover\u00e1 o Curso de\u00a0 Forma\u00e7\u00e3o Continuada em Esporte Educacional.<\/p>\n","protected":false},"author":7,"featured_media":0,"comment_status":"closed","ping_status":"closed","sticky":false,"template":"","format":"standard","meta":{"footnotes":""},"categories":[1,13],"tags":[],"class_list":["post-34848","post","type-post","status-publish","format-standard","hentry","category-noticias","category-pedagogico"],"_links":{"self":[{"href":"https:\/\/www.riogrande.rs.gov.br\/smed\/index.php?rest_route=\/wp\/v2\/posts\/34848"}],"collection":[{"href":"https:\/\/www.riogrande.rs.gov.br\/smed\/index.php?rest_route=\/wp\/v2\/posts"}],"about":[{"href":"https:\/\/www.riogrande.rs.gov.br\/smed\/index.php?rest_route=\/wp\/v2\/types\/post"}],"author":[{"embeddable":true,"href":"https:\/\/www.riogrande.rs.gov.br\/smed\/index.php?rest_route=\/wp\/v2\/users\/7"}],"replies":[{"embeddable":true,"href":"https:\/\/www.riogrande.rs.gov.br\/smed\/index.php?rest_route=%2Fwp%2Fv2%2Fcomments&post=34848"}],"version-history":[{"count":3,"href":"https:\/\/www.riogrande.rs.gov.br\/smed\/index.php?rest_route=\/wp\/v2\/posts\/34848\/revisions"}],"predecessor-version":[{"id":34860,"href":"https:\/\/www.riogrande.rs.gov.br\/smed\/index.php?rest_route=\/wp\/v2\/posts\/34848\/revisions\/34860"}],"wp:attachment":[{"href":"https:\/\/www.riogrande.rs.gov.br\/smed\/index.php?rest_route=%2Fwp%2Fv2%2Fmedia&parent=34848"}],"wp:term":[{"taxonomy":"category","embeddable":true,"href":"https:\/\/www.riogrande.rs.gov.br\/smed\/index.php?rest_route=%2Fwp%2Fv2%2Fcategories&post=34848"},{"taxonomy":"post_tag","embeddable":true,"href":"https:\/\/www.riogrande.rs.gov.br\/smed\/index.php?rest_route=%2Fwp%2Fv2%2Ftags&post=34848"}],"curies":[{"name":"wp","href":"https:\/\/api.w.org\/{rel}","templated":true}]}}