{"id":34843,"date":"2019-08-06T15:19:18","date_gmt":"2019-08-06T18:19:18","guid":{"rendered":"http:\/\/www.riogrande.rs.gov.br\/smed\/?p=34843"},"modified":"2019-08-06T15:28:40","modified_gmt":"2019-08-06T18:28:40","slug":"promotores-da-paz-iniciam-atividades-do-2o-semestre","status":"publish","type":"post","link":"https:\/\/www.riogrande.rs.gov.br\/smed\/?p=34843","title":{"rendered":"&#8220;PROMOTORES DA PAZ&#8221; INICIAM ATIVIDADES DO 2\u00ba SEMESTRE"},"content":{"rendered":"\n\t\t<style type=\"text\/css\">\n\t\t\t#gallery-1 {\n\t\t\t\tmargin: auto;\n\t\t\t}\n\t\t\t#gallery-1 .gallery-item {\n\t\t\t\tfloat: left;\n\t\t\t\tmargin-top: 10px;\n\t\t\t\ttext-align: center;\n\t\t\t\twidth: 33%;\n\t\t\t}\n\t\t\t#gallery-1 img {\n\t\t\t\tborder: 2px solid #cfcfcf;\n\t\t\t}\n\t\t\t#gallery-1 .gallery-caption {\n\t\t\t\tmargin-left: 0;\n\t\t\t}\n\t\t\t\/* see gallery_shortcode() in wp-includes\/media.php *\/\n\t\t<\/style>\n\t\t<div id='gallery-1' class='gallery galleryid-34843 gallery-columns-3 gallery-size-thumbnail'><dl class='gallery-item'>\n\t\t\t<dt class='gallery-icon landscape'>\n\t\t\t\t<a href='https:\/\/www.riogrande.rs.gov.br\/smed\/wp-content\/uploads\/2019\/08\/20190806-pmrg1.jpeg' rel=\"lightbox[34843]\"><img loading=\"lazy\" decoding=\"async\" width=\"150\" height=\"150\" src=\"https:\/\/www.riogrande.rs.gov.br\/smed\/wp-content\/uploads\/2019\/08\/20190806-pmrg1-150x150.jpeg\" class=\"attachment-thumbnail size-thumbnail\" alt=\"\" aria-describedby=\"gallery-1-34844\" \/><\/a>\n\t\t\t<\/dt>\n\t\t\t\t<dd class='wp-caption-text gallery-caption' id='gallery-1-34844'>\n\t\t\t\tDivulga\u00e7\u00e3o\n\t\t\t\t<\/dd><\/dl><dl class='gallery-item'>\n\t\t\t<dt class='gallery-icon landscape'>\n\t\t\t\t<a href='https:\/\/www.riogrande.rs.gov.br\/smed\/wp-content\/uploads\/2019\/08\/20190806-pmrg2.jpeg' rel=\"lightbox[34843]\"><img loading=\"lazy\" decoding=\"async\" width=\"150\" height=\"150\" src=\"https:\/\/www.riogrande.rs.gov.br\/smed\/wp-content\/uploads\/2019\/08\/20190806-pmrg2-150x150.jpeg\" class=\"attachment-thumbnail size-thumbnail\" alt=\"\" aria-describedby=\"gallery-1-34845\" \/><\/a>\n\t\t\t<\/dt>\n\t\t\t\t<dd class='wp-caption-text gallery-caption' id='gallery-1-34845'>\n\t\t\t\tDivulga\u00e7\u00e3o\n\t\t\t\t<\/dd><\/dl><dl class='gallery-item'>\n\t\t\t<dt class='gallery-icon landscape'>\n\t\t\t\t<a href='https:\/\/www.riogrande.rs.gov.br\/smed\/wp-content\/uploads\/2019\/08\/20190806-pmrg3.jpeg' rel=\"lightbox[34843]\"><img loading=\"lazy\" decoding=\"async\" width=\"150\" height=\"150\" src=\"https:\/\/www.riogrande.rs.gov.br\/smed\/wp-content\/uploads\/2019\/08\/20190806-pmrg3-150x150.jpeg\" class=\"attachment-thumbnail size-thumbnail\" alt=\"\" aria-describedby=\"gallery-1-34846\" \/><\/a>\n\t\t\t<\/dt>\n\t\t\t\t<dd class='wp-caption-text gallery-caption' id='gallery-1-34846'>\n\t\t\t\tDivulga\u00e7\u00e3o\n\t\t\t\t<\/dd><\/dl><br style=\"clear: both\" \/>\n\t\t<\/div>\n\n<p style=\"text-align: justify;\">Fonte: <a href=\"http:\/\/www.riogrande.rs.gov.br\/promotores-da-paz-iniciam-atividades-do-2o-semestre\/\" target=\"_blank\" rel=\"noopener noreferrer\"><strong>www.riogrande.rs.gov.br<\/strong><\/a><\/p>\n<p style=\"text-align: justify;\">Com a palestra: \u201c<strong>Dicas de Seguran\u00e7a no Cotidiano e no Uso das Redes Sociais<\/strong>\u201d, a Prefeitura do Rio Grande, atrav\u00e9s da Guarda Municipal, iniciou na manh\u00e3 de ontem (5) as atividades do segundo semestre do projeto \u201c<strong>Promotores da Paz<\/strong>\u201d.<\/p>\n<p><!--more--><\/p>\n<p style=\"text-align: justify;\">A a\u00e7\u00e3o, que configura o quarto ciclo de palestras desde o in\u00edcio do programa, foi desenvolvida com alunos do 6\u00ba ano da EMEF Olavo Bilac, na Vila da Quinta, e ainda passar\u00e1 por mais tr\u00eas escolas.<\/p>\n<p style=\"text-align: justify;\">Ao todo, seis institui\u00e7\u00f5es de ensino participam do projeto nesta primeira edi\u00e7\u00e3o, s\u00e3o elas, al\u00e9m da EMEF Olavo Bilac, as escolas: Mate Amargo, Altamir de Lacerda, Admar Corr\u00eaa, Zelly Pereira Esmeraldo, Viriato Correa e Frederico Ernesto Buccholz.<\/p>\n<p style=\"text-align: justify;\"><strong>Promotores da Paz<\/strong><\/p>\n<p style=\"text-align: justify;\">O \u201c<strong>Promotores da Paz<\/strong>\u201d \u00e9 organizado e executado pela Guarda Municipal do Rio Grande com o objetivo de estabelecer uma aproxima\u00e7\u00e3o ainda maior com a comunidade escolar tendo a justificativa de que as rela\u00e7\u00f5es sociais que se estabelecem na escola, assim como na fam\u00edlia, possibilitam que o indiv\u00edduo tenha uma percep\u00e7\u00e3o cr\u00edtica de si e da sociedade, compreendendo com mais facilidade seu papel perante a constru\u00e7\u00e3o coletiva e de respeito ao pr\u00f3ximo.<\/p>\n<p style=\"text-align: justify;\">Nesse sentido, o projeto consiste na realiza\u00e7\u00e3o de aulas e outras atividades pedag\u00f3gicas que tratam de assuntos como civismo, cidadania, inclus\u00e3o social, pertencimento, drogadi\u00e7\u00e3o, dicas de seguran\u00e7a pessoal, meio ambiente e etc. A meta \u00e9 refor\u00e7ar e\/ ou despertar nos alunos a consci\u00eancia sobre suas virtudes e atitudes, al\u00e9m do conhecimento sobre seus direitos e deveres como cidad\u00e3os.<\/p>\n<p style=\"text-align: justify;\">Segundo informa\u00e7\u00f5es repassadas pela Secretaria de Mobilidade, Acessibilidade e Seguran\u00e7a (SMMAS), para planejar e ministrar as aulas e palestras do projeto foram selecionados Guardas Municipais que j\u00e1 possuem alguma forma\u00e7\u00e3o voltada para a \u00e1rea do ensino. Uma apostila que norteia as atividades foi elaborada por esse grupo de servidores e revisada pela Secretaria de Munic\u00edpio da Educa\u00e7\u00e3o (SMEd). Al\u00e9m disso, as a\u00e7\u00f5es do projeto foram inclu\u00eddas no calend\u00e1rio escolar oficial.<\/p>\n<p style=\"text-align: right;\"><em>Com informa\u00e7\u00f5es da SMMAS<\/em><br \/>\n<em>Fotos: Divulga\u00e7\u00e3o\/SMMAS<\/em><\/p>\n","protected":false},"excerpt":{"rendered":"<p>Fonte: www.riogrande.rs.gov.br Com a palestra: \u201cDicas de Seguran\u00e7a no Cotidiano e no Uso das Redes Sociais\u201d, a Prefeitura do Rio Grande, atrav\u00e9s da Guarda Municipal, iniciou na manh\u00e3 de ontem (5) as atividades do segundo semestre do projeto \u201cPromotores da Paz\u201d.<\/p>\n","protected":false},"author":7,"featured_media":0,"comment_status":"closed","ping_status":"closed","sticky":false,"template":"","format":"standard","meta":{"footnotes":""},"categories":[1,13],"tags":[],"class_list":["post-34843","post","type-post","status-publish","format-standard","hentry","category-noticias","category-pedagogico"],"_links":{"self":[{"href":"https:\/\/www.riogrande.rs.gov.br\/smed\/index.php?rest_route=\/wp\/v2\/posts\/34843"}],"collection":[{"href":"https:\/\/www.riogrande.rs.gov.br\/smed\/index.php?rest_route=\/wp\/v2\/posts"}],"about":[{"href":"https:\/\/www.riogrande.rs.gov.br\/smed\/index.php?rest_route=\/wp\/v2\/types\/post"}],"author":[{"embeddable":true,"href":"https:\/\/www.riogrande.rs.gov.br\/smed\/index.php?rest_route=\/wp\/v2\/users\/7"}],"replies":[{"embeddable":true,"href":"https:\/\/www.riogrande.rs.gov.br\/smed\/index.php?rest_route=%2Fwp%2Fv2%2Fcomments&post=34843"}],"version-history":[{"count":1,"href":"https:\/\/www.riogrande.rs.gov.br\/smed\/index.php?rest_route=\/wp\/v2\/posts\/34843\/revisions"}],"predecessor-version":[{"id":34847,"href":"https:\/\/www.riogrande.rs.gov.br\/smed\/index.php?rest_route=\/wp\/v2\/posts\/34843\/revisions\/34847"}],"wp:attachment":[{"href":"https:\/\/www.riogrande.rs.gov.br\/smed\/index.php?rest_route=%2Fwp%2Fv2%2Fmedia&parent=34843"}],"wp:term":[{"taxonomy":"category","embeddable":true,"href":"https:\/\/www.riogrande.rs.gov.br\/smed\/index.php?rest_route=%2Fwp%2Fv2%2Fcategories&post=34843"},{"taxonomy":"post_tag","embeddable":true,"href":"https:\/\/www.riogrande.rs.gov.br\/smed\/index.php?rest_route=%2Fwp%2Fv2%2Ftags&post=34843"}],"curies":[{"name":"wp","href":"https:\/\/api.w.org\/{rel}","templated":true}]}}