{"id":34833,"date":"2019-08-05T15:35:44","date_gmt":"2019-08-05T18:35:44","guid":{"rendered":"http:\/\/www.riogrande.rs.gov.br\/smed\/?p=34833"},"modified":"2019-08-05T15:35:44","modified_gmt":"2019-08-05T18:35:44","slug":"rio-grande-sera-sede-da-2a-edicao-do-festival-paralimpico","status":"publish","type":"post","link":"https:\/\/www.riogrande.rs.gov.br\/smed\/?p=34833","title":{"rendered":"Rio Grande ser\u00e1 Sede da \u201c2\u00aa edi\u00e7\u00e3o do Festival Paral\u00edmpico\u201d"},"content":{"rendered":"\n\t\t<style type=\"text\/css\">\n\t\t\t#gallery-1 {\n\t\t\t\tmargin: auto;\n\t\t\t}\n\t\t\t#gallery-1 .gallery-item {\n\t\t\t\tfloat: left;\n\t\t\t\tmargin-top: 10px;\n\t\t\t\ttext-align: center;\n\t\t\t\twidth: 50%;\n\t\t\t}\n\t\t\t#gallery-1 img {\n\t\t\t\tborder: 2px solid #cfcfcf;\n\t\t\t}\n\t\t\t#gallery-1 .gallery-caption {\n\t\t\t\tmargin-left: 0;\n\t\t\t}\n\t\t\t\/* see gallery_shortcode() in wp-includes\/media.php *\/\n\t\t<\/style>\n\t\t<div id='gallery-1' class='gallery galleryid-34833 gallery-columns-2 gallery-size-thumbnail'><dl class='gallery-item'>\n\t\t\t<dt class='gallery-icon portrait'>\n\t\t\t\t<a href='https:\/\/www.riogrande.rs.gov.br\/smed\/wp-content\/uploads\/2019\/08\/20190805-ped-paralimpico-image1.jpg' rel=\"lightbox[34833]\"><img loading=\"lazy\" decoding=\"async\" width=\"150\" height=\"150\" src=\"https:\/\/www.riogrande.rs.gov.br\/smed\/wp-content\/uploads\/2019\/08\/20190805-ped-paralimpico-image1-150x150.jpg\" class=\"attachment-thumbnail size-thumbnail\" alt=\"\" aria-describedby=\"gallery-1-34835\" \/><\/a>\n\t\t\t<\/dt>\n\t\t\t\t<dd class='wp-caption-text gallery-caption' id='gallery-1-34835'>\n\t\t\t\tDivulga\u00e7\u00e3o\n\t\t\t\t<\/dd><\/dl><dl class='gallery-item'>\n\t\t\t<dt class='gallery-icon portrait'>\n\t\t\t\t<a href='https:\/\/www.riogrande.rs.gov.br\/smed\/wp-content\/uploads\/2019\/08\/20190805-ped-paralimpico-image2.jpg' rel=\"lightbox[34833]\"><img loading=\"lazy\" decoding=\"async\" width=\"150\" height=\"150\" src=\"https:\/\/www.riogrande.rs.gov.br\/smed\/wp-content\/uploads\/2019\/08\/20190805-ped-paralimpico-image2-150x150.jpg\" class=\"attachment-thumbnail size-thumbnail\" alt=\"\" aria-describedby=\"gallery-1-34836\" \/><\/a>\n\t\t\t<\/dt>\n\t\t\t\t<dd class='wp-caption-text gallery-caption' id='gallery-1-34836'>\n\t\t\t\tDivulga\u00e7\u00e3o\n\t\t\t\t<\/dd><\/dl><br style=\"clear: both\" \/>\n\t\t<\/div>\n\n<p style=\"text-align: justify;\">Em comemora\u00e7\u00e3o ao <b>Dia Nacional do Atleta Paral\u00edmpico<\/b>, 22 de setembro, o Comit\u00ea Paral\u00edmpico Brasileiro (CPB) promover\u00e1 a \u201c<b>2\u00aa edi\u00e7\u00e3o do Festival Paral\u00edmpico<\/b>\u201d, que acontecer\u00e1 em 69 cidades do Brasil,\u00a0 no dia <b>21 de setembro<\/b>.<\/p>\n<p style=\"text-align: justify;\"><!--more--><\/p>\n<p style=\"text-align: justify;\">A data foi institu\u00edda a partir do Decreto de Lei N\u00ba 12.622, de 8 de maio de 2012, mas apenas come\u00e7ou a ser comemorada em 2014. Tamb\u00e9m no dia 22, comemora-se a funda\u00e7\u00e3o do Comit\u00ea Paral\u00edmpico Internacional (IPC, na sigla em ingl\u00eas), que completar\u00e1 30 anos de exist\u00eancia. A entidade \u00e9 a autoridade m\u00e1xima do paradesporto e det\u00e9m o direito de organizar os Jogos Paral\u00edmpicos.<\/p>\n<p style=\"text-align: justify;\">O Festival Paral\u00edmpico tem por finalidade promover 03 modalidades paral\u00edmpicas em cada n\u00facleo, distribu\u00eddos em todo o territ\u00f3rio nacional, de forma l\u00fadica, para um grupo de at\u00e9 50 crian\u00e7as com defici\u00eancia em cada modalidade, na faixa et\u00e1ria de 10 a 17 anos, de ambos os g\u00eaneros, em forma de circuito.<\/p>\n<p style=\"text-align: justify;\">No Rio Grande do Sul, 05 cidades foram escolhidas para sediar o \u201cFestival Paral\u00edmpico 2019\u201d: Gravata\u00ed, Porto Alegre, Rio Grande, Santa Cruz do Sul e Santo \u00c2ngelo. Em Rio Grande, a atividade ser\u00e1 realizada no Centro Esportivo da Universidade Federal do Rio Grande, que receber\u00e1 um grupo de 150 alunos(as), que participar\u00e3o das seguintes modalidades: Goalball, Atletismo e Bocha.<\/p>\n<p style=\"text-align: justify;\">O Festival Paral\u00edmpico na cidade do Rio Grande \u00e9 organizado pela Secretaria de Munic\u00edpio da Educa\u00e7\u00e3o (SMEd), atrav\u00e9s do Projeto Paradesporto e da Assessoria de Educa\u00e7\u00e3o F\u00edsica, com o apoio da Universidade Federal do Rio Grande, atrav\u00e9s do Curso de Educa\u00e7\u00e3o F\u00edsica e da Pr\u00f3-Reitoria de Extens\u00e3o, e Faculdades Anhanguera.<\/p>\n<p style=\"text-align: justify;\">Para maiores informa\u00e7\u00f5es sobre a realiza\u00e7\u00e3o do \u201c2\u00ba Festival Paral\u00edmpico\u201d, acesse <a href=\"http:\/\/www.riogrande.rs.gov.br\/smed\/wp-content\/uploads\/2019\/08\/20190805-informativo_paralimpico.pdf\" target=\"_blank\" rel=\"noopener noreferrer\"><b>aqui<\/b><\/a>.<\/p>\n<p style=\"text-align: justify;\">O per\u00edodo de inscri\u00e7\u00f5es para o \u201c2\u00ba Festival Paral\u00edmpico\u201d iniciou nesta segunda-feira, dia <b>05 de agosto<\/b> e vai at\u00e9 dia <b>31 de agosto<\/b>. Para realizar a inscri\u00e7\u00e3o, acesse <a href=\"https:\/\/docs.google.com\/forms\/d\/e\/1FAIpQLScGyi3K1EmxOi6ZmN-9tz8AhwG4B_6FXGpsG8z6FQk3NSPfDQ\/viewform\" target=\"_blank\" rel=\"noopener noreferrer\"><b>aqui<\/b><\/a>.<\/p>\n<p>&nbsp;<\/p>\n<p style=\"text-align: right;\">\n<p style=\"text-align: right;\"><em>SMEd<\/em><br \/>\n<em>Roberton Reis<\/em><br \/>\n<em>Com informa\u00e7\u00f5es da Assessoria de Educa\u00e7\u00e3o F\u00edsica<\/em><\/p>\n","protected":false},"excerpt":{"rendered":"<p>Em comemora\u00e7\u00e3o ao Dia Nacional do Atleta Paral\u00edmpico, 22 de setembro, o Comit\u00ea Paral\u00edmpico Brasileiro (CPB) promover\u00e1 a \u201c2\u00aa edi\u00e7\u00e3o do Festival Paral\u00edmpico\u201d, que acontecer\u00e1 em 69 cidades do Brasil,\u00a0 no dia 21 de setembro.<\/p>\n","protected":false},"author":7,"featured_media":0,"comment_status":"closed","ping_status":"closed","sticky":false,"template":"","format":"standard","meta":{"footnotes":""},"categories":[1,13],"tags":[],"class_list":["post-34833","post","type-post","status-publish","format-standard","hentry","category-noticias","category-pedagogico"],"_links":{"self":[{"href":"https:\/\/www.riogrande.rs.gov.br\/smed\/index.php?rest_route=\/wp\/v2\/posts\/34833"}],"collection":[{"href":"https:\/\/www.riogrande.rs.gov.br\/smed\/index.php?rest_route=\/wp\/v2\/posts"}],"about":[{"href":"https:\/\/www.riogrande.rs.gov.br\/smed\/index.php?rest_route=\/wp\/v2\/types\/post"}],"author":[{"embeddable":true,"href":"https:\/\/www.riogrande.rs.gov.br\/smed\/index.php?rest_route=\/wp\/v2\/users\/7"}],"replies":[{"embeddable":true,"href":"https:\/\/www.riogrande.rs.gov.br\/smed\/index.php?rest_route=%2Fwp%2Fv2%2Fcomments&post=34833"}],"version-history":[{"count":1,"href":"https:\/\/www.riogrande.rs.gov.br\/smed\/index.php?rest_route=\/wp\/v2\/posts\/34833\/revisions"}],"predecessor-version":[{"id":34837,"href":"https:\/\/www.riogrande.rs.gov.br\/smed\/index.php?rest_route=\/wp\/v2\/posts\/34833\/revisions\/34837"}],"wp:attachment":[{"href":"https:\/\/www.riogrande.rs.gov.br\/smed\/index.php?rest_route=%2Fwp%2Fv2%2Fmedia&parent=34833"}],"wp:term":[{"taxonomy":"category","embeddable":true,"href":"https:\/\/www.riogrande.rs.gov.br\/smed\/index.php?rest_route=%2Fwp%2Fv2%2Fcategories&post=34833"},{"taxonomy":"post_tag","embeddable":true,"href":"https:\/\/www.riogrande.rs.gov.br\/smed\/index.php?rest_route=%2Fwp%2Fv2%2Ftags&post=34833"}],"curies":[{"name":"wp","href":"https:\/\/api.w.org\/{rel}","templated":true}]}}