{"id":34799,"date":"2019-08-01T15:51:09","date_gmt":"2019-08-01T18:51:09","guid":{"rendered":"http:\/\/www.riogrande.rs.gov.br\/smed\/?p=34799"},"modified":"2019-08-01T15:54:20","modified_gmt":"2019-08-01T18:54:20","slug":"professoresas-da-educacao-infantil-e-dos-anos-iniciais-podem-inscrever-se-para-o-curso-de-formacao-continuada-em-esporte-educacional","status":"publish","type":"post","link":"https:\/\/www.riogrande.rs.gov.br\/smed\/?p=34799","title":{"rendered":"Professores(as) da Educa\u00e7\u00e3o Infantil e dos Anos Iniciais podem inscrever-se para o \u201cCurso de Forma\u00e7\u00e3o Continuada em Esporte Educacional\u201d"},"content":{"rendered":"<div id=\"attachment_34801\" style=\"width: 395px\" class=\"wp-caption aligncenter\"><a href=\"http:\/\/www.riogrande.rs.gov.br\/smed\/wp-content\/uploads\/2019\/08\/20190801-ped-esporte-image1.png\" rel=\"lightbox[34799]\"><img loading=\"lazy\" decoding=\"async\" aria-describedby=\"caption-attachment-34801\" class=\"size-full wp-image-34801\" src=\"http:\/\/www.riogrande.rs.gov.br\/smed\/wp-content\/uploads\/2019\/08\/20190801-ped-esporte-image1.png\" alt=\"\" width=\"385\" height=\"123\" \/><\/a><p id=\"caption-attachment-34801\" class=\"wp-caption-text\">Divulga\u00e7\u00e3o<\/p><\/div>\n<p style=\"text-align: justify;\"><span style=\"font-weight: 400;\">A Secretaria de Munic\u00edpio da Educa\u00e7\u00e3o de Rio Grande (SMEd), atrav\u00e9s do N\u00facleo dos Anos Iniciais e do N\u00facleo dos Anos Finais do Ensino Fundamental, em parceria com o Instituto Esporte e Educa\u00e7\u00e3o (IEE), promover\u00e1 o Curso de\u00a0 Forma\u00e7\u00e3o Continuada em Esporte Educacional.<\/span><\/p>\n<p><!--more--><\/p>\n<p style=\"text-align: justify;\"><span style=\"font-weight: 400;\">O Curso ser\u00e1 destinado, prioritariamente, a professores(as) de Educa\u00e7\u00e3o F\u00edsica que atuam na Educa\u00e7\u00e3o Infantil e Anos Iniciais; a professores(as) que atuam na Hora-Atividade e trabalham com Educa\u00e7\u00e3o F\u00edsica; e a professores(as) regentes de turmas da Educa\u00e7\u00e3o Infantil e Anos Iniciais do Ensino Fundamental. Os demais docentes interessados ter\u00e3o sua inscri\u00e7\u00e3o homologada mediante disponibilidade de vagas. As tem\u00e1ticas abordadas nos encontros ser\u00e3o: Educa\u00e7\u00e3o F\u00edsica Escolar, Linguagem Corporal, Alfabetiza\u00e7\u00e3o Corporal e Esporte Educacional.<\/span><\/p>\n<p style=\"text-align: justify;\"><span style=\"font-weight: 400;\">Os Encontros de Forma\u00e7\u00e3o Continuada ocorrer\u00e3o na <\/span><b>EMEF Frederico Ernesto Buchholz <\/b><span style=\"font-weight: 400;\">(rua EUA do Norte. S\/N\u00ba, bairro Jun\u00e7\u00e3o), nos dias <\/span><b>29 de agosto<\/b><span style=\"font-weight: 400;\">,<\/span><b> 19 de setembro<\/b><span style=\"font-weight: 400;\"> e<\/span><b> 03 de outubro<\/b><span style=\"font-weight: 400;\">, nos turnos da manh\u00e3<\/span> <span style=\"font-weight: 400;\">(<\/span><b>das 8h \u00e0s 12h<\/b><span style=\"font-weight: 400;\">) e da tarde<\/span> <span style=\"font-weight: 400;\">(<\/span><b>das 13h30min \u00e0s 17h30min<\/b><span style=\"font-weight: 400;\">),<\/span> <span style=\"font-weight: 400;\">totalizando<\/span><b> 30 horas<\/b><span style=\"font-weight: 400;\"> (24 horas de atividades presenciais e 06 horas de atividades a dist\u00e2ncia).\u00a0\u00a0<\/span><\/p>\n<p style=\"text-align: justify;\"><span style=\"font-weight: 400;\">Ao todo, ser\u00e3o ofertadas <\/span><b>40 vagas<\/b><span style=\"font-weight: 400;\">. As inscri\u00e7\u00f5es devem ser feitas no per\u00edodo de <\/span><b>1\u00ba a 07 de agosto<\/b><span style=\"font-weight: 400;\">, acessando <\/span><a href=\"https:\/\/docs.google.com\/forms\/d\/e\/1FAIpQLScCRnRPG37DTov2LV-i4eXCbMYui_A7NXbZ3Jl-K1uk3wIdIA\/viewform\" target=\"_blank\" rel=\"noopener noreferrer\"><b>aqui<\/b><\/a><span style=\"font-weight: 400;\">.<\/span><\/p>\n<p style=\"text-align: right;\"><em><span style=\"font-weight: 400;\">SMEd<\/span><\/em><br \/>\n<em><span style=\"font-weight: 400;\">Roberton Reis<\/span><\/em><\/p>\n","protected":false},"excerpt":{"rendered":"<p>A Secretaria de Munic\u00edpio da Educa\u00e7\u00e3o de Rio Grande (SMEd), atrav\u00e9s do N\u00facleo dos Anos Iniciais e do N\u00facleo dos Anos Finais do Ensino Fundamental, em parceria com o Instituto Esporte e Educa\u00e7\u00e3o (IEE), promover\u00e1 o Curso de\u00a0 Forma\u00e7\u00e3o Continuada em Esporte Educacional.<\/p>\n","protected":false},"author":7,"featured_media":0,"comment_status":"closed","ping_status":"closed","sticky":false,"template":"","format":"standard","meta":{"footnotes":""},"categories":[1,13],"tags":[],"class_list":["post-34799","post","type-post","status-publish","format-standard","hentry","category-noticias","category-pedagogico"],"_links":{"self":[{"href":"https:\/\/www.riogrande.rs.gov.br\/smed\/index.php?rest_route=\/wp\/v2\/posts\/34799"}],"collection":[{"href":"https:\/\/www.riogrande.rs.gov.br\/smed\/index.php?rest_route=\/wp\/v2\/posts"}],"about":[{"href":"https:\/\/www.riogrande.rs.gov.br\/smed\/index.php?rest_route=\/wp\/v2\/types\/post"}],"author":[{"embeddable":true,"href":"https:\/\/www.riogrande.rs.gov.br\/smed\/index.php?rest_route=\/wp\/v2\/users\/7"}],"replies":[{"embeddable":true,"href":"https:\/\/www.riogrande.rs.gov.br\/smed\/index.php?rest_route=%2Fwp%2Fv2%2Fcomments&post=34799"}],"version-history":[{"count":5,"href":"https:\/\/www.riogrande.rs.gov.br\/smed\/index.php?rest_route=\/wp\/v2\/posts\/34799\/revisions"}],"predecessor-version":[{"id":34805,"href":"https:\/\/www.riogrande.rs.gov.br\/smed\/index.php?rest_route=\/wp\/v2\/posts\/34799\/revisions\/34805"}],"wp:attachment":[{"href":"https:\/\/www.riogrande.rs.gov.br\/smed\/index.php?rest_route=%2Fwp%2Fv2%2Fmedia&parent=34799"}],"wp:term":[{"taxonomy":"category","embeddable":true,"href":"https:\/\/www.riogrande.rs.gov.br\/smed\/index.php?rest_route=%2Fwp%2Fv2%2Fcategories&post=34799"},{"taxonomy":"post_tag","embeddable":true,"href":"https:\/\/www.riogrande.rs.gov.br\/smed\/index.php?rest_route=%2Fwp%2Fv2%2Ftags&post=34799"}],"curies":[{"name":"wp","href":"https:\/\/api.w.org\/{rel}","templated":true}]}}