{"id":34607,"date":"2019-07-12T14:02:13","date_gmt":"2019-07-12T17:02:13","guid":{"rendered":"http:\/\/www.riogrande.rs.gov.br\/smed\/?p=34607"},"modified":"2019-07-12T14:02:13","modified_gmt":"2019-07-12T17:02:13","slug":"smed-e-sesc-promovem-2a-batalha-interescolar-acontece-nesta-sabado-dia-13","status":"publish","type":"post","link":"https:\/\/www.riogrande.rs.gov.br\/smed\/?p=34607","title":{"rendered":"SMEd e SESC promovem \u201c2\u00aa Batalha Interescolar\u201d acontece nesta s\u00e1bado, dia 13"},"content":{"rendered":"<div id=\"attachment_34575\" style=\"width: 495px\" class=\"wp-caption aligncenter\"><a href=\"http:\/\/www.riogrande.rs.gov.br\/smed\/wp-content\/uploads\/2019\/07\/20190711-ped-batalha-image1.jpg\" rel=\"lightbox[34607]\"><img loading=\"lazy\" decoding=\"async\" aria-describedby=\"caption-attachment-34575\" class=\"size-medium wp-image-34575\" src=\"http:\/\/www.riogrande.rs.gov.br\/smed\/wp-content\/uploads\/2019\/07\/20190711-ped-batalha-image1-485x647.jpg\" alt=\"\" width=\"485\" height=\"647\" srcset=\"https:\/\/www.riogrande.rs.gov.br\/smed\/wp-content\/uploads\/2019\/07\/20190711-ped-batalha-image1-485x647.jpg 485w, https:\/\/www.riogrande.rs.gov.br\/smed\/wp-content\/uploads\/2019\/07\/20190711-ped-batalha-image1-155x207.jpg 155w, https:\/\/www.riogrande.rs.gov.br\/smed\/wp-content\/uploads\/2019\/07\/20190711-ped-batalha-image1-624x832.jpg 624w, https:\/\/www.riogrande.rs.gov.br\/smed\/wp-content\/uploads\/2019\/07\/20190711-ped-batalha-image1.jpg 720w\" sizes=\"(max-width: 485px) 100vw, 485px\" \/><\/a><p id=\"caption-attachment-34575\" class=\"wp-caption-text\">Divulga\u00e7\u00e3o<\/p><\/div>\n<p style=\"text-align: justify;\"><span style=\"font-weight: 400;\">A Secretaria de Munic\u00edpio da Educa\u00e7\u00e3o de Rio Grande (SMEd), em parceria com o Servi\u00e7o Social do Com\u00e9rcio (SESC), desenvolveu, pelo segundo ano consecutivo, em quatro escolas da rede p\u00fablica municipal de ensino, o Projeto \u201c<\/span><b>Cultura Urbana: Batalha Interescolar<\/b><span style=\"font-weight: 400;\">\u201d.<\/span><\/p>\n<p style=\"text-align: justify;\"><!--more--><\/p>\n<p style=\"text-align: justify;\"><span style=\"font-weight: 400;\">A \u201c<strong>2\u00aa Batalha Interescolar do Rio Grande<\/strong>\u201d consiste em uma Batalha de Rap, que \u00e9 o resultado final de oficinas desenvolvidas nas Escolas Municipais de Ensino Fundamental Zelly Pereira Esmeraldo, Cidade do Rio Grande\/CAIC, Assis Brasil e Jo\u00e3o de Oliveira Martins, que est\u00e3o localizadas na Zona Oeste da Cidade.<\/span><\/p>\n<p style=\"text-align: justify;\"><span style=\"font-weight: 400;\">As oficinas, que aconteceram no contraturno escolar, oportunizando aos estudantes, al\u00e9m do contato com a m\u00fasica e a rima, momentos de reflex\u00e3o a partir dos temas apresentados,foram ministradas por <\/span><strong>MR Dione<\/strong><span style=\"font-weight: 400;\"><strong>s<\/strong> e<\/span><b> MC Diz\u00e9ro<\/b><span style=\"font-weight: 400;\">.<\/span><\/p>\n<p style=\"text-align: justify;\"><span style=\"font-weight: 400;\">A escolha dessas escolas deu-se de acordo com a an\u00e1lise do cen\u00e1rio emergente na cidade do Rio Grande, bem como a indica\u00e7\u00e3o dos oficineiros, os quais foram selecionados por realizarem um trabalho de suma import\u00e2ncia e reconhecimento do meio cultural urbano no Munic\u00edpio.<\/span><\/p>\n<p style=\"text-align: justify;\"><span style=\"font-weight: 400;\">Nos dias 08 e 09 de julho ocorreram as batalhas escolares nos recreios das quatro escolas. No pr\u00f3ximo s\u00e1bado, dia 13 de julho, \u00e0s 14h, no Cidec-Sul da Furg, acontecer\u00e1 a Batalha de Rap com os(as) estudantes finalistas. Tamb\u00e9m acontecer\u00e3o shows de MC Diz\u00e9ro, Mr Diones e F\u00f3rmula Sonora, al\u00e9m de uma viv\u00eancia em Grafitti para o Grupo da Maturidade Ativa\/Sesc.<\/span><\/p>\n<p style=\"text-align: justify;\"><span style=\"font-weight: 400;\">A Batalha de Rap consiste em um jogo de rap, envolvendo improvisa\u00e7\u00e3o, rima e ritmo. Primeiro \u00e9 definida a tem\u00e1tica, logo ap\u00f3s \u00e9 feito um sorteio ou o grupo ser\u00e1 dividido em duplas. A apresenta\u00e7\u00e3o acontece em forma de uma disputa dessa dupla previamente sorteada. Em seguida, a plateia vota de dois a dois, at\u00e9 chegar na final e no vencedor.<\/span><\/p>\n<p style=\"text-align: justify;\"><span style=\"font-weight: 400;\">O evento \u00e9 gratuito, aberto \u00e0 comunidade e integra o projeto Cultura Urbana, que \u00e9 desenvolvido pelo Sistema Fecom\u00e9rcio\/Sesc e conta com importantes e fundamentais parceiros, como a Prefeitura de Rio Grande, por meio da Secretaria de Munic\u00edpio da Educa\u00e7\u00e3o e da Secretaria de Munic\u00edpio da Cultura; e a Universidade Federal do Rio Grande, atrav\u00e9s da Dire\u00e7\u00e3o de Arte e Cultura.<\/span><\/p>\n<p><span style=\"font-weight: 400;\">Servi\u00e7o:\u00a0 2\u00aa edi\u00e7\u00e3o do Projeto \u201cCultura Urbana: Batalha Interescolar\u201d<\/span><br \/>\n<span style=\"font-weight: 400;\">Dia: 13 de julho<\/span><br \/>\n<span style=\"font-weight: 400;\">Hor\u00e1rio: das 14h \u00e0s 18h<\/span><br \/>\n<span style=\"font-weight: 400;\">Local: Cidec-Sul da Furg<\/span><br \/>\n<span style=\"font-weight: 400;\">Evento gratuito e aberto \u00e0 comunidade<\/span><\/p>\n<p style=\"text-align: right;\"><i><span style=\"font-weight: 400;\">SMEd<\/span><\/i><br \/>\n<i><span style=\"font-weight: 400;\">Roberton Reis<\/span><\/i><\/p>\n","protected":false},"excerpt":{"rendered":"<p>A Secretaria de Munic\u00edpio da Educa\u00e7\u00e3o de Rio Grande (SMEd), em parceria com o Servi\u00e7o Social do Com\u00e9rcio (SESC), desenvolveu, pelo segundo ano consecutivo, em quatro escolas da rede p\u00fablica municipal de ensino, o Projeto \u201cCultura Urbana: Batalha Interescolar\u201d.<\/p>\n","protected":false},"author":7,"featured_media":0,"comment_status":"closed","ping_status":"closed","sticky":false,"template":"","format":"standard","meta":{"footnotes":""},"categories":[1,13],"tags":[],"class_list":["post-34607","post","type-post","status-publish","format-standard","hentry","category-noticias","category-pedagogico"],"_links":{"self":[{"href":"https:\/\/www.riogrande.rs.gov.br\/smed\/index.php?rest_route=\/wp\/v2\/posts\/34607"}],"collection":[{"href":"https:\/\/www.riogrande.rs.gov.br\/smed\/index.php?rest_route=\/wp\/v2\/posts"}],"about":[{"href":"https:\/\/www.riogrande.rs.gov.br\/smed\/index.php?rest_route=\/wp\/v2\/types\/post"}],"author":[{"embeddable":true,"href":"https:\/\/www.riogrande.rs.gov.br\/smed\/index.php?rest_route=\/wp\/v2\/users\/7"}],"replies":[{"embeddable":true,"href":"https:\/\/www.riogrande.rs.gov.br\/smed\/index.php?rest_route=%2Fwp%2Fv2%2Fcomments&post=34607"}],"version-history":[{"count":1,"href":"https:\/\/www.riogrande.rs.gov.br\/smed\/index.php?rest_route=\/wp\/v2\/posts\/34607\/revisions"}],"predecessor-version":[{"id":34608,"href":"https:\/\/www.riogrande.rs.gov.br\/smed\/index.php?rest_route=\/wp\/v2\/posts\/34607\/revisions\/34608"}],"wp:attachment":[{"href":"https:\/\/www.riogrande.rs.gov.br\/smed\/index.php?rest_route=%2Fwp%2Fv2%2Fmedia&parent=34607"}],"wp:term":[{"taxonomy":"category","embeddable":true,"href":"https:\/\/www.riogrande.rs.gov.br\/smed\/index.php?rest_route=%2Fwp%2Fv2%2Fcategories&post=34607"},{"taxonomy":"post_tag","embeddable":true,"href":"https:\/\/www.riogrande.rs.gov.br\/smed\/index.php?rest_route=%2Fwp%2Fv2%2Ftags&post=34607"}],"curies":[{"name":"wp","href":"https:\/\/api.w.org\/{rel}","templated":true}]}}