{"id":34595,"date":"2019-07-12T13:47:52","date_gmt":"2019-07-12T16:47:52","guid":{"rendered":"http:\/\/www.riogrande.rs.gov.br\/smed\/?p=34595"},"modified":"2019-07-12T13:47:52","modified_gmt":"2019-07-12T16:47:52","slug":"emef-dom-pedro-ii-promoveu-formacao-sobre-avaliacao-institucional-no-dia-11","status":"publish","type":"post","link":"https:\/\/www.riogrande.rs.gov.br\/smed\/?p=34595","title":{"rendered":"EMEF Dom Pedro II promoveu Forma\u00e7\u00e3o sobre \u201cAvalia\u00e7\u00e3o Institucional\u201d no dia 11"},"content":{"rendered":"\n\t\t<style type=\"text\/css\">\n\t\t\t#gallery-1 {\n\t\t\t\tmargin: auto;\n\t\t\t}\n\t\t\t#gallery-1 .gallery-item {\n\t\t\t\tfloat: left;\n\t\t\t\tmargin-top: 10px;\n\t\t\t\ttext-align: center;\n\t\t\t\twidth: 33%;\n\t\t\t}\n\t\t\t#gallery-1 img {\n\t\t\t\tborder: 2px solid #cfcfcf;\n\t\t\t}\n\t\t\t#gallery-1 .gallery-caption {\n\t\t\t\tmargin-left: 0;\n\t\t\t}\n\t\t\t\/* see gallery_shortcode() in wp-includes\/media.php *\/\n\t\t<\/style>\n\t\t<div id='gallery-1' class='gallery galleryid-34595 gallery-columns-3 gallery-size-thumbnail'><dl class='gallery-item'>\n\t\t\t<dt class='gallery-icon landscape'>\n\t\t\t\t<a href='https:\/\/www.riogrande.rs.gov.br\/smed\/wp-content\/uploads\/2019\/07\/20190712-ped-pedro2-image1.jpg' rel=\"lightbox[34595]\"><img loading=\"lazy\" decoding=\"async\" width=\"150\" height=\"150\" src=\"https:\/\/www.riogrande.rs.gov.br\/smed\/wp-content\/uploads\/2019\/07\/20190712-ped-pedro2-image1-150x150.jpg\" class=\"attachment-thumbnail size-thumbnail\" alt=\"\" aria-describedby=\"gallery-1-34596\" \/><\/a>\n\t\t\t<\/dt>\n\t\t\t\t<dd class='wp-caption-text gallery-caption' id='gallery-1-34596'>\n\t\t\t\tDivulga\u00e7\u00e3o\n\t\t\t\t<\/dd><\/dl><dl class='gallery-item'>\n\t\t\t<dt class='gallery-icon landscape'>\n\t\t\t\t<a href='https:\/\/www.riogrande.rs.gov.br\/smed\/wp-content\/uploads\/2019\/07\/20190712-ped-pedro2-image2.jpg' rel=\"lightbox[34595]\"><img loading=\"lazy\" decoding=\"async\" width=\"150\" height=\"150\" src=\"https:\/\/www.riogrande.rs.gov.br\/smed\/wp-content\/uploads\/2019\/07\/20190712-ped-pedro2-image2-150x150.jpg\" class=\"attachment-thumbnail size-thumbnail\" alt=\"\" aria-describedby=\"gallery-1-34597\" \/><\/a>\n\t\t\t<\/dt>\n\t\t\t\t<dd class='wp-caption-text gallery-caption' id='gallery-1-34597'>\n\t\t\t\tDivulga\u00e7\u00e3o\n\t\t\t\t<\/dd><\/dl><dl class='gallery-item'>\n\t\t\t<dt class='gallery-icon landscape'>\n\t\t\t\t<a href='https:\/\/www.riogrande.rs.gov.br\/smed\/wp-content\/uploads\/2019\/07\/20190712-ped-pedro2-image3.jpg' rel=\"lightbox[34595]\"><img loading=\"lazy\" decoding=\"async\" width=\"150\" height=\"150\" src=\"https:\/\/www.riogrande.rs.gov.br\/smed\/wp-content\/uploads\/2019\/07\/20190712-ped-pedro2-image3-150x150.jpg\" class=\"attachment-thumbnail size-thumbnail\" alt=\"\" aria-describedby=\"gallery-1-34598\" \/><\/a>\n\t\t\t<\/dt>\n\t\t\t\t<dd class='wp-caption-text gallery-caption' id='gallery-1-34598'>\n\t\t\t\tDivulga\u00e7\u00e3o\n\t\t\t\t<\/dd><\/dl><br style=\"clear: both\" \/><dl class='gallery-item'>\n\t\t\t<dt class='gallery-icon landscape'>\n\t\t\t\t<a href='https:\/\/www.riogrande.rs.gov.br\/smed\/wp-content\/uploads\/2019\/07\/20190712-ped-pedro2-image4.jpg' rel=\"lightbox[34595]\"><img loading=\"lazy\" decoding=\"async\" width=\"150\" height=\"150\" src=\"https:\/\/www.riogrande.rs.gov.br\/smed\/wp-content\/uploads\/2019\/07\/20190712-ped-pedro2-image4-150x150.jpg\" class=\"attachment-thumbnail size-thumbnail\" alt=\"\" aria-describedby=\"gallery-1-34599\" \/><\/a>\n\t\t\t<\/dt>\n\t\t\t\t<dd class='wp-caption-text gallery-caption' id='gallery-1-34599'>\n\t\t\t\tDivulga\u00e7\u00e3o\n\t\t\t\t<\/dd><\/dl><dl class='gallery-item'>\n\t\t\t<dt class='gallery-icon landscape'>\n\t\t\t\t<a href='https:\/\/www.riogrande.rs.gov.br\/smed\/wp-content\/uploads\/2019\/07\/20190712-ped-pedro2-image5.jpg' rel=\"lightbox[34595]\"><img loading=\"lazy\" decoding=\"async\" width=\"150\" height=\"150\" src=\"https:\/\/www.riogrande.rs.gov.br\/smed\/wp-content\/uploads\/2019\/07\/20190712-ped-pedro2-image5-150x150.jpg\" class=\"attachment-thumbnail size-thumbnail\" alt=\"\" aria-describedby=\"gallery-1-34600\" \/><\/a>\n\t\t\t<\/dt>\n\t\t\t\t<dd class='wp-caption-text gallery-caption' id='gallery-1-34600'>\n\t\t\t\tDivulga\u00e7\u00e3o\n\t\t\t\t<\/dd><\/dl><dl class='gallery-item'>\n\t\t\t<dt class='gallery-icon portrait'>\n\t\t\t\t<a href='https:\/\/www.riogrande.rs.gov.br\/smed\/wp-content\/uploads\/2019\/07\/20190712-ped-pedro2-image6.jpg' rel=\"lightbox[34595]\"><img loading=\"lazy\" decoding=\"async\" width=\"150\" height=\"150\" src=\"https:\/\/www.riogrande.rs.gov.br\/smed\/wp-content\/uploads\/2019\/07\/20190712-ped-pedro2-image6-150x150.jpg\" class=\"attachment-thumbnail size-thumbnail\" alt=\"\" aria-describedby=\"gallery-1-34601\" \/><\/a>\n\t\t\t<\/dt>\n\t\t\t\t<dd class='wp-caption-text gallery-caption' id='gallery-1-34601'>\n\t\t\t\tDivulga\u00e7\u00e3o\n\t\t\t\t<\/dd><\/dl><br style=\"clear: both\" \/>\n\t\t<\/div>\n\n<p style=\"text-align: justify;\"><span style=\"font-weight: 400;\">Na \u00faltima quinta-feira, dia <\/span><b>11 de julho<\/b><span style=\"font-weight: 400;\">, a <strong>Escola Municipal de Ensino Fundamental<\/strong> <\/span><b>Dom Pedro II<\/b><span style=\"font-weight: 400;\">, que est\u00e1 localizada no bairro S\u00e3o Jo\u00e3o, promoveu forma\u00e7\u00e3o com os(as) professores(as) sobre a \u201c<\/span><b>Avalia\u00e7\u00e3o Institucional<\/b><span style=\"font-weight: 400;\">\u201d; a\u00e7\u00e3o proposta pela Secretaria de Munic\u00edpio da Educa\u00e7\u00e3o de Rio Grande (SMEd), <\/span><span style=\"font-weight: 400;\">a qual se constitui como um movimento democr\u00e1tico em que todos os segmentos da escola apresentam as suas opini\u00f5es, legitimando e qualificando o processo avaliativo.<\/span><\/p>\n<p style=\"text-align: justify;\"><!--more--><\/p>\n<p style=\"text-align: justify;\"><span style=\"font-weight: 400;\">\u201c<\/span><b>Nossa tripula\u00e7\u00e3o atracou em um novo porto e fizemos uma pausa em nossa\u00a0 navega\u00e7\u00e3o. Algumas vezes a tripula\u00e7\u00e3o precisa consultar a carta n\u00e1utica, pois n\u00e3o podemos navegar na incerteza nem mesmo ficar \u00e0 deriva. Vivenciamos\u00a0 um momento de reflex\u00e3o, de avalia\u00e7\u00e3o e de pensar em novas estrat\u00e9gias; momento de questionamentos. Onde queremos chegar? Estamos no caminho certo? Quais as possibilidades de mudan\u00e7a? Como podemos ser melhores?<\/b><span style=\"font-weight: 400;\">\u201d, destacou a equipe de Coordena\u00e7\u00e3o e Orienta\u00e7\u00e3o da EMEF Dom Pedro II.<\/span><\/p>\n<p style=\"text-align: justify;\"><span style=\"font-weight: 400;\">A equipe ainda comentou que \u201c<\/span><b>esse momento tamb\u00e9m nos permitiu visualizar o quanto j\u00e1 navegamos em busca do que queremos e como isso tem nos tornado incans\u00e1veis trabalhadores(as) que acreditam e buscam, cada vez mais, novos horizontes para nossos(as) alunos(as) e comunidade. Estamos muito felizes por\u00a0 experienciar esse momento de avalia\u00e7\u00e3o com nossa equipe<\/b><span style=\"font-weight: 400;\">\u201d.<\/span><\/p>\n<p>&nbsp;<\/p>\n<p style=\"text-align: right;\"><em><span style=\"font-weight: 400;\">SMEd<\/span><\/em><br \/>\n<em><span style=\"font-weight: 400;\">Roberton Reis<\/span><\/em><br \/>\n<em><span style=\"font-weight: 400;\">Com informa\u00e7\u00f5es da EMEF Dom Pedro II<\/span><\/em><\/p>\n","protected":false},"excerpt":{"rendered":"<p>Na \u00faltima quinta-feira, dia 11 de julho, a Escola Municipal de Ensino Fundamental Dom Pedro II, que est\u00e1 localizada no bairro S\u00e3o Jo\u00e3o, promoveu forma\u00e7\u00e3o com os(as) professores(as) sobre a \u201cAvalia\u00e7\u00e3o Institucional\u201d; a\u00e7\u00e3o proposta pela Secretaria de Munic\u00edpio da Educa\u00e7\u00e3o de Rio Grande (SMEd), a qual se constitui como um movimento democr\u00e1tico em que todos [&hellip;]<\/p>\n","protected":false},"author":7,"featured_media":0,"comment_status":"closed","ping_status":"closed","sticky":false,"template":"","format":"standard","meta":{"footnotes":""},"categories":[1,13],"tags":[],"class_list":["post-34595","post","type-post","status-publish","format-standard","hentry","category-noticias","category-pedagogico"],"_links":{"self":[{"href":"https:\/\/www.riogrande.rs.gov.br\/smed\/index.php?rest_route=\/wp\/v2\/posts\/34595"}],"collection":[{"href":"https:\/\/www.riogrande.rs.gov.br\/smed\/index.php?rest_route=\/wp\/v2\/posts"}],"about":[{"href":"https:\/\/www.riogrande.rs.gov.br\/smed\/index.php?rest_route=\/wp\/v2\/types\/post"}],"author":[{"embeddable":true,"href":"https:\/\/www.riogrande.rs.gov.br\/smed\/index.php?rest_route=\/wp\/v2\/users\/7"}],"replies":[{"embeddable":true,"href":"https:\/\/www.riogrande.rs.gov.br\/smed\/index.php?rest_route=%2Fwp%2Fv2%2Fcomments&post=34595"}],"version-history":[{"count":1,"href":"https:\/\/www.riogrande.rs.gov.br\/smed\/index.php?rest_route=\/wp\/v2\/posts\/34595\/revisions"}],"predecessor-version":[{"id":34602,"href":"https:\/\/www.riogrande.rs.gov.br\/smed\/index.php?rest_route=\/wp\/v2\/posts\/34595\/revisions\/34602"}],"wp:attachment":[{"href":"https:\/\/www.riogrande.rs.gov.br\/smed\/index.php?rest_route=%2Fwp%2Fv2%2Fmedia&parent=34595"}],"wp:term":[{"taxonomy":"category","embeddable":true,"href":"https:\/\/www.riogrande.rs.gov.br\/smed\/index.php?rest_route=%2Fwp%2Fv2%2Fcategories&post=34595"},{"taxonomy":"post_tag","embeddable":true,"href":"https:\/\/www.riogrande.rs.gov.br\/smed\/index.php?rest_route=%2Fwp%2Fv2%2Ftags&post=34595"}],"curies":[{"name":"wp","href":"https:\/\/api.w.org\/{rel}","templated":true}]}}