{"id":34593,"date":"2019-07-12T12:48:00","date_gmt":"2019-07-12T15:48:00","guid":{"rendered":"http:\/\/www.riogrande.rs.gov.br\/smed\/?p=34593"},"modified":"2019-07-12T12:48:00","modified_gmt":"2019-07-12T15:48:00","slug":"arraial-da-emef-mate-amargo-foi-transferido-para-o-dia-03-de-agosto","status":"publish","type":"post","link":"https:\/\/www.riogrande.rs.gov.br\/smed\/?p=34593","title":{"rendered":"\u201cArraial\u201d da EMEF Mate Amargo foi transferido para o dia 03 de agosto"},"content":{"rendered":"<p style=\"text-align: justify;\"><span style=\"font-weight: 400;\">A <strong>Escola Municipal de Ensino Fundamental<\/strong> <\/span><b>Mate Amargo<\/b><span style=\"font-weight: 400;\">, localizada no bairro Le\u00f4nidas, em virtude da previs\u00e3o de chuva para este s\u00e1bado, dia 13 de julho, est\u00e1 transferindo o seu \u201c<\/span><b>Arraial<\/b><span style=\"font-weight: 400;\">\u201d para o dia <\/span><b>03 de agosto<\/b><span style=\"font-weight: 400;\">, uma vez que o mesmo ser\u00e1 realizado na quadra da Escola, que n\u00e3o \u00e9 coberta. A atividade acontecer\u00e1 logo ap\u00f3s o retorno do recesso escolar.<\/span><\/p>\n<p style=\"text-align: right;\"><em><span style=\"font-weight: 400;\">SMEd<\/span><\/em><br \/>\n<em><span style=\"font-weight: 400;\">Roberton Reis<\/span><\/em><br \/>\n<em><span style=\"font-weight: 400;\">Com informa\u00e7\u00f5es da EMEF Mate Amargo<\/span><\/em><\/p>\n","protected":false},"excerpt":{"rendered":"<p>A Escola Municipal de Ensino Fundamental Mate Amargo, localizada no bairro Le\u00f4nidas, em virtude da previs\u00e3o de chuva para este s\u00e1bado, dia 13 de julho, est\u00e1 transferindo o seu \u201cArraial\u201d para o dia 03 de agosto, uma vez que o mesmo ser\u00e1 realizado na quadra da Escola, que n\u00e3o \u00e9 coberta. A atividade acontecer\u00e1 logo [&hellip;]<\/p>\n","protected":false},"author":7,"featured_media":0,"comment_status":"closed","ping_status":"closed","sticky":false,"template":"","format":"standard","meta":{"footnotes":""},"categories":[1,13],"tags":[],"class_list":["post-34593","post","type-post","status-publish","format-standard","hentry","category-noticias","category-pedagogico"],"_links":{"self":[{"href":"https:\/\/www.riogrande.rs.gov.br\/smed\/index.php?rest_route=\/wp\/v2\/posts\/34593"}],"collection":[{"href":"https:\/\/www.riogrande.rs.gov.br\/smed\/index.php?rest_route=\/wp\/v2\/posts"}],"about":[{"href":"https:\/\/www.riogrande.rs.gov.br\/smed\/index.php?rest_route=\/wp\/v2\/types\/post"}],"author":[{"embeddable":true,"href":"https:\/\/www.riogrande.rs.gov.br\/smed\/index.php?rest_route=\/wp\/v2\/users\/7"}],"replies":[{"embeddable":true,"href":"https:\/\/www.riogrande.rs.gov.br\/smed\/index.php?rest_route=%2Fwp%2Fv2%2Fcomments&post=34593"}],"version-history":[{"count":1,"href":"https:\/\/www.riogrande.rs.gov.br\/smed\/index.php?rest_route=\/wp\/v2\/posts\/34593\/revisions"}],"predecessor-version":[{"id":34594,"href":"https:\/\/www.riogrande.rs.gov.br\/smed\/index.php?rest_route=\/wp\/v2\/posts\/34593\/revisions\/34594"}],"wp:attachment":[{"href":"https:\/\/www.riogrande.rs.gov.br\/smed\/index.php?rest_route=%2Fwp%2Fv2%2Fmedia&parent=34593"}],"wp:term":[{"taxonomy":"category","embeddable":true,"href":"https:\/\/www.riogrande.rs.gov.br\/smed\/index.php?rest_route=%2Fwp%2Fv2%2Fcategories&post=34593"},{"taxonomy":"post_tag","embeddable":true,"href":"https:\/\/www.riogrande.rs.gov.br\/smed\/index.php?rest_route=%2Fwp%2Fv2%2Ftags&post=34593"}],"curies":[{"name":"wp","href":"https:\/\/api.w.org\/{rel}","templated":true}]}}