{"id":34583,"date":"2019-07-12T12:37:16","date_gmt":"2019-07-12T15:37:16","guid":{"rendered":"http:\/\/www.riogrande.rs.gov.br\/smed\/?p=34583"},"modified":"2019-07-12T12:37:51","modified_gmt":"2019-07-12T15:37:51","slug":"emef-altamir-de-lacerda-nascimento-realizou-a-etapa-escolar-da-1a-conferencia-municipal-infantojuvenil-de-educacao-ambiental-pertencer-e-preciso-no-dia-10","status":"publish","type":"post","link":"https:\/\/www.riogrande.rs.gov.br\/smed\/?p=34583","title":{"rendered":"EMEF Altamir de Lacerda Nascimento realizou a Etapa Escolar da \u201c1\u00aa Confer\u00eancia Municipal Infantojuvenil de Educa\u00e7\u00e3o Ambiental \u2013 Pertencer \u00e9 preciso!\u201d no dia 10"},"content":{"rendered":"\n\t\t<style type=\"text\/css\">\n\t\t\t#gallery-1 {\n\t\t\t\tmargin: auto;\n\t\t\t}\n\t\t\t#gallery-1 .gallery-item {\n\t\t\t\tfloat: left;\n\t\t\t\tmargin-top: 10px;\n\t\t\t\ttext-align: center;\n\t\t\t\twidth: 33%;\n\t\t\t}\n\t\t\t#gallery-1 img {\n\t\t\t\tborder: 2px solid #cfcfcf;\n\t\t\t}\n\t\t\t#gallery-1 .gallery-caption {\n\t\t\t\tmargin-left: 0;\n\t\t\t}\n\t\t\t\/* see gallery_shortcode() in wp-includes\/media.php *\/\n\t\t<\/style>\n\t\t<div id='gallery-1' class='gallery galleryid-34583 gallery-columns-3 gallery-size-thumbnail'><dl class='gallery-item'>\n\t\t\t<dt class='gallery-icon landscape'>\n\t\t\t\t<a href='https:\/\/www.riogrande.rs.gov.br\/smed\/wp-content\/uploads\/2019\/07\/20190712-ped-altamir-image1.jpg' rel=\"lightbox[34583]\"><img loading=\"lazy\" decoding=\"async\" width=\"150\" height=\"150\" src=\"https:\/\/www.riogrande.rs.gov.br\/smed\/wp-content\/uploads\/2019\/07\/20190712-ped-altamir-image1-150x150.jpg\" class=\"attachment-thumbnail size-thumbnail\" alt=\"\" aria-describedby=\"gallery-1-34584\" \/><\/a>\n\t\t\t<\/dt>\n\t\t\t\t<dd class='wp-caption-text gallery-caption' id='gallery-1-34584'>\n\t\t\t\tDivulga\u00e7\u00e3o\n\t\t\t\t<\/dd><\/dl><dl class='gallery-item'>\n\t\t\t<dt class='gallery-icon landscape'>\n\t\t\t\t<a href='https:\/\/www.riogrande.rs.gov.br\/smed\/wp-content\/uploads\/2019\/07\/20190712-ped-altamir-image2.jpg' rel=\"lightbox[34583]\"><img loading=\"lazy\" decoding=\"async\" width=\"150\" height=\"150\" src=\"https:\/\/www.riogrande.rs.gov.br\/smed\/wp-content\/uploads\/2019\/07\/20190712-ped-altamir-image2-150x150.jpg\" class=\"attachment-thumbnail size-thumbnail\" alt=\"\" aria-describedby=\"gallery-1-34585\" \/><\/a>\n\t\t\t<\/dt>\n\t\t\t\t<dd class='wp-caption-text gallery-caption' id='gallery-1-34585'>\n\t\t\t\tDivulga\u00e7\u00e3o\n\t\t\t\t<\/dd><\/dl><dl class='gallery-item'>\n\t\t\t<dt class='gallery-icon portrait'>\n\t\t\t\t<a href='https:\/\/www.riogrande.rs.gov.br\/smed\/wp-content\/uploads\/2019\/07\/20190712-ped-altamir-image3.jpg' rel=\"lightbox[34583]\"><img loading=\"lazy\" decoding=\"async\" width=\"150\" height=\"150\" src=\"https:\/\/www.riogrande.rs.gov.br\/smed\/wp-content\/uploads\/2019\/07\/20190712-ped-altamir-image3-150x150.jpg\" class=\"attachment-thumbnail size-thumbnail\" alt=\"\" aria-describedby=\"gallery-1-34586\" \/><\/a>\n\t\t\t<\/dt>\n\t\t\t\t<dd class='wp-caption-text gallery-caption' id='gallery-1-34586'>\n\t\t\t\tDivulga\u00e7\u00e3o\n\t\t\t\t<\/dd><\/dl><br style=\"clear: both\" \/><dl class='gallery-item'>\n\t\t\t<dt class='gallery-icon portrait'>\n\t\t\t\t<a href='https:\/\/www.riogrande.rs.gov.br\/smed\/wp-content\/uploads\/2019\/07\/20190712-ped-altamir-image4.jpg' rel=\"lightbox[34583]\"><img loading=\"lazy\" decoding=\"async\" width=\"150\" height=\"150\" src=\"https:\/\/www.riogrande.rs.gov.br\/smed\/wp-content\/uploads\/2019\/07\/20190712-ped-altamir-image4-150x150.jpg\" class=\"attachment-thumbnail size-thumbnail\" alt=\"\" aria-describedby=\"gallery-1-34587\" \/><\/a>\n\t\t\t<\/dt>\n\t\t\t\t<dd class='wp-caption-text gallery-caption' id='gallery-1-34587'>\n\t\t\t\tDivulga\u00e7\u00e3o\n\t\t\t\t<\/dd><\/dl><dl class='gallery-item'>\n\t\t\t<dt class='gallery-icon portrait'>\n\t\t\t\t<a href='https:\/\/www.riogrande.rs.gov.br\/smed\/wp-content\/uploads\/2019\/07\/20190712-ped-altamir-image5.jpg' rel=\"lightbox[34583]\"><img loading=\"lazy\" decoding=\"async\" width=\"150\" height=\"150\" src=\"https:\/\/www.riogrande.rs.gov.br\/smed\/wp-content\/uploads\/2019\/07\/20190712-ped-altamir-image5-150x150.jpg\" class=\"attachment-thumbnail size-thumbnail\" alt=\"\" aria-describedby=\"gallery-1-34588\" \/><\/a>\n\t\t\t<\/dt>\n\t\t\t\t<dd class='wp-caption-text gallery-caption' id='gallery-1-34588'>\n\t\t\t\tDivulga\u00e7\u00e3o\n\t\t\t\t<\/dd><\/dl><dl class='gallery-item'>\n\t\t\t<dt class='gallery-icon portrait'>\n\t\t\t\t<a href='https:\/\/www.riogrande.rs.gov.br\/smed\/wp-content\/uploads\/2019\/07\/20190712-ped-altamir-image6.jpg' rel=\"lightbox[34583]\"><img loading=\"lazy\" decoding=\"async\" width=\"150\" height=\"150\" src=\"https:\/\/www.riogrande.rs.gov.br\/smed\/wp-content\/uploads\/2019\/07\/20190712-ped-altamir-image6-150x150.jpg\" class=\"attachment-thumbnail size-thumbnail\" alt=\"\" aria-describedby=\"gallery-1-34589\" \/><\/a>\n\t\t\t<\/dt>\n\t\t\t\t<dd class='wp-caption-text gallery-caption' id='gallery-1-34589'>\n\t\t\t\tDivulga\u00e7\u00e3o\n\t\t\t\t<\/dd><\/dl><br style=\"clear: both\" \/>\n\t\t<\/div>\n\n<p style=\"text-align: justify;\"><span style=\"font-weight: 400;\">Nos turnos da manh\u00e3 e da tarde da \u00faltima quarta-feira, dia <\/span><b>10 de julho<\/b><span style=\"font-weight: 400;\">, a <strong>Escola Municipal de Ensino Fundamental<\/strong> <\/span><b>Altamir de Lacerda Nascimento<\/b><span style=\"font-weight: 400;\">, que est\u00e1 localizada no bairro Bernardete, realizou a sua \u201c<\/span><b>Feira de Ci\u00eancias<\/b><span style=\"font-weight: 400;\">\u201d e a etapa escolar da \u201c<\/span><b>1\u00aa Confer\u00eancia Municipal Infantojuvenil de Educa\u00e7\u00e3o Ambiental \u2013 Pertencer \u00e9 preciso!<\/b><span style=\"font-weight: 400;\">\u201d, onde os(as) alunos(as) da Educa\u00e7\u00e3o Infantil ao 9\u00ba ano apresentaram seus trabalhos e experi\u00eancias.<\/span><\/p>\n<p style=\"text-align: right;\"><em>SMEd<\/em><br \/>\n<em>Roberton Reis<\/em><br \/>\n<em>Com informa\u00e7\u00f5es da EMEF Altamir de Lacerda Nascimento\u00a0<\/em><\/p>\n","protected":false},"excerpt":{"rendered":"<p>Nos turnos da manh\u00e3 e da tarde da \u00faltima quarta-feira, dia 10 de julho, a Escola Municipal de Ensino Fundamental Altamir de Lacerda Nascimento, que est\u00e1 localizada no bairro Bernardete, realizou a sua \u201cFeira de Ci\u00eancias\u201d e a etapa escolar da \u201c1\u00aa Confer\u00eancia Municipal Infantojuvenil de Educa\u00e7\u00e3o Ambiental \u2013 Pertencer \u00e9 preciso!\u201d, onde os(as) alunos(as) [&hellip;]<\/p>\n","protected":false},"author":7,"featured_media":0,"comment_status":"closed","ping_status":"closed","sticky":false,"template":"","format":"standard","meta":{"footnotes":""},"categories":[1,13],"tags":[],"class_list":["post-34583","post","type-post","status-publish","format-standard","hentry","category-noticias","category-pedagogico"],"_links":{"self":[{"href":"https:\/\/www.riogrande.rs.gov.br\/smed\/index.php?rest_route=\/wp\/v2\/posts\/34583"}],"collection":[{"href":"https:\/\/www.riogrande.rs.gov.br\/smed\/index.php?rest_route=\/wp\/v2\/posts"}],"about":[{"href":"https:\/\/www.riogrande.rs.gov.br\/smed\/index.php?rest_route=\/wp\/v2\/types\/post"}],"author":[{"embeddable":true,"href":"https:\/\/www.riogrande.rs.gov.br\/smed\/index.php?rest_route=\/wp\/v2\/users\/7"}],"replies":[{"embeddable":true,"href":"https:\/\/www.riogrande.rs.gov.br\/smed\/index.php?rest_route=%2Fwp%2Fv2%2Fcomments&post=34583"}],"version-history":[{"count":2,"href":"https:\/\/www.riogrande.rs.gov.br\/smed\/index.php?rest_route=\/wp\/v2\/posts\/34583\/revisions"}],"predecessor-version":[{"id":34591,"href":"https:\/\/www.riogrande.rs.gov.br\/smed\/index.php?rest_route=\/wp\/v2\/posts\/34583\/revisions\/34591"}],"wp:attachment":[{"href":"https:\/\/www.riogrande.rs.gov.br\/smed\/index.php?rest_route=%2Fwp%2Fv2%2Fmedia&parent=34583"}],"wp:term":[{"taxonomy":"category","embeddable":true,"href":"https:\/\/www.riogrande.rs.gov.br\/smed\/index.php?rest_route=%2Fwp%2Fv2%2Fcategories&post=34583"},{"taxonomy":"post_tag","embeddable":true,"href":"https:\/\/www.riogrande.rs.gov.br\/smed\/index.php?rest_route=%2Fwp%2Fv2%2Ftags&post=34583"}],"curies":[{"name":"wp","href":"https:\/\/api.w.org\/{rel}","templated":true}]}}