{"id":34547,"date":"2019-07-10T13:39:55","date_gmt":"2019-07-10T16:39:55","guid":{"rendered":"http:\/\/www.riogrande.rs.gov.br\/smed\/?p=34547"},"modified":"2019-07-10T13:39:55","modified_gmt":"2019-07-10T16:39:55","slug":"emef-manoel-martins-mano-realizou-a-etapa-escolar-da-1a-conferencia-municipal-infantojuvenil-de-educacao-ambiental-pertencer-e-preciso-no-dia-09","status":"publish","type":"post","link":"https:\/\/www.riogrande.rs.gov.br\/smed\/?p=34547","title":{"rendered":"EMEF Manoel Martins Mano realizou a Etapa Escolar da \u201c1\u00aa Confer\u00eancia Municipal Infantojuvenil de Educa\u00e7\u00e3o Ambiental \u2013 Pertencer \u00e9 preciso!\u201d no dia 09"},"content":{"rendered":"\n\t\t<style type=\"text\/css\">\n\t\t\t#gallery-1 {\n\t\t\t\tmargin: auto;\n\t\t\t}\n\t\t\t#gallery-1 .gallery-item {\n\t\t\t\tfloat: left;\n\t\t\t\tmargin-top: 10px;\n\t\t\t\ttext-align: center;\n\t\t\t\twidth: 33%;\n\t\t\t}\n\t\t\t#gallery-1 img {\n\t\t\t\tborder: 2px solid #cfcfcf;\n\t\t\t}\n\t\t\t#gallery-1 .gallery-caption {\n\t\t\t\tmargin-left: 0;\n\t\t\t}\n\t\t\t\/* see gallery_shortcode() in wp-includes\/media.php *\/\n\t\t<\/style>\n\t\t<div id='gallery-1' class='gallery galleryid-34547 gallery-columns-3 gallery-size-thumbnail'><dl class='gallery-item'>\n\t\t\t<dt class='gallery-icon landscape'>\n\t\t\t\t<a href='https:\/\/www.riogrande.rs.gov.br\/smed\/wp-content\/uploads\/2019\/07\/20190710-ped-mano-image1.jpg' rel=\"lightbox[34547]\"><img loading=\"lazy\" decoding=\"async\" width=\"150\" height=\"150\" src=\"https:\/\/www.riogrande.rs.gov.br\/smed\/wp-content\/uploads\/2019\/07\/20190710-ped-mano-image1-150x150.jpg\" class=\"attachment-thumbnail size-thumbnail\" alt=\"\" aria-describedby=\"gallery-1-34548\" srcset=\"https:\/\/www.riogrande.rs.gov.br\/smed\/wp-content\/uploads\/2019\/07\/20190710-ped-mano-image1-150x150.jpg 150w, https:\/\/www.riogrande.rs.gov.br\/smed\/wp-content\/uploads\/2019\/07\/20190710-ped-mano-image1-485x485.jpg 485w, https:\/\/www.riogrande.rs.gov.br\/smed\/wp-content\/uploads\/2019\/07\/20190710-ped-mano-image1-768x768.jpg 768w, https:\/\/www.riogrande.rs.gov.br\/smed\/wp-content\/uploads\/2019\/07\/20190710-ped-mano-image1-207x207.jpg 207w, https:\/\/www.riogrande.rs.gov.br\/smed\/wp-content\/uploads\/2019\/07\/20190710-ped-mano-image1-624x624.jpg 624w, https:\/\/www.riogrande.rs.gov.br\/smed\/wp-content\/uploads\/2019\/07\/20190710-ped-mano-image1.jpg 800w\" sizes=\"(max-width: 150px) 100vw, 150px\" \/><\/a>\n\t\t\t<\/dt>\n\t\t\t\t<dd class='wp-caption-text gallery-caption' id='gallery-1-34548'>\n\t\t\t\tDivulga\u00e7\u00e3o\n\t\t\t\t<\/dd><\/dl><dl class='gallery-item'>\n\t\t\t<dt class='gallery-icon landscape'>\n\t\t\t\t<a href='https:\/\/www.riogrande.rs.gov.br\/smed\/wp-content\/uploads\/2019\/07\/20190710-ped-mano-image2.jpg' rel=\"lightbox[34547]\"><img loading=\"lazy\" decoding=\"async\" width=\"150\" height=\"150\" src=\"https:\/\/www.riogrande.rs.gov.br\/smed\/wp-content\/uploads\/2019\/07\/20190710-ped-mano-image2-150x150.jpg\" class=\"attachment-thumbnail size-thumbnail\" alt=\"\" aria-describedby=\"gallery-1-34549\" \/><\/a>\n\t\t\t<\/dt>\n\t\t\t\t<dd class='wp-caption-text gallery-caption' id='gallery-1-34549'>\n\t\t\t\tDivulga\u00e7\u00e3o\n\t\t\t\t<\/dd><\/dl><dl class='gallery-item'>\n\t\t\t<dt class='gallery-icon landscape'>\n\t\t\t\t<a href='https:\/\/www.riogrande.rs.gov.br\/smed\/wp-content\/uploads\/2019\/07\/20190710-ped-mano-image3.jpg' rel=\"lightbox[34547]\"><img loading=\"lazy\" decoding=\"async\" width=\"150\" height=\"150\" src=\"https:\/\/www.riogrande.rs.gov.br\/smed\/wp-content\/uploads\/2019\/07\/20190710-ped-mano-image3-150x150.jpg\" class=\"attachment-thumbnail size-thumbnail\" alt=\"\" aria-describedby=\"gallery-1-34550\" srcset=\"https:\/\/www.riogrande.rs.gov.br\/smed\/wp-content\/uploads\/2019\/07\/20190710-ped-mano-image3-150x150.jpg 150w, https:\/\/www.riogrande.rs.gov.br\/smed\/wp-content\/uploads\/2019\/07\/20190710-ped-mano-image3-485x485.jpg 485w, https:\/\/www.riogrande.rs.gov.br\/smed\/wp-content\/uploads\/2019\/07\/20190710-ped-mano-image3-768x768.jpg 768w, https:\/\/www.riogrande.rs.gov.br\/smed\/wp-content\/uploads\/2019\/07\/20190710-ped-mano-image3-207x207.jpg 207w, https:\/\/www.riogrande.rs.gov.br\/smed\/wp-content\/uploads\/2019\/07\/20190710-ped-mano-image3-624x624.jpg 624w, https:\/\/www.riogrande.rs.gov.br\/smed\/wp-content\/uploads\/2019\/07\/20190710-ped-mano-image3.jpg 800w\" sizes=\"(max-width: 150px) 100vw, 150px\" \/><\/a>\n\t\t\t<\/dt>\n\t\t\t\t<dd class='wp-caption-text gallery-caption' id='gallery-1-34550'>\n\t\t\t\tDivulga\u00e7\u00e3o\n\t\t\t\t<\/dd><\/dl><br style=\"clear: both\" \/><dl class='gallery-item'>\n\t\t\t<dt class='gallery-icon portrait'>\n\t\t\t\t<a href='https:\/\/www.riogrande.rs.gov.br\/smed\/wp-content\/uploads\/2019\/07\/20190710-ped-mano-image4.jpg' rel=\"lightbox[34547]\"><img loading=\"lazy\" decoding=\"async\" width=\"150\" height=\"150\" src=\"https:\/\/www.riogrande.rs.gov.br\/smed\/wp-content\/uploads\/2019\/07\/20190710-ped-mano-image4-150x150.jpg\" class=\"attachment-thumbnail size-thumbnail\" alt=\"\" aria-describedby=\"gallery-1-34551\" \/><\/a>\n\t\t\t<\/dt>\n\t\t\t\t<dd class='wp-caption-text gallery-caption' id='gallery-1-34551'>\n\t\t\t\tDivulga\u00e7\u00e3o\n\t\t\t\t<\/dd><\/dl><dl class='gallery-item'>\n\t\t\t<dt class='gallery-icon landscape'>\n\t\t\t\t<a href='https:\/\/www.riogrande.rs.gov.br\/smed\/wp-content\/uploads\/2019\/07\/20190710-ped-mano-image5.jpg' rel=\"lightbox[34547]\"><img loading=\"lazy\" decoding=\"async\" width=\"150\" height=\"150\" src=\"https:\/\/www.riogrande.rs.gov.br\/smed\/wp-content\/uploads\/2019\/07\/20190710-ped-mano-image5-150x150.jpg\" class=\"attachment-thumbnail size-thumbnail\" alt=\"\" aria-describedby=\"gallery-1-34552\" \/><\/a>\n\t\t\t<\/dt>\n\t\t\t\t<dd class='wp-caption-text gallery-caption' id='gallery-1-34552'>\n\t\t\t\tDivulga\u00e7\u00e3o\n\t\t\t\t<\/dd><\/dl><dl class='gallery-item'>\n\t\t\t<dt class='gallery-icon portrait'>\n\t\t\t\t<a href='https:\/\/www.riogrande.rs.gov.br\/smed\/wp-content\/uploads\/2019\/07\/20190710-ped-mano-image6.jpg' rel=\"lightbox[34547]\"><img loading=\"lazy\" decoding=\"async\" width=\"150\" height=\"150\" src=\"https:\/\/www.riogrande.rs.gov.br\/smed\/wp-content\/uploads\/2019\/07\/20190710-ped-mano-image6-150x150.jpg\" class=\"attachment-thumbnail size-thumbnail\" alt=\"\" aria-describedby=\"gallery-1-34553\" \/><\/a>\n\t\t\t<\/dt>\n\t\t\t\t<dd class='wp-caption-text gallery-caption' id='gallery-1-34553'>\n\t\t\t\tDivulga\u00e7\u00e3o\n\t\t\t\t<\/dd><\/dl><br style=\"clear: both\" \/>\n\t\t<\/div>\n\n<p style=\"text-align: justify;\"><span style=\"font-weight: 400;\">Na tarde da \u00faltima ter\u00e7a-feira, dia 09 de julho, a <strong>Escola Municipal de Ensino Fundamental Manoel Martins Mano<\/strong>, que est\u00e1 localizada no bairro Parque S\u00e3o Pedro, realizou <\/span><span style=\"font-weight: 400;\">a etapa escolar da \u201c<\/span><b>1\u00aa Confer\u00eancia Municipal Infantojuvenil de Educa\u00e7\u00e3o Ambiental \u2013 Pertencer \u00e9 preciso!<\/b><span style=\"font-weight: 400;\">\u201c<\/span><span style=\"font-weight: 400;\">. Na oportunidade, <\/span><span style=\"font-weight: 400;\">os(as) alunos(as) relatores(as) apresentaram seus projetos. \u201c<\/span><b>Foi uma tarde produtiva e prazerosa com troca de saberes entre alunos(as) e professores(as)<\/b><span style=\"font-weight: 400;\">\u201d, destacou a dire\u00e7\u00e3o da Escola.<\/span><\/p>\n<p style=\"text-align: right;\"><em><span style=\"font-weight: 400;\">SMEd<\/span><\/em><br \/>\n<em><span style=\"font-weight: 400;\">Roberton Reis<\/span><\/em><br \/>\n<em><span style=\"font-weight: 400;\">Com informa\u00e7\u00f5es da EMEF Manoel Martins Mano<\/span><\/em><\/p>\n","protected":false},"excerpt":{"rendered":"<p>Na tarde da \u00faltima ter\u00e7a-feira, dia 09 de julho, a Escola Municipal de Ensino Fundamental Manoel Martins Mano, que est\u00e1 localizada no bairro Parque S\u00e3o Pedro, realizou a etapa escolar da \u201c1\u00aa Confer\u00eancia Municipal Infantojuvenil de Educa\u00e7\u00e3o Ambiental \u2013 Pertencer \u00e9 preciso!\u201c. Na oportunidade, os(as) alunos(as) relatores(as) apresentaram seus projetos. \u201cFoi uma tarde produtiva e [&hellip;]<\/p>\n","protected":false},"author":7,"featured_media":0,"comment_status":"closed","ping_status":"closed","sticky":false,"template":"","format":"standard","meta":{"footnotes":""},"categories":[1,13],"tags":[],"class_list":["post-34547","post","type-post","status-publish","format-standard","hentry","category-noticias","category-pedagogico"],"_links":{"self":[{"href":"https:\/\/www.riogrande.rs.gov.br\/smed\/index.php?rest_route=\/wp\/v2\/posts\/34547"}],"collection":[{"href":"https:\/\/www.riogrande.rs.gov.br\/smed\/index.php?rest_route=\/wp\/v2\/posts"}],"about":[{"href":"https:\/\/www.riogrande.rs.gov.br\/smed\/index.php?rest_route=\/wp\/v2\/types\/post"}],"author":[{"embeddable":true,"href":"https:\/\/www.riogrande.rs.gov.br\/smed\/index.php?rest_route=\/wp\/v2\/users\/7"}],"replies":[{"embeddable":true,"href":"https:\/\/www.riogrande.rs.gov.br\/smed\/index.php?rest_route=%2Fwp%2Fv2%2Fcomments&post=34547"}],"version-history":[{"count":1,"href":"https:\/\/www.riogrande.rs.gov.br\/smed\/index.php?rest_route=\/wp\/v2\/posts\/34547\/revisions"}],"predecessor-version":[{"id":34554,"href":"https:\/\/www.riogrande.rs.gov.br\/smed\/index.php?rest_route=\/wp\/v2\/posts\/34547\/revisions\/34554"}],"wp:attachment":[{"href":"https:\/\/www.riogrande.rs.gov.br\/smed\/index.php?rest_route=%2Fwp%2Fv2%2Fmedia&parent=34547"}],"wp:term":[{"taxonomy":"category","embeddable":true,"href":"https:\/\/www.riogrande.rs.gov.br\/smed\/index.php?rest_route=%2Fwp%2Fv2%2Fcategories&post=34547"},{"taxonomy":"post_tag","embeddable":true,"href":"https:\/\/www.riogrande.rs.gov.br\/smed\/index.php?rest_route=%2Fwp%2Fv2%2Ftags&post=34547"}],"curies":[{"name":"wp","href":"https:\/\/api.w.org\/{rel}","templated":true}]}}