{"id":34532,"date":"2019-07-10T13:24:06","date_gmt":"2019-07-10T16:24:06","guid":{"rendered":"http:\/\/www.riogrande.rs.gov.br\/smed\/?p=34532"},"modified":"2019-07-10T13:24:06","modified_gmt":"2019-07-10T16:24:06","slug":"3o-encontro-formativo-do-curso-de-producao-de-material-didatico-sobre-a-cidade-do-rio-grande-da-smed-aconteceu-no-dia-25","status":"publish","type":"post","link":"https:\/\/www.riogrande.rs.gov.br\/smed\/?p=34532","title":{"rendered":"3\u00ba Encontro Formativo do Curso de \u201cProdu\u00e7\u00e3o de Material Did\u00e1tico sobre a cidade do Rio Grande\u201d da SMEd aconteceu no dia 25"},"content":{"rendered":"\n\t\t<style type=\"text\/css\">\n\t\t\t#gallery-1 {\n\t\t\t\tmargin: auto;\n\t\t\t}\n\t\t\t#gallery-1 .gallery-item {\n\t\t\t\tfloat: left;\n\t\t\t\tmargin-top: 10px;\n\t\t\t\ttext-align: center;\n\t\t\t\twidth: 50%;\n\t\t\t}\n\t\t\t#gallery-1 img {\n\t\t\t\tborder: 2px solid #cfcfcf;\n\t\t\t}\n\t\t\t#gallery-1 .gallery-caption {\n\t\t\t\tmargin-left: 0;\n\t\t\t}\n\t\t\t\/* see gallery_shortcode() in wp-includes\/media.php *\/\n\t\t<\/style>\n\t\t<div id='gallery-1' class='gallery galleryid-34532 gallery-columns-2 gallery-size-thumbnail'><dl class='gallery-item'>\n\t\t\t<dt class='gallery-icon landscape'>\n\t\t\t\t<a href='https:\/\/www.riogrande.rs.gov.br\/smed\/wp-content\/uploads\/2019\/07\/20190710-ped-didatico-image1.jpg' rel=\"lightbox[34532]\"><img loading=\"lazy\" decoding=\"async\" width=\"150\" height=\"150\" src=\"https:\/\/www.riogrande.rs.gov.br\/smed\/wp-content\/uploads\/2019\/07\/20190710-ped-didatico-image1-150x150.jpg\" class=\"attachment-thumbnail size-thumbnail\" alt=\"\" aria-describedby=\"gallery-1-34533\" \/><\/a>\n\t\t\t<\/dt>\n\t\t\t\t<dd class='wp-caption-text gallery-caption' id='gallery-1-34533'>\n\t\t\t\tDivulga\u00e7\u00e3o\n\t\t\t\t<\/dd><\/dl><dl class='gallery-item'>\n\t\t\t<dt class='gallery-icon landscape'>\n\t\t\t\t<a href='https:\/\/www.riogrande.rs.gov.br\/smed\/wp-content\/uploads\/2019\/07\/20190710-ped-didatico-image2.jpg' rel=\"lightbox[34532]\"><img loading=\"lazy\" decoding=\"async\" width=\"150\" height=\"150\" src=\"https:\/\/www.riogrande.rs.gov.br\/smed\/wp-content\/uploads\/2019\/07\/20190710-ped-didatico-image2-150x150.jpg\" class=\"attachment-thumbnail size-thumbnail\" alt=\"\" aria-describedby=\"gallery-1-34534\" \/><\/a>\n\t\t\t<\/dt>\n\t\t\t\t<dd class='wp-caption-text gallery-caption' id='gallery-1-34534'>\n\t\t\t\tDivulga\u00e7\u00e3o\n\t\t\t\t<\/dd><\/dl><br style=\"clear: both\" \/><dl class='gallery-item'>\n\t\t\t<dt class='gallery-icon landscape'>\n\t\t\t\t<a href='https:\/\/www.riogrande.rs.gov.br\/smed\/wp-content\/uploads\/2019\/07\/20190710-ped-didatico-image3.jpg' rel=\"lightbox[34532]\"><img loading=\"lazy\" decoding=\"async\" width=\"150\" height=\"150\" src=\"https:\/\/www.riogrande.rs.gov.br\/smed\/wp-content\/uploads\/2019\/07\/20190710-ped-didatico-image3-150x150.jpg\" class=\"attachment-thumbnail size-thumbnail\" alt=\"\" aria-describedby=\"gallery-1-34535\" \/><\/a>\n\t\t\t<\/dt>\n\t\t\t\t<dd class='wp-caption-text gallery-caption' id='gallery-1-34535'>\n\t\t\t\tDivulga\u00e7\u00e3o\n\t\t\t\t<\/dd><\/dl><dl class='gallery-item'>\n\t\t\t<dt class='gallery-icon landscape'>\n\t\t\t\t<a href='https:\/\/www.riogrande.rs.gov.br\/smed\/wp-content\/uploads\/2019\/07\/20190710-ped-didatico-image4.jpg' rel=\"lightbox[34532]\"><img loading=\"lazy\" decoding=\"async\" width=\"150\" height=\"150\" src=\"https:\/\/www.riogrande.rs.gov.br\/smed\/wp-content\/uploads\/2019\/07\/20190710-ped-didatico-image4-150x150.jpg\" class=\"attachment-thumbnail size-thumbnail\" alt=\"\" aria-describedby=\"gallery-1-34536\" \/><\/a>\n\t\t\t<\/dt>\n\t\t\t\t<dd class='wp-caption-text gallery-caption' id='gallery-1-34536'>\n\t\t\t\tDivulga\u00e7\u00e3o\n\t\t\t\t<\/dd><\/dl><br style=\"clear: both\" \/>\n\t\t<\/div>\n\n<p style=\"text-align: justify;\"><span style=\"font-weight: 400;\">A Secretaria de Munic\u00edpio da Educa\u00e7\u00e3o de Rio Grande (SMEd), atrav\u00e9s do N\u00facleo dos Anos Iniciais, em parceria com os N\u00facleos de Educa\u00e7\u00e3o Ambiental e Patrimonial, Tecnologia Municipal, Educa\u00e7\u00e3o do Campo e Educa\u00e7\u00e3o Integral, juntamente com assessoria \u00c9tnico-Racial,\u00a0 realizou, no in\u00edcio da tarde do dia <\/span><b>25 de junho<\/b><span style=\"font-weight: 400;\">, na <\/span><b>Unicesumar<\/b><span style=\"font-weight: 400;\">, o terceiro encontro do processo formativo de \u201c<\/span><b>Produ\u00e7\u00e3o de Material Did\u00e1tico sobre a cidade do Rio Grande<\/b><span style=\"font-weight: 400;\">\u201d.<\/span><\/p>\n<p style=\"text-align: justify;\"><!--more--><\/p>\n<p style=\"text-align: justify;\"><span style=\"font-weight: 400;\">A Forma\u00e7\u00e3o est\u00e1 no processo de sele\u00e7\u00e3o e escolha dos materiais pesquisados pelas equipes de professores(as). Nesse terceiro encontro foi apresentado e constru\u00eddo coletivamente o template para a estrutura\u00e7\u00e3o e organiza\u00e7\u00e3o do produto final a ser disponibilizado aos(\u00e0s) alunos(as), bem como o material de apoio aos(\u00e0s) professores(as).<\/span><\/p>\n<p style=\"text-align: justify;\"><span style=\"font-weight: 400;\">Ainda haver\u00e1 mais quatro encontros, tendo como objetivo ampliar e compartilhar conhecimentos sobre a Cidade, bem como produzir material did\u00e1tico para ser utilizado nas escolas da rede p\u00fablica municipal de ensino, por estudantes e professores(as), potencializando a produ\u00e7\u00e3o de saberes locais e desenvolvendo, assim, o sentimento de pertencimento das crian\u00e7as, jovens e adolescentes a sua cidade.<\/span><\/p>\n<p style=\"text-align: justify;\"><span style=\"font-weight: 400;\">\u201c<\/span><b>O pr\u00f3ximo encontro do\u00a0 processo formativo de \u2018Produ\u00e7\u00e3o de Material Did\u00e1tico sobre a cidade do Rio Grande\u2019 acontecer\u00e1\u00a0 no dia 20 de agosto, das 13h30min \u00e0s 17h, na Faculdades Unicesumar, rua General Neto, 215. Contamos, como sempre, com\u00a0 a participa\u00e7\u00e3o e o envolvimento deste dedicado grupo<\/b><span style=\"font-weight: 400;\">\u201d, destacou Juliane Alves, <\/span><span style=\"font-weight: 400;\">coordenadora do N\u00facleo dos Anos Iniciais da SMEd.<\/span><\/p>\n<p>&nbsp;<\/p>\n<p style=\"text-align: right;\"><em><span style=\"font-weight: 400;\">SMEd<\/span><\/em><br \/>\n<em><span style=\"font-weight: 400;\">Roberton Reis<\/span><\/em><br \/>\n<em><span style=\"font-weight: 400;\">Com informa\u00e7\u00f5es do N\u00facleo dos Anos Iniciais<\/span><\/em><\/p>\n","protected":false},"excerpt":{"rendered":"<p>A Secretaria de Munic\u00edpio da Educa\u00e7\u00e3o de Rio Grande (SMEd), atrav\u00e9s do N\u00facleo dos Anos Iniciais, em parceria com os N\u00facleos de Educa\u00e7\u00e3o Ambiental e Patrimonial, Tecnologia Municipal, Educa\u00e7\u00e3o do Campo e Educa\u00e7\u00e3o Integral, juntamente com assessoria \u00c9tnico-Racial,\u00a0 realizou, no in\u00edcio da tarde do dia 25 de junho, na Unicesumar, o terceiro encontro do processo [&hellip;]<\/p>\n","protected":false},"author":7,"featured_media":0,"comment_status":"closed","ping_status":"closed","sticky":false,"template":"","format":"standard","meta":{"footnotes":""},"categories":[1,13],"tags":[],"class_list":["post-34532","post","type-post","status-publish","format-standard","hentry","category-noticias","category-pedagogico"],"_links":{"self":[{"href":"https:\/\/www.riogrande.rs.gov.br\/smed\/index.php?rest_route=\/wp\/v2\/posts\/34532"}],"collection":[{"href":"https:\/\/www.riogrande.rs.gov.br\/smed\/index.php?rest_route=\/wp\/v2\/posts"}],"about":[{"href":"https:\/\/www.riogrande.rs.gov.br\/smed\/index.php?rest_route=\/wp\/v2\/types\/post"}],"author":[{"embeddable":true,"href":"https:\/\/www.riogrande.rs.gov.br\/smed\/index.php?rest_route=\/wp\/v2\/users\/7"}],"replies":[{"embeddable":true,"href":"https:\/\/www.riogrande.rs.gov.br\/smed\/index.php?rest_route=%2Fwp%2Fv2%2Fcomments&post=34532"}],"version-history":[{"count":1,"href":"https:\/\/www.riogrande.rs.gov.br\/smed\/index.php?rest_route=\/wp\/v2\/posts\/34532\/revisions"}],"predecessor-version":[{"id":34537,"href":"https:\/\/www.riogrande.rs.gov.br\/smed\/index.php?rest_route=\/wp\/v2\/posts\/34532\/revisions\/34537"}],"wp:attachment":[{"href":"https:\/\/www.riogrande.rs.gov.br\/smed\/index.php?rest_route=%2Fwp%2Fv2%2Fmedia&parent=34532"}],"wp:term":[{"taxonomy":"category","embeddable":true,"href":"https:\/\/www.riogrande.rs.gov.br\/smed\/index.php?rest_route=%2Fwp%2Fv2%2Fcategories&post=34532"},{"taxonomy":"post_tag","embeddable":true,"href":"https:\/\/www.riogrande.rs.gov.br\/smed\/index.php?rest_route=%2Fwp%2Fv2%2Ftags&post=34532"}],"curies":[{"name":"wp","href":"https:\/\/api.w.org\/{rel}","templated":true}]}}