{"id":34529,"date":"2019-07-09T15:32:10","date_gmt":"2019-07-09T18:32:10","guid":{"rendered":"http:\/\/www.riogrande.rs.gov.br\/smed\/?p=34529"},"modified":"2019-07-09T15:32:10","modified_gmt":"2019-07-09T18:32:10","slug":"1o-meeting-de-atletismo-do-projeto-paradesporto-da-smed-acontece-nesta-quarta-feira-10","status":"publish","type":"post","link":"https:\/\/www.riogrande.rs.gov.br\/smed\/?p=34529","title":{"rendered":"\u201c1\u00ba Meeting de Atletismo\u201d do Projeto Paradesporto da SMEd acontece nesta quarta-feira, 10"},"content":{"rendered":"<div id=\"attachment_34530\" style=\"width: 495px\" class=\"wp-caption aligncenter\"><a href=\"http:\/\/www.riogrande.rs.gov.br\/smed\/wp-content\/uploads\/2019\/07\/20190709-ped-paradesporto-image1.jpg\" rel=\"lightbox[34529]\"><img loading=\"lazy\" decoding=\"async\" aria-describedby=\"caption-attachment-34530\" class=\"size-medium wp-image-34530\" src=\"http:\/\/www.riogrande.rs.gov.br\/smed\/wp-content\/uploads\/2019\/07\/20190709-ped-paradesporto-image1-485x591.jpg\" alt=\"\" width=\"485\" height=\"591\" srcset=\"https:\/\/www.riogrande.rs.gov.br\/smed\/wp-content\/uploads\/2019\/07\/20190709-ped-paradesporto-image1-485x591.jpg 485w, https:\/\/www.riogrande.rs.gov.br\/smed\/wp-content\/uploads\/2019\/07\/20190709-ped-paradesporto-image1-768x936.jpg 768w, https:\/\/www.riogrande.rs.gov.br\/smed\/wp-content\/uploads\/2019\/07\/20190709-ped-paradesporto-image1-170x207.jpg 170w, https:\/\/www.riogrande.rs.gov.br\/smed\/wp-content\/uploads\/2019\/07\/20190709-ped-paradesporto-image1-624x761.jpg 624w, https:\/\/www.riogrande.rs.gov.br\/smed\/wp-content\/uploads\/2019\/07\/20190709-ped-paradesporto-image1.jpg 800w\" sizes=\"(max-width: 485px) 100vw, 485px\" \/><\/a><p id=\"caption-attachment-34530\" class=\"wp-caption-text\">Divulga\u00e7\u00e3o<\/p><\/div>\n<p style=\"text-align: justify;\">A Secretaria de Munic\u00edpio da Educa\u00e7\u00e3o de Rio Grande (SMEd), atrav\u00e9s do Projeto Paradesporto, realizar\u00e1 nesta quarta-feira, dia <b>10 de julho<\/b>, a partir das <b>14h<\/b>, na <b>Pra\u00e7a Saraiva<\/b>, o \u201c<b>1\u00ba Meeting de Atletismo<\/b>\u201d.<\/p>\n<p style=\"text-align: justify;\"><!--more--><\/p>\n<p style=\"text-align: justify;\">O \u201c<b>1\u00ba Meeting de Atletismo<\/b>\u201d do Projeto Paradesporto da SMEd \u00e9 um evento de car\u00e1ter participativo, com provas de Atletismo para alunos com Necessidades Educacionais Espec\u00edficas (NEE). Na oportunidade tamb\u00e9m haver\u00e1 demonstra\u00e7\u00e3o de Bocha Paral\u00edmpica.<\/p>\n<p style=\"text-align: right;\">\n<p style=\"text-align: right;\"><em>SMEd<\/em><br \/>\n<em>Roberton Reis<\/em><br \/>\n<em>Com informa\u00e7\u00f5es do Projeto Paradesporto<\/em><\/p>\n","protected":false},"excerpt":{"rendered":"<p>A Secretaria de Munic\u00edpio da Educa\u00e7\u00e3o de Rio Grande (SMEd), atrav\u00e9s do Projeto Paradesporto, realizar\u00e1 nesta quarta-feira, dia 10 de julho, a partir das 14h, na Pra\u00e7a Saraiva, o \u201c1\u00ba Meeting de Atletismo\u201d.<\/p>\n","protected":false},"author":7,"featured_media":0,"comment_status":"closed","ping_status":"closed","sticky":false,"template":"","format":"standard","meta":{"footnotes":""},"categories":[1,13],"tags":[],"class_list":["post-34529","post","type-post","status-publish","format-standard","hentry","category-noticias","category-pedagogico"],"_links":{"self":[{"href":"https:\/\/www.riogrande.rs.gov.br\/smed\/index.php?rest_route=\/wp\/v2\/posts\/34529"}],"collection":[{"href":"https:\/\/www.riogrande.rs.gov.br\/smed\/index.php?rest_route=\/wp\/v2\/posts"}],"about":[{"href":"https:\/\/www.riogrande.rs.gov.br\/smed\/index.php?rest_route=\/wp\/v2\/types\/post"}],"author":[{"embeddable":true,"href":"https:\/\/www.riogrande.rs.gov.br\/smed\/index.php?rest_route=\/wp\/v2\/users\/7"}],"replies":[{"embeddable":true,"href":"https:\/\/www.riogrande.rs.gov.br\/smed\/index.php?rest_route=%2Fwp%2Fv2%2Fcomments&post=34529"}],"version-history":[{"count":1,"href":"https:\/\/www.riogrande.rs.gov.br\/smed\/index.php?rest_route=\/wp\/v2\/posts\/34529\/revisions"}],"predecessor-version":[{"id":34531,"href":"https:\/\/www.riogrande.rs.gov.br\/smed\/index.php?rest_route=\/wp\/v2\/posts\/34529\/revisions\/34531"}],"wp:attachment":[{"href":"https:\/\/www.riogrande.rs.gov.br\/smed\/index.php?rest_route=%2Fwp%2Fv2%2Fmedia&parent=34529"}],"wp:term":[{"taxonomy":"category","embeddable":true,"href":"https:\/\/www.riogrande.rs.gov.br\/smed\/index.php?rest_route=%2Fwp%2Fv2%2Fcategories&post=34529"},{"taxonomy":"post_tag","embeddable":true,"href":"https:\/\/www.riogrande.rs.gov.br\/smed\/index.php?rest_route=%2Fwp%2Fv2%2Ftags&post=34529"}],"curies":[{"name":"wp","href":"https:\/\/api.w.org\/{rel}","templated":true}]}}