{"id":34518,"date":"2019-07-09T15:24:32","date_gmt":"2019-07-09T18:24:32","guid":{"rendered":"http:\/\/www.riogrande.rs.gov.br\/smed\/?p=34518"},"modified":"2019-07-09T15:25:04","modified_gmt":"2019-07-09T18:25:04","slug":"7o-seminario-municipal-de-diversidade-e-inclusao-navegando-por-rotas-desafiadoras-das-estrategias-inclusivas","status":"publish","type":"post","link":"https:\/\/www.riogrande.rs.gov.br\/smed\/?p=34518","title":{"rendered":"\u201c7\u00ba Semin\u00e1rio Municipal de Diversidade e Inclus\u00e3o: Navegando por rotas desafiadoras das estrat\u00e9gias inclusivas\u201d"},"content":{"rendered":"\n\t\t<style type=\"text\/css\">\n\t\t\t#gallery-1 {\n\t\t\t\tmargin: auto;\n\t\t\t}\n\t\t\t#gallery-1 .gallery-item {\n\t\t\t\tfloat: left;\n\t\t\t\tmargin-top: 10px;\n\t\t\t\ttext-align: center;\n\t\t\t\twidth: 33%;\n\t\t\t}\n\t\t\t#gallery-1 img {\n\t\t\t\tborder: 2px solid #cfcfcf;\n\t\t\t}\n\t\t\t#gallery-1 .gallery-caption {\n\t\t\t\tmargin-left: 0;\n\t\t\t}\n\t\t\t\/* see gallery_shortcode() in wp-includes\/media.php *\/\n\t\t<\/style>\n\t\t<div id='gallery-1' class='gallery galleryid-34518 gallery-columns-3 gallery-size-thumbnail'><dl class='gallery-item'>\n\t\t\t<dt class='gallery-icon landscape'>\n\t\t\t\t<a href='https:\/\/www.riogrande.rs.gov.br\/smed\/wp-content\/uploads\/2019\/07\/20190709-ped-ndi-image1.jpg' rel=\"lightbox[34518]\"><img loading=\"lazy\" decoding=\"async\" width=\"150\" height=\"150\" src=\"https:\/\/www.riogrande.rs.gov.br\/smed\/wp-content\/uploads\/2019\/07\/20190709-ped-ndi-image1-150x150.jpg\" class=\"attachment-thumbnail size-thumbnail\" alt=\"\" aria-describedby=\"gallery-1-34519\" \/><\/a>\n\t\t\t<\/dt>\n\t\t\t\t<dd class='wp-caption-text gallery-caption' id='gallery-1-34519'>\n\t\t\t\tDivulga\u00e7\u00e3o\n\t\t\t\t<\/dd><\/dl><dl class='gallery-item'>\n\t\t\t<dt class='gallery-icon landscape'>\n\t\t\t\t<a href='https:\/\/www.riogrande.rs.gov.br\/smed\/wp-content\/uploads\/2019\/07\/20190709-ped-ndi-image2.jpg' rel=\"lightbox[34518]\"><img loading=\"lazy\" decoding=\"async\" width=\"150\" height=\"150\" src=\"https:\/\/www.riogrande.rs.gov.br\/smed\/wp-content\/uploads\/2019\/07\/20190709-ped-ndi-image2-150x150.jpg\" class=\"attachment-thumbnail size-thumbnail\" alt=\"\" aria-describedby=\"gallery-1-34520\" \/><\/a>\n\t\t\t<\/dt>\n\t\t\t\t<dd class='wp-caption-text gallery-caption' id='gallery-1-34520'>\n\t\t\t\tDivulga\u00e7\u00e3o\n\t\t\t\t<\/dd><\/dl><dl class='gallery-item'>\n\t\t\t<dt class='gallery-icon landscape'>\n\t\t\t\t<a href='https:\/\/www.riogrande.rs.gov.br\/smed\/wp-content\/uploads\/2019\/07\/20190709-ped-ndi-image3.jpg' rel=\"lightbox[34518]\"><img loading=\"lazy\" decoding=\"async\" width=\"150\" height=\"150\" src=\"https:\/\/www.riogrande.rs.gov.br\/smed\/wp-content\/uploads\/2019\/07\/20190709-ped-ndi-image3-150x150.jpg\" class=\"attachment-thumbnail size-thumbnail\" alt=\"\" aria-describedby=\"gallery-1-34521\" \/><\/a>\n\t\t\t<\/dt>\n\t\t\t\t<dd class='wp-caption-text gallery-caption' id='gallery-1-34521'>\n\t\t\t\tDivulga\u00e7\u00e3o\n\t\t\t\t<\/dd><\/dl><br style=\"clear: both\" \/><dl class='gallery-item'>\n\t\t\t<dt class='gallery-icon landscape'>\n\t\t\t\t<a href='https:\/\/www.riogrande.rs.gov.br\/smed\/wp-content\/uploads\/2019\/07\/20190709-ped-ndi-image4.jpg' rel=\"lightbox[34518]\"><img loading=\"lazy\" decoding=\"async\" width=\"150\" height=\"150\" src=\"https:\/\/www.riogrande.rs.gov.br\/smed\/wp-content\/uploads\/2019\/07\/20190709-ped-ndi-image4-150x150.jpg\" class=\"attachment-thumbnail size-thumbnail\" alt=\"\" aria-describedby=\"gallery-1-34522\" \/><\/a>\n\t\t\t<\/dt>\n\t\t\t\t<dd class='wp-caption-text gallery-caption' id='gallery-1-34522'>\n\t\t\t\tDivulga\u00e7\u00e3o\n\t\t\t\t<\/dd><\/dl><dl class='gallery-item'>\n\t\t\t<dt class='gallery-icon landscape'>\n\t\t\t\t<a href='https:\/\/www.riogrande.rs.gov.br\/smed\/wp-content\/uploads\/2019\/07\/20190709-ped-ndi-image5.jpg' rel=\"lightbox[34518]\"><img loading=\"lazy\" decoding=\"async\" width=\"150\" height=\"150\" src=\"https:\/\/www.riogrande.rs.gov.br\/smed\/wp-content\/uploads\/2019\/07\/20190709-ped-ndi-image5-150x150.jpg\" class=\"attachment-thumbnail size-thumbnail\" alt=\"\" aria-describedby=\"gallery-1-34523\" \/><\/a>\n\t\t\t<\/dt>\n\t\t\t\t<dd class='wp-caption-text gallery-caption' id='gallery-1-34523'>\n\t\t\t\tDivulga\u00e7\u00e3o\n\t\t\t\t<\/dd><\/dl><dl class='gallery-item'>\n\t\t\t<dt class='gallery-icon portrait'>\n\t\t\t\t<a href='https:\/\/www.riogrande.rs.gov.br\/smed\/wp-content\/uploads\/2019\/07\/20190709-ped-ndi-image6.jpg' rel=\"lightbox[34518]\"><img loading=\"lazy\" decoding=\"async\" width=\"150\" height=\"150\" src=\"https:\/\/www.riogrande.rs.gov.br\/smed\/wp-content\/uploads\/2019\/07\/20190709-ped-ndi-image6-150x150.jpg\" class=\"attachment-thumbnail size-thumbnail\" alt=\"\" aria-describedby=\"gallery-1-34524\" \/><\/a>\n\t\t\t<\/dt>\n\t\t\t\t<dd class='wp-caption-text gallery-caption' id='gallery-1-34524'>\n\t\t\t\tDivulga\u00e7\u00e3o\n\t\t\t\t<\/dd><\/dl><br style=\"clear: both\" \/>\n\t\t<\/div>\n\n<p style=\"text-align: justify;\">A Prefeitura Municipal do Rio Grande, atrav\u00e9s da Secretaria de Munic\u00edpio da Educa\u00e7\u00e3o (SMEd), realizou, nos dias<b> 1\u00ba e 2 de julho<\/b>, no Cidec-Sul da Furg, o \u201c<b>7<\/b><b><i>\u00ba Semin\u00e1rio Municipal de Diversidade e Inclus\u00e3o: Navegando por rotas desafiadoras das estrat\u00e9gias inclusivas\u201d<\/i><\/b>.<\/p>\n<p style=\"text-align: justify;\"><!--more--><\/p>\n<p style=\"text-align: justify;\">O evento, que \u00e9 organizado e coordenado pelo N\u00facleo de Diversidade e Inclus\u00e3o da Superintend\u00eancia de Gest\u00e3o Pedag\u00f3gica da SMEd, integra as a\u00e7\u00f5es formativas para os(as) professores(as) da rede p\u00fablica municipal de ensino e a programa\u00e7\u00e3o dos \u201c<strong>50 Anos da SMEd<\/strong>\u201d, objetivando oportunizar reflex\u00f5es e di\u00e1logos acerca dos desafios atuais enfrentados pelas escolas, frente \u00e0 diversidade que se apresenta na sala de aula e \u00e0s estrat\u00e9gias necess\u00e1rias \u00e0 inclus\u00e3o.<\/p>\n<p style=\"text-align: justify;\">Na primeira noite, os participantes foram acolhidos pelo grupo musical \u201c<strong>AMIGOS<\/strong>\u201d, formado por jovens ex-estudantes da Rede Municipal e de escolas especiais conveniadas, que apresentam Necessidades Educacionais Espec\u00edficas, encantando a todos com sua alegria, supera\u00e7\u00e3o e talento.<\/p>\n<p style=\"text-align: justify;\">Depois, ocorreu a palestra da professora <strong>Rosa Moura<\/strong>, que desacomodou o p\u00fablico com seu jeito irreverente, mas que trouxe v\u00e1rias reflex\u00f5es acerca da neuroci\u00eancia: do quanto \u00e9 importante entendermos que o estudante \u00e9 um todo e que se algo n\u00e3o est\u00e1 bem organicamente, pode comprometer suas aprendizagens; que a motiva\u00e7\u00e3o e emo\u00e7\u00e3o est\u00e3o completamente associadas \u00e0 aprendizagem, portanto se faz necess\u00e1rio encantarmos nossos estudantes; que existem 03 tipos de aprendizagens: visual, auditiva e cinest\u00e9sica; e que o grande desafio do professor \u00e9 conseguir planejar para toda essa diversidade encontrada na sala de aula.<\/p>\n<p style=\"text-align: justify;\">A segunda palestrante, a fisioterapeuta <strong>Giulia Matheus Moraes<\/strong>, esclareceu sobre a defici\u00eancia f\u00edsica, e trouxe estrat\u00e9gias de manejo e aprendizagem com os estudantes que apresentam a Paralisia Cerebral. Tamb\u00e9m falou sobre a import\u00e2ncia da postura e do posicionamento adequado do estudante para favorecer a aprendizagem; e destacou que algumas exig\u00eancias metodol\u00f3gicas precisam ser flexibilizadas e at\u00e9, se necess\u00e1rio, abolidas, para se incluir e dar acessibilidade a alguns estudantes. Enfim, uma noite bem inusitada e cheia de aprendizagens.<\/p>\n<p style=\"text-align: justify;\">Na segunda noite, o fonoaudi\u00f3logo <strong>Djalma Junior<\/strong> falou da import\u00e2ncia do trabalho da consci\u00eancia fonol\u00f3gica na escola para minimizar e\/ou evitar problemas de linguagem.\u00a0 Destacou, tamb\u00e9m, a necessidade do professor entender os n\u00edveis de desenvolvimento dos estudantes, de acordo com a faixa et\u00e1ria, para planejar as aulas e n\u00e3o equivocar-se nas exig\u00eancias das atividades.<\/p>\n<p style=\"text-align: justify;\">A segunda palestra, ministrada pela psicopedagoga, professora da Faculdade Anhanguera, <strong>Wal\u00e9ria Bussetti<\/strong>, fez um contraponto entre o papel do professor e da fam\u00edlia, destacando que ambos passam pelas mesmas ang\u00fastias neste processo da Inclus\u00e3o: o de idealizar um filho\/aluno e depois se deparar com a realidade de conviver com algu\u00e9m que possui a Necessidade Educacional Espec\u00edfica.<\/p>\n<p style=\"text-align: justify;\">O Semin\u00e1rio encerrou com a palestrante <strong>Helena Arrieira<\/strong>, que trouxe para as reflex\u00f5es a import\u00e2ncia do est\u00edmulo sensorial, desde a primeira inf\u00e2ncia, no desenvolvimento t\u00edpico das crian\u00e7as e, principalmente, para \u00e0quelas que apresentam algum transtorno ou dificuldade de aprendizagem.<\/p>\n<p style=\"text-align: justify;\">&#8220;<b>Foi mais uma edi\u00e7\u00e3o de sucesso do Semin\u00e1rio Municipal de Diversidade e Inclus\u00e3o, com o diferencial de estender o olhar para al\u00e9m dos estudantes, alcan\u00e7ando, tamb\u00e9m, os professores e familiares<\/b>\u201d, destacou a coordenadora do N\u00facleo de Diversidade e Inclus\u00e3o, <strong>Elis\u00e2ngela Macedo<\/strong>.<\/p>\n<p style=\"text-align: right;\"><em>SMEd<\/em><br \/>\n<em>Roberton Reis<\/em><br \/>\n<em>Com informa\u00e7\u00f5es do N\u00facleo de Diversidade e Inclus\u00e3o<\/em><\/p>\n","protected":false},"excerpt":{"rendered":"<p>A Prefeitura Municipal do Rio Grande, atrav\u00e9s da Secretaria de Munic\u00edpio da Educa\u00e7\u00e3o (SMEd), realizou, nos dias 1\u00ba e 2 de julho, no Cidec-Sul da Furg, o \u201c7\u00ba Semin\u00e1rio Municipal de Diversidade e Inclus\u00e3o: Navegando por rotas desafiadoras das estrat\u00e9gias inclusivas\u201d.<\/p>\n","protected":false},"author":7,"featured_media":0,"comment_status":"closed","ping_status":"closed","sticky":false,"template":"","format":"standard","meta":{"footnotes":""},"categories":[1,13],"tags":[],"class_list":["post-34518","post","type-post","status-publish","format-standard","hentry","category-noticias","category-pedagogico"],"_links":{"self":[{"href":"https:\/\/www.riogrande.rs.gov.br\/smed\/index.php?rest_route=\/wp\/v2\/posts\/34518"}],"collection":[{"href":"https:\/\/www.riogrande.rs.gov.br\/smed\/index.php?rest_route=\/wp\/v2\/posts"}],"about":[{"href":"https:\/\/www.riogrande.rs.gov.br\/smed\/index.php?rest_route=\/wp\/v2\/types\/post"}],"author":[{"embeddable":true,"href":"https:\/\/www.riogrande.rs.gov.br\/smed\/index.php?rest_route=\/wp\/v2\/users\/7"}],"replies":[{"embeddable":true,"href":"https:\/\/www.riogrande.rs.gov.br\/smed\/index.php?rest_route=%2Fwp%2Fv2%2Fcomments&post=34518"}],"version-history":[{"count":2,"href":"https:\/\/www.riogrande.rs.gov.br\/smed\/index.php?rest_route=\/wp\/v2\/posts\/34518\/revisions"}],"predecessor-version":[{"id":34526,"href":"https:\/\/www.riogrande.rs.gov.br\/smed\/index.php?rest_route=\/wp\/v2\/posts\/34518\/revisions\/34526"}],"wp:attachment":[{"href":"https:\/\/www.riogrande.rs.gov.br\/smed\/index.php?rest_route=%2Fwp%2Fv2%2Fmedia&parent=34518"}],"wp:term":[{"taxonomy":"category","embeddable":true,"href":"https:\/\/www.riogrande.rs.gov.br\/smed\/index.php?rest_route=%2Fwp%2Fv2%2Fcategories&post=34518"},{"taxonomy":"post_tag","embeddable":true,"href":"https:\/\/www.riogrande.rs.gov.br\/smed\/index.php?rest_route=%2Fwp%2Fv2%2Ftags&post=34518"}],"curies":[{"name":"wp","href":"https:\/\/api.w.org\/{rel}","templated":true}]}}