{"id":34499,"date":"2019-07-09T14:07:58","date_gmt":"2019-07-09T17:07:58","guid":{"rendered":"http:\/\/www.riogrande.rs.gov.br\/smed\/?p=34499"},"modified":"2019-07-09T14:07:58","modified_gmt":"2019-07-09T17:07:58","slug":"smed-realizara-reuniao-com-orientadoresas-e-supervisoresas-coordenadoresas-pedagogicosas-da-rede-municipal-nesta-quarta-feira-10","status":"publish","type":"post","link":"https:\/\/www.riogrande.rs.gov.br\/smed\/?p=34499","title":{"rendered":"SMEd realizar\u00e1 reuni\u00e3o com Orientadores(as) e Supervisores(as)\/Coordenadores(as) Pedag\u00f3gicos(as) da Rede Municipal, nesta quarta-feira, 10"},"content":{"rendered":"<p style=\"text-align: justify;\">A Secretaria de Munic\u00edpio da Educa\u00e7\u00e3o de Rio Grande (SMEd), atrav\u00e9s do N\u00facleo de Orienta\u00e7\u00e3o e Supervis\u00e3o Escolar (NOS), realizar\u00e1, nesta quarta-feira, dia <b>10 de julho<\/b>, reuni\u00e3o com os(as) Orientadores(as) e com os(as) Supervisores(as)\/Coordenadores(as) Pedag\u00f3gicos(as) que atuam nas escolas da rede p\u00fablica municipal de ensino, com os Anos Iniciais.<\/p>\n<p><!--more--><\/p>\n<p style=\"text-align: justify;\">A reuni\u00e3o, que acontecer\u00e1 no <b>CEAMECIM <\/b>da Universidade Federal do Rio Grande (Furg), nos turnos da manh\u00e3 e da tarde, tratar\u00e1 sobre o \u201cPapel do(a) Orientador(a) na Avalia\u00e7\u00e3o\u201d e\u00a0 \u201cAvalia\u00e7\u00e3o nos Anos Iniciais\u201d. Confira o p\u00fablico-alvo para cada turno do Encontro de Forma\u00e7\u00e3o:<\/p>\n<ul>\n<li style=\"text-align: justify;\"><b>08h30min<\/b>: Orientadores(as);<\/li>\n<li style=\"text-align: justify;\"><b>13h30min<\/b>: Supervisores(as)\/Coordenadores(as) Pedag\u00f3gicos(as) dos Anos Iniciais.<\/li>\n<\/ul>\n<p>&nbsp;<\/p>\n<p style=\"text-align: right;\"><i>SMEd<\/i><br \/>\n<i>Roberton Reis<\/i><br \/>\n<i>Com informa\u00e7\u00f5es do N\u00facleo de Orienta\u00e7\u00e3o e Supervis\u00e3o<\/i><\/p>\n","protected":false},"excerpt":{"rendered":"<p>A Secretaria de Munic\u00edpio da Educa\u00e7\u00e3o de Rio Grande (SMEd), atrav\u00e9s do N\u00facleo de Orienta\u00e7\u00e3o e Supervis\u00e3o Escolar (NOS), realizar\u00e1, nesta quarta-feira, dia 10 de julho, reuni\u00e3o com os(as) Orientadores(as) e com os(as) Supervisores(as)\/Coordenadores(as) Pedag\u00f3gicos(as) que atuam nas escolas da rede p\u00fablica municipal de ensino, com os Anos Iniciais.<\/p>\n","protected":false},"author":7,"featured_media":0,"comment_status":"closed","ping_status":"closed","sticky":false,"template":"","format":"standard","meta":{"footnotes":""},"categories":[1,13],"tags":[],"class_list":["post-34499","post","type-post","status-publish","format-standard","hentry","category-noticias","category-pedagogico"],"_links":{"self":[{"href":"https:\/\/www.riogrande.rs.gov.br\/smed\/index.php?rest_route=\/wp\/v2\/posts\/34499"}],"collection":[{"href":"https:\/\/www.riogrande.rs.gov.br\/smed\/index.php?rest_route=\/wp\/v2\/posts"}],"about":[{"href":"https:\/\/www.riogrande.rs.gov.br\/smed\/index.php?rest_route=\/wp\/v2\/types\/post"}],"author":[{"embeddable":true,"href":"https:\/\/www.riogrande.rs.gov.br\/smed\/index.php?rest_route=\/wp\/v2\/users\/7"}],"replies":[{"embeddable":true,"href":"https:\/\/www.riogrande.rs.gov.br\/smed\/index.php?rest_route=%2Fwp%2Fv2%2Fcomments&post=34499"}],"version-history":[{"count":1,"href":"https:\/\/www.riogrande.rs.gov.br\/smed\/index.php?rest_route=\/wp\/v2\/posts\/34499\/revisions"}],"predecessor-version":[{"id":34500,"href":"https:\/\/www.riogrande.rs.gov.br\/smed\/index.php?rest_route=\/wp\/v2\/posts\/34499\/revisions\/34500"}],"wp:attachment":[{"href":"https:\/\/www.riogrande.rs.gov.br\/smed\/index.php?rest_route=%2Fwp%2Fv2%2Fmedia&parent=34499"}],"wp:term":[{"taxonomy":"category","embeddable":true,"href":"https:\/\/www.riogrande.rs.gov.br\/smed\/index.php?rest_route=%2Fwp%2Fv2%2Fcategories&post=34499"},{"taxonomy":"post_tag","embeddable":true,"href":"https:\/\/www.riogrande.rs.gov.br\/smed\/index.php?rest_route=%2Fwp%2Fv2%2Ftags&post=34499"}],"curies":[{"name":"wp","href":"https:\/\/api.w.org\/{rel}","templated":true}]}}