{"id":34471,"date":"2019-07-08T16:11:03","date_gmt":"2019-07-08T19:11:03","guid":{"rendered":"http:\/\/www.riogrande.rs.gov.br\/smed\/?p=34471"},"modified":"2019-07-08T16:31:41","modified_gmt":"2019-07-08T19:31:41","slug":"emef-sao-joao-batista-realizou-a-etapa-escolar-da-1a-conferencia-municipal-infantojuvenil-de-educacao-ambiental-pertencer-e-preciso-no-dia-03","status":"publish","type":"post","link":"https:\/\/www.riogrande.rs.gov.br\/smed\/?p=34471","title":{"rendered":"EMEF S\u00e3o Jo\u00e3o Batista realizou a Etapa Escolar da \u201c1\u00aa Confer\u00eancia Municipal Infantojuvenil de Educa\u00e7\u00e3o Ambiental \u2013 Pertencer \u00e9 preciso!\u201d no dia 03"},"content":{"rendered":"\n\t\t<style type=\"text\/css\">\n\t\t\t#gallery-1 {\n\t\t\t\tmargin: auto;\n\t\t\t}\n\t\t\t#gallery-1 .gallery-item {\n\t\t\t\tfloat: left;\n\t\t\t\tmargin-top: 10px;\n\t\t\t\ttext-align: center;\n\t\t\t\twidth: 33%;\n\t\t\t}\n\t\t\t#gallery-1 img {\n\t\t\t\tborder: 2px solid #cfcfcf;\n\t\t\t}\n\t\t\t#gallery-1 .gallery-caption {\n\t\t\t\tmargin-left: 0;\n\t\t\t}\n\t\t\t\/* see gallery_shortcode() in wp-includes\/media.php *\/\n\t\t<\/style>\n\t\t<div id='gallery-1' class='gallery galleryid-34471 gallery-columns-3 gallery-size-thumbnail'><dl class='gallery-item'>\n\t\t\t<dt class='gallery-icon landscape'>\n\t\t\t\t<a href='https:\/\/www.riogrande.rs.gov.br\/smed\/wp-content\/uploads\/2019\/07\/20190708-ped-sao_joao-image1.jpg' rel=\"lightbox[34471]\"><img loading=\"lazy\" decoding=\"async\" width=\"150\" height=\"150\" src=\"https:\/\/www.riogrande.rs.gov.br\/smed\/wp-content\/uploads\/2019\/07\/20190708-ped-sao_joao-image1-150x150.jpg\" class=\"attachment-thumbnail size-thumbnail\" alt=\"\" aria-describedby=\"gallery-1-34472\" \/><\/a>\n\t\t\t<\/dt>\n\t\t\t\t<dd class='wp-caption-text gallery-caption' id='gallery-1-34472'>\n\t\t\t\tDivulga\u00e7\u00e3o\n\t\t\t\t<\/dd><\/dl><dl class='gallery-item'>\n\t\t\t<dt class='gallery-icon landscape'>\n\t\t\t\t<a href='https:\/\/www.riogrande.rs.gov.br\/smed\/wp-content\/uploads\/2019\/07\/20190708-ped-sao_joao-image2.jpg' rel=\"lightbox[34471]\"><img loading=\"lazy\" decoding=\"async\" width=\"150\" height=\"150\" src=\"https:\/\/www.riogrande.rs.gov.br\/smed\/wp-content\/uploads\/2019\/07\/20190708-ped-sao_joao-image2-150x150.jpg\" class=\"attachment-thumbnail size-thumbnail\" alt=\"\" aria-describedby=\"gallery-1-34473\" \/><\/a>\n\t\t\t<\/dt>\n\t\t\t\t<dd class='wp-caption-text gallery-caption' id='gallery-1-34473'>\n\t\t\t\tDivulga\u00e7\u00e3o\n\t\t\t\t<\/dd><\/dl><dl class='gallery-item'>\n\t\t\t<dt class='gallery-icon landscape'>\n\t\t\t\t<a href='https:\/\/www.riogrande.rs.gov.br\/smed\/wp-content\/uploads\/2019\/07\/20190708-ped-sao_joao-image3.jpg' rel=\"lightbox[34471]\"><img loading=\"lazy\" decoding=\"async\" width=\"150\" height=\"150\" src=\"https:\/\/www.riogrande.rs.gov.br\/smed\/wp-content\/uploads\/2019\/07\/20190708-ped-sao_joao-image3-150x150.jpg\" class=\"attachment-thumbnail size-thumbnail\" alt=\"\" aria-describedby=\"gallery-1-34474\" \/><\/a>\n\t\t\t<\/dt>\n\t\t\t\t<dd class='wp-caption-text gallery-caption' id='gallery-1-34474'>\n\t\t\t\tDivulga\u00e7\u00e3o\n\t\t\t\t<\/dd><\/dl><br style=\"clear: both\" \/><dl class='gallery-item'>\n\t\t\t<dt class='gallery-icon landscape'>\n\t\t\t\t<a href='https:\/\/www.riogrande.rs.gov.br\/smed\/wp-content\/uploads\/2019\/07\/20190708-ped-sao_joao-image4.jpg' rel=\"lightbox[34471]\"><img loading=\"lazy\" decoding=\"async\" width=\"150\" height=\"150\" src=\"https:\/\/www.riogrande.rs.gov.br\/smed\/wp-content\/uploads\/2019\/07\/20190708-ped-sao_joao-image4-150x150.jpg\" class=\"attachment-thumbnail size-thumbnail\" alt=\"\" aria-describedby=\"gallery-1-34475\" \/><\/a>\n\t\t\t<\/dt>\n\t\t\t\t<dd class='wp-caption-text gallery-caption' id='gallery-1-34475'>\n\t\t\t\tDivulga\u00e7\u00e3o\n\t\t\t\t<\/dd><\/dl><dl class='gallery-item'>\n\t\t\t<dt class='gallery-icon landscape'>\n\t\t\t\t<a href='https:\/\/www.riogrande.rs.gov.br\/smed\/wp-content\/uploads\/2019\/07\/20190708-ped-sao_joao-image5.jpg' rel=\"lightbox[34471]\"><img loading=\"lazy\" decoding=\"async\" width=\"150\" height=\"150\" src=\"https:\/\/www.riogrande.rs.gov.br\/smed\/wp-content\/uploads\/2019\/07\/20190708-ped-sao_joao-image5-150x150.jpg\" class=\"attachment-thumbnail size-thumbnail\" alt=\"\" aria-describedby=\"gallery-1-34476\" \/><\/a>\n\t\t\t<\/dt>\n\t\t\t\t<dd class='wp-caption-text gallery-caption' id='gallery-1-34476'>\n\t\t\t\tDivulga\u00e7\u00e3o\n\t\t\t\t<\/dd><\/dl><dl class='gallery-item'>\n\t\t\t<dt class='gallery-icon landscape'>\n\t\t\t\t<a href='https:\/\/www.riogrande.rs.gov.br\/smed\/wp-content\/uploads\/2019\/07\/20190708-ped-sao_joao-image6.jpg' rel=\"lightbox[34471]\"><img loading=\"lazy\" decoding=\"async\" width=\"150\" height=\"150\" src=\"https:\/\/www.riogrande.rs.gov.br\/smed\/wp-content\/uploads\/2019\/07\/20190708-ped-sao_joao-image6-150x150.jpg\" class=\"attachment-thumbnail size-thumbnail\" alt=\"\" aria-describedby=\"gallery-1-34477\" \/><\/a>\n\t\t\t<\/dt>\n\t\t\t\t<dd class='wp-caption-text gallery-caption' id='gallery-1-34477'>\n\t\t\t\tDivulga\u00e7\u00e3o\n\t\t\t\t<\/dd><\/dl><br style=\"clear: both\" \/>\n\t\t<\/div>\n\n<p style=\"text-align: justify;\">Na \u00faltima quarta-feira, dia<b> 03 de julho<\/b>, a <strong>Escola Municipal de Ensino Fundamental S\u00e3o Jo\u00e3o Batista<\/strong> realizou a etapa escolar da \u201c<b>1\u00aa Confer\u00eancia Municipal Infantojuvenil de Educa\u00e7\u00e3o Ambiental \u2013 Pertencer \u00e9 preciso!<\/b>\u201c. A atividade, que contou com a participa\u00e7\u00e3o da comunidade escolar e a presen\u00e7a da assessora do N\u00facleo de Educa\u00e7\u00e3o Ambiental e Patrimonial da SMEd, Michele Coelho Salort, teve a seguinte programa\u00e7\u00e3o:<\/p>\n<p style=\"text-align: justify;\"><!--more--><\/p>\n<p style=\"text-align: justify;\"><b>Sensibiliza\u00e7\u00e3o:<\/b><\/p>\n<ul style=\"text-align: justify;\">\n<li>Abertura pela Equipe diretiva; fala da professora Patr\u00edcia Rodrigues, coordenadora do Projeto de Educa\u00e7\u00e3o Ambiental na escola; e teatro da Turma 50 (manh\u00e3) e turma 30 (tarde).<\/li>\n<\/ul>\n<p style=\"text-align: justify;\"><b>Desenvolvimento:<\/b><\/p>\n<ul style=\"text-align: justify;\">\n<li>Apresenta\u00e7\u00e3o da \u00c1rvore dos Sonhos;<\/li>\n<li>Delimita\u00e7\u00e3o da fragilidade do bairro (lixo);<\/li>\n<li>Palestra com o T\u00e9cnico em Meio Ambiente, Jos\u00e9 Lucas Velho;<\/li>\n<li>Constru\u00e7\u00e3o de estrat\u00e9gias pelas turmas e familiares nas salas;<\/li>\n<li>Socializa\u00e7\u00e3o das estrat\u00e9gias pensadas;<\/li>\n<li>Escolha dos delegados para Confer\u00eancia Municipal.<\/li>\n<\/ul>\n<p style=\"text-align: justify;\"><b>Fechamento:<\/b><\/p>\n<ul>\n<li style=\"text-align: justify;\">Hora do conto da hist\u00f3ria &#8220;<strong>O acendedor de sonhos<\/strong>&#8220;;<\/li>\n<li style=\"text-align: justify;\">Distribui\u00e7\u00e3o de sementes de girassol e uma mensagem.<\/li>\n<\/ul>\n<p>&nbsp;<\/p>\n<p style=\"text-align: right;\"><em>SMEd<\/em><br \/>\n<em>Roberton Reis<\/em><br \/>\n<em>Com informa\u00e7\u00f5es da EMEF S\u00e3o Jo\u00e3o Batista<\/em><\/p>\n","protected":false},"excerpt":{"rendered":"<p>Na \u00faltima quarta-feira, dia 03 de julho, a Escola Municipal de Ensino Fundamental S\u00e3o Jo\u00e3o Batista realizou a etapa escolar da \u201c1\u00aa Confer\u00eancia Municipal Infantojuvenil de Educa\u00e7\u00e3o Ambiental \u2013 Pertencer \u00e9 preciso!\u201c. A atividade, que contou com a participa\u00e7\u00e3o da comunidade escolar e a presen\u00e7a da assessora do N\u00facleo de Educa\u00e7\u00e3o Ambiental e Patrimonial da [&hellip;]<\/p>\n","protected":false},"author":7,"featured_media":0,"comment_status":"closed","ping_status":"closed","sticky":false,"template":"","format":"standard","meta":{"footnotes":""},"categories":[1,13],"tags":[],"class_list":["post-34471","post","type-post","status-publish","format-standard","hentry","category-noticias","category-pedagogico"],"_links":{"self":[{"href":"https:\/\/www.riogrande.rs.gov.br\/smed\/index.php?rest_route=\/wp\/v2\/posts\/34471"}],"collection":[{"href":"https:\/\/www.riogrande.rs.gov.br\/smed\/index.php?rest_route=\/wp\/v2\/posts"}],"about":[{"href":"https:\/\/www.riogrande.rs.gov.br\/smed\/index.php?rest_route=\/wp\/v2\/types\/post"}],"author":[{"embeddable":true,"href":"https:\/\/www.riogrande.rs.gov.br\/smed\/index.php?rest_route=\/wp\/v2\/users\/7"}],"replies":[{"embeddable":true,"href":"https:\/\/www.riogrande.rs.gov.br\/smed\/index.php?rest_route=%2Fwp%2Fv2%2Fcomments&post=34471"}],"version-history":[{"count":2,"href":"https:\/\/www.riogrande.rs.gov.br\/smed\/index.php?rest_route=\/wp\/v2\/posts\/34471\/revisions"}],"predecessor-version":[{"id":34498,"href":"https:\/\/www.riogrande.rs.gov.br\/smed\/index.php?rest_route=\/wp\/v2\/posts\/34471\/revisions\/34498"}],"wp:attachment":[{"href":"https:\/\/www.riogrande.rs.gov.br\/smed\/index.php?rest_route=%2Fwp%2Fv2%2Fmedia&parent=34471"}],"wp:term":[{"taxonomy":"category","embeddable":true,"href":"https:\/\/www.riogrande.rs.gov.br\/smed\/index.php?rest_route=%2Fwp%2Fv2%2Fcategories&post=34471"},{"taxonomy":"post_tag","embeddable":true,"href":"https:\/\/www.riogrande.rs.gov.br\/smed\/index.php?rest_route=%2Fwp%2Fv2%2Ftags&post=34471"}],"curies":[{"name":"wp","href":"https:\/\/api.w.org\/{rel}","templated":true}]}}