{"id":34453,"date":"2019-07-05T16:02:00","date_gmt":"2019-07-05T19:02:00","guid":{"rendered":"http:\/\/www.riogrande.rs.gov.br\/smed\/?p=34453"},"modified":"2019-07-05T16:02:00","modified_gmt":"2019-07-05T19:02:00","slug":"smed-e-sesc-sao-parceiros-na-2a-edicao-do-projeto-cultura-urbana-batalha-interescolar","status":"publish","type":"post","link":"https:\/\/www.riogrande.rs.gov.br\/smed\/?p=34453","title":{"rendered":"SMEd e SESC s\u00e3o parceiros na 2\u00aa edi\u00e7\u00e3o do Projeto \u201cCultura Urbana: Batalha Interescolar\u201d"},"content":{"rendered":"<div id=\"attachment_34454\" style=\"width: 495px\" class=\"wp-caption aligncenter\"><a href=\"http:\/\/www.riogrande.rs.gov.br\/smed\/wp-content\/uploads\/2019\/07\/20190705-ped-batalha-image1.jpg\" rel=\"lightbox[34453]\"><img loading=\"lazy\" decoding=\"async\" aria-describedby=\"caption-attachment-34454\" class=\"size-medium wp-image-34454\" src=\"http:\/\/www.riogrande.rs.gov.br\/smed\/wp-content\/uploads\/2019\/07\/20190705-ped-batalha-image1-485x273.jpg\" alt=\"\" width=\"485\" height=\"273\" srcset=\"https:\/\/www.riogrande.rs.gov.br\/smed\/wp-content\/uploads\/2019\/07\/20190705-ped-batalha-image1-485x273.jpg 485w, https:\/\/www.riogrande.rs.gov.br\/smed\/wp-content\/uploads\/2019\/07\/20190705-ped-batalha-image1-768x432.jpg 768w, https:\/\/www.riogrande.rs.gov.br\/smed\/wp-content\/uploads\/2019\/07\/20190705-ped-batalha-image1-368x207.jpg 368w, https:\/\/www.riogrande.rs.gov.br\/smed\/wp-content\/uploads\/2019\/07\/20190705-ped-batalha-image1-624x351.jpg 624w, https:\/\/www.riogrande.rs.gov.br\/smed\/wp-content\/uploads\/2019\/07\/20190705-ped-batalha-image1.jpg 800w\" sizes=\"(max-width: 485px) 100vw, 485px\" \/><\/a><p id=\"caption-attachment-34454\" class=\"wp-caption-text\">Divulga\u00e7\u00e3o<\/p><\/div>\n\n\t\t<style type=\"text\/css\">\n\t\t\t#gallery-1 {\n\t\t\t\tmargin: auto;\n\t\t\t}\n\t\t\t#gallery-1 .gallery-item {\n\t\t\t\tfloat: left;\n\t\t\t\tmargin-top: 10px;\n\t\t\t\ttext-align: center;\n\t\t\t\twidth: 50%;\n\t\t\t}\n\t\t\t#gallery-1 img {\n\t\t\t\tborder: 2px solid #cfcfcf;\n\t\t\t}\n\t\t\t#gallery-1 .gallery-caption {\n\t\t\t\tmargin-left: 0;\n\t\t\t}\n\t\t\t\/* see gallery_shortcode() in wp-includes\/media.php *\/\n\t\t<\/style>\n\t\t<div id='gallery-1' class='gallery galleryid-34453 gallery-columns-2 gallery-size-thumbnail'><dl class='gallery-item'>\n\t\t\t<dt class='gallery-icon landscape'>\n\t\t\t\t<a href='https:\/\/www.riogrande.rs.gov.br\/smed\/wp-content\/uploads\/2019\/07\/20190705-ped-batalha-image2.jpg' rel=\"lightbox[34453]\"><img loading=\"lazy\" decoding=\"async\" width=\"150\" height=\"150\" src=\"https:\/\/www.riogrande.rs.gov.br\/smed\/wp-content\/uploads\/2019\/07\/20190705-ped-batalha-image2-150x150.jpg\" class=\"attachment-thumbnail size-thumbnail\" alt=\"\" aria-describedby=\"gallery-1-34455\" \/><\/a>\n\t\t\t<\/dt>\n\t\t\t\t<dd class='wp-caption-text gallery-caption' id='gallery-1-34455'>\n\t\t\t\tDivulga\u00e7\u00e3o\n\t\t\t\t<\/dd><\/dl><dl class='gallery-item'>\n\t\t\t<dt class='gallery-icon landscape'>\n\t\t\t\t<a href='https:\/\/www.riogrande.rs.gov.br\/smed\/wp-content\/uploads\/2019\/07\/20190705-ped-batalha-image3.jpg' rel=\"lightbox[34453]\"><img loading=\"lazy\" decoding=\"async\" width=\"150\" height=\"150\" src=\"https:\/\/www.riogrande.rs.gov.br\/smed\/wp-content\/uploads\/2019\/07\/20190705-ped-batalha-image3-150x150.jpg\" class=\"attachment-thumbnail size-thumbnail\" alt=\"\" aria-describedby=\"gallery-1-34456\" \/><\/a>\n\t\t\t<\/dt>\n\t\t\t\t<dd class='wp-caption-text gallery-caption' id='gallery-1-34456'>\n\t\t\t\tDivulga\u00e7\u00e3o\n\t\t\t\t<\/dd><\/dl><br style=\"clear: both\" \/><dl class='gallery-item'>\n\t\t\t<dt class='gallery-icon portrait'>\n\t\t\t\t<a href='https:\/\/www.riogrande.rs.gov.br\/smed\/wp-content\/uploads\/2019\/07\/20190705-ped-batalha-image4.jpg' rel=\"lightbox[34453]\"><img loading=\"lazy\" decoding=\"async\" width=\"150\" height=\"150\" src=\"https:\/\/www.riogrande.rs.gov.br\/smed\/wp-content\/uploads\/2019\/07\/20190705-ped-batalha-image4-150x150.jpg\" class=\"attachment-thumbnail size-thumbnail\" alt=\"\" aria-describedby=\"gallery-1-34457\" \/><\/a>\n\t\t\t<\/dt>\n\t\t\t\t<dd class='wp-caption-text gallery-caption' id='gallery-1-34457'>\n\t\t\t\tDivulga\u00e7\u00e3o\n\t\t\t\t<\/dd><\/dl><dl class='gallery-item'>\n\t\t\t<dt class='gallery-icon landscape'>\n\t\t\t\t<a href='https:\/\/www.riogrande.rs.gov.br\/smed\/wp-content\/uploads\/2019\/07\/20190705-ped-batalha-image5.jpg' rel=\"lightbox[34453]\"><img loading=\"lazy\" decoding=\"async\" width=\"150\" height=\"150\" src=\"https:\/\/www.riogrande.rs.gov.br\/smed\/wp-content\/uploads\/2019\/07\/20190705-ped-batalha-image5-150x150.jpg\" class=\"attachment-thumbnail size-thumbnail\" alt=\"\" aria-describedby=\"gallery-1-34458\" \/><\/a>\n\t\t\t<\/dt>\n\t\t\t\t<dd class='wp-caption-text gallery-caption' id='gallery-1-34458'>\n\t\t\t\tDivulga\u00e7\u00e3o\n\t\t\t\t<\/dd><\/dl><br style=\"clear: both\" \/>\n\t\t<\/div>\n\n<p style=\"text-align: justify;\">A <strong>Secretaria de Munic\u00edpio da Educa\u00e7\u00e3o de Rio Grande<\/strong> (SMEd), em parceria com o <strong>Servi\u00e7o Social do Com\u00e9rcio<\/strong> (SESC), est\u00e1 desenvolvendo, pelo segundo ano consecutivo, em quatro escolas da rede p\u00fablica municipal de ensino, o Projeto \u201c<strong>Cultura Urbana: Batalha Interescolar<\/strong>\u201d.<\/p>\n<p style=\"text-align: justify;\"><!--more--><\/p>\n<p style=\"text-align: justify;\">A II Batalha Interescolar do Rio Grande consiste em uma Batalha de Rap, que \u00e9 o resultado final de oficinas desenvolvida em quatro escolas da rede p\u00fablica municipal de ensino, localizadas na Zona Oeste da Cidade: EMEF Zelly Pereira Esmeraldo, EMEF Cidade do Rio Grande\/CAIC, EMEF Assis Brasil e EMEF Jo\u00e3o de Oliveira Martins.<\/p>\n<p style=\"text-align: justify;\">As oficinas, que acontecem no contraturno escolar, oportunizando aos estudantes, al\u00e9m do contato com a m\u00fasica e a rima, momentos de reflex\u00e3o a partir dos temas apresentados, s\u00e3o ministradas por <strong>MR Dione<\/strong>s e<strong> MC Diz\u00e9ro<\/strong>.<\/p>\n<p style=\"text-align: justify;\">A escolha dessas escolas deu-se de acordo com a an\u00e1lise do cen\u00e1rio emergente na cidade do Rio Grande, bem como a indica\u00e7\u00e3o dos oficineiros, os quais foram selecionados por realizarem um trabalho de suma import\u00e2ncia e reconhecimento do meio cultural urbano no Munic\u00edpio.<\/p>\n<p style=\"text-align: justify;\">Nos dias 08 e 09 de julho ir\u00e3o ocorrer as batalhas escolares nos recreios das quatro escolas. No dia 13 de julho, \u00e0s 14h, no Cidec-Sul da Furg, teremos a oportunidade de assistir \u00e0 Batalha de Rap com os(as) estudantes finalistas. Tamb\u00e9m acontecer\u00e3o shows de MC Diz\u00e9ro, Mr Diones e F\u00f3rmula Sonora, al\u00e9m de uma viv\u00eancia em Grafitti para o Grupo da Maturidade Ativa\/Sesc.<\/p>\n<p style=\"text-align: justify;\">A Batalha de Rap consiste em um jogo de rap, envolvendo improvisa\u00e7\u00e3o, rima e ritmo. Primeiro \u00e9 definida a tem\u00e1tica, logo ap\u00f3s \u00e9 feito um sorteio ou o grupo ser\u00e1 dividido em duplas. A apresenta\u00e7\u00e3o acontece em forma de uma disputa dessa dupla previamente sorteada. Em seguida, a plateia vota de dois a dois, at\u00e9 chegar na final e no vencedor.<\/p>\n<p style=\"text-align: justify;\">O evento \u00e9 gratuito, aberto \u00e0 comunidade e integra o projeto Cultura Urbana, que \u00e9 desenvolvido pelo Sistema Fecom\u00e9rcio\/Sesc e conta com importantes e fundamentais parceiros, como a Prefeitura de Rio Grande, por meio da Secretaria de Munic\u00edpio da Educa\u00e7\u00e3o e da Secretaria de Munic\u00edpio da Cultura; e a Universidade Federal do Rio Grande, atrav\u00e9s da Dire\u00e7\u00e3o de Arte e Cultura.<\/p>\n<p style=\"text-align: justify;\">Servi\u00e7o: \u00a02\u00aa edi\u00e7\u00e3o do Projeto \u201cCultura Urbana: Batalha Interescolar\u201d<br \/>\nDia: 13 de julho<br \/>\nHor\u00e1rio: das 14h \u00e0s 18h<br \/>\nLocal: Cidec-Sul da Furg<br \/>\nEvento gratuito e aberto \u00e0 comunidade<\/p>\n<p style=\"text-align: right;\"><em>SMEd<\/em><br \/>\n<em>Roberton Reis<\/em><\/p>\n","protected":false},"excerpt":{"rendered":"<p>A Secretaria de Munic\u00edpio da Educa\u00e7\u00e3o de Rio Grande (SMEd), em parceria com o Servi\u00e7o Social do Com\u00e9rcio (SESC), est\u00e1 desenvolvendo, pelo segundo ano consecutivo, em quatro escolas da rede p\u00fablica municipal de ensino, o Projeto \u201cCultura Urbana: Batalha Interescolar\u201d.<\/p>\n","protected":false},"author":7,"featured_media":0,"comment_status":"closed","ping_status":"closed","sticky":false,"template":"","format":"standard","meta":{"footnotes":""},"categories":[1,13],"tags":[],"class_list":["post-34453","post","type-post","status-publish","format-standard","hentry","category-noticias","category-pedagogico"],"_links":{"self":[{"href":"https:\/\/www.riogrande.rs.gov.br\/smed\/index.php?rest_route=\/wp\/v2\/posts\/34453"}],"collection":[{"href":"https:\/\/www.riogrande.rs.gov.br\/smed\/index.php?rest_route=\/wp\/v2\/posts"}],"about":[{"href":"https:\/\/www.riogrande.rs.gov.br\/smed\/index.php?rest_route=\/wp\/v2\/types\/post"}],"author":[{"embeddable":true,"href":"https:\/\/www.riogrande.rs.gov.br\/smed\/index.php?rest_route=\/wp\/v2\/users\/7"}],"replies":[{"embeddable":true,"href":"https:\/\/www.riogrande.rs.gov.br\/smed\/index.php?rest_route=%2Fwp%2Fv2%2Fcomments&post=34453"}],"version-history":[{"count":1,"href":"https:\/\/www.riogrande.rs.gov.br\/smed\/index.php?rest_route=\/wp\/v2\/posts\/34453\/revisions"}],"predecessor-version":[{"id":34459,"href":"https:\/\/www.riogrande.rs.gov.br\/smed\/index.php?rest_route=\/wp\/v2\/posts\/34453\/revisions\/34459"}],"wp:attachment":[{"href":"https:\/\/www.riogrande.rs.gov.br\/smed\/index.php?rest_route=%2Fwp%2Fv2%2Fmedia&parent=34453"}],"wp:term":[{"taxonomy":"category","embeddable":true,"href":"https:\/\/www.riogrande.rs.gov.br\/smed\/index.php?rest_route=%2Fwp%2Fv2%2Fcategories&post=34453"},{"taxonomy":"post_tag","embeddable":true,"href":"https:\/\/www.riogrande.rs.gov.br\/smed\/index.php?rest_route=%2Fwp%2Fv2%2Ftags&post=34453"}],"curies":[{"name":"wp","href":"https:\/\/api.w.org\/{rel}","templated":true}]}}