{"id":34451,"date":"2019-07-05T15:22:27","date_gmt":"2019-07-05T18:22:27","guid":{"rendered":"http:\/\/www.riogrande.rs.gov.br\/smed\/?p=34451"},"modified":"2019-07-05T15:22:27","modified_gmt":"2019-07-05T18:22:27","slug":"smed-realizara-reuniao-com-supervisoresas-coordenadoresas-pedagogicosas-da-rede-municipal-no-dia-08","status":"publish","type":"post","link":"https:\/\/www.riogrande.rs.gov.br\/smed\/?p=34451","title":{"rendered":"SMEd realizar\u00e1 reuni\u00e3o com Supervisores(as)\/Coordenadores(as) Pedag\u00f3gicos(as) da Rede Municipal, no dia 08"},"content":{"rendered":"<p style=\"text-align: justify;\">A Secretaria de Munic\u00edpio da Educa\u00e7\u00e3o de Rio Grande (SMEd), atrav\u00e9s do N\u00facleo de Orienta\u00e7\u00e3o e Supervis\u00e3o Escolar (NOS), realizar\u00e1, na pr\u00f3xima segunda-feira, dia <b>08 de julho<\/b>, reuni\u00e3o com os(as) Orientadores(as) e Supervisores(as)\/Coordenadores(as) Pedag\u00f3gicos(as) que atuam nas escolas da rede p\u00fablica municipal de ensino, com a Educa\u00e7\u00e3o Infantil e com os Anos Finais.<\/p>\n<p style=\"text-align: justify;\"><!--more--><\/p>\n<p style=\"text-align: justify;\">A reuni\u00e3o, que acontecer\u00e1 no <b>CEAMECIM <\/b>da Universidade Federal do Rio Grande (Furg), nos turnos da manh\u00e3 e da tarde, tratar\u00e1 sobre \u201cAvalia\u00e7\u00e3o\u201d, tanto na Educa\u00e7\u00e3o Infantil quanto nos Anos Finais. Confira o p\u00fablico-alvo para cada turno do Encontro de Forma\u00e7\u00e3o:<\/p>\n<ul>\n<li style=\"text-align: justify;\"><b>08h30min<\/b>: Supervisores(as)\/Coordenadores(as) Pedag\u00f3gicos(as) dos Anos Finais;<\/li>\n<li style=\"text-align: justify;\"><b>13h30min<\/b>: Supervisores(as)\/Coordenadores(as) Pedag\u00f3gicos(as) da Educa\u00e7\u00e3o Infantil.<\/li>\n<\/ul>\n<p style=\"text-align: right;\"><em>SMEd<\/em><br \/>\n<em>Roberton Reis<\/em><br \/>\n<em>Com informa\u00e7\u00f5es do N\u00facleo de Orienta\u00e7\u00e3o e Supervis\u00e3o<\/em><\/p>\n","protected":false},"excerpt":{"rendered":"<p>A Secretaria de Munic\u00edpio da Educa\u00e7\u00e3o de Rio Grande (SMEd), atrav\u00e9s do N\u00facleo de Orienta\u00e7\u00e3o e Supervis\u00e3o Escolar (NOS), realizar\u00e1, na pr\u00f3xima segunda-feira, dia 08 de julho, reuni\u00e3o com os(as) Orientadores(as) e Supervisores(as)\/Coordenadores(as) Pedag\u00f3gicos(as) que atuam nas escolas da rede p\u00fablica municipal de ensino, com a Educa\u00e7\u00e3o Infantil e com os Anos Finais.<\/p>\n","protected":false},"author":7,"featured_media":0,"comment_status":"closed","ping_status":"closed","sticky":false,"template":"","format":"standard","meta":{"footnotes":""},"categories":[1,13],"tags":[],"class_list":["post-34451","post","type-post","status-publish","format-standard","hentry","category-noticias","category-pedagogico"],"_links":{"self":[{"href":"https:\/\/www.riogrande.rs.gov.br\/smed\/index.php?rest_route=\/wp\/v2\/posts\/34451"}],"collection":[{"href":"https:\/\/www.riogrande.rs.gov.br\/smed\/index.php?rest_route=\/wp\/v2\/posts"}],"about":[{"href":"https:\/\/www.riogrande.rs.gov.br\/smed\/index.php?rest_route=\/wp\/v2\/types\/post"}],"author":[{"embeddable":true,"href":"https:\/\/www.riogrande.rs.gov.br\/smed\/index.php?rest_route=\/wp\/v2\/users\/7"}],"replies":[{"embeddable":true,"href":"https:\/\/www.riogrande.rs.gov.br\/smed\/index.php?rest_route=%2Fwp%2Fv2%2Fcomments&post=34451"}],"version-history":[{"count":1,"href":"https:\/\/www.riogrande.rs.gov.br\/smed\/index.php?rest_route=\/wp\/v2\/posts\/34451\/revisions"}],"predecessor-version":[{"id":34452,"href":"https:\/\/www.riogrande.rs.gov.br\/smed\/index.php?rest_route=\/wp\/v2\/posts\/34451\/revisions\/34452"}],"wp:attachment":[{"href":"https:\/\/www.riogrande.rs.gov.br\/smed\/index.php?rest_route=%2Fwp%2Fv2%2Fmedia&parent=34451"}],"wp:term":[{"taxonomy":"category","embeddable":true,"href":"https:\/\/www.riogrande.rs.gov.br\/smed\/index.php?rest_route=%2Fwp%2Fv2%2Fcategories&post=34451"},{"taxonomy":"post_tag","embeddable":true,"href":"https:\/\/www.riogrande.rs.gov.br\/smed\/index.php?rest_route=%2Fwp%2Fv2%2Ftags&post=34451"}],"curies":[{"name":"wp","href":"https:\/\/api.w.org\/{rel}","templated":true}]}}