{"id":34434,"date":"2019-07-05T14:38:18","date_gmt":"2019-07-05T17:38:18","guid":{"rendered":"http:\/\/www.riogrande.rs.gov.br\/smed\/?p=34434"},"modified":"2019-07-05T14:38:18","modified_gmt":"2019-07-05T17:38:18","slug":"grupo-de-danca-da-ebahl-apresentou-se-na-41a-fearg-na-noite-de-quinta-feira-04","status":"publish","type":"post","link":"https:\/\/www.riogrande.rs.gov.br\/smed\/?p=34434","title":{"rendered":"Grupo de Dan\u00e7a da EBAHL apresentou-se na \u201c41\u00aa Fearg\u201d na noite de quinta-feira, 04"},"content":{"rendered":"<div id=\"attachment_34435\" style=\"width: 495px\" class=\"wp-caption aligncenter\"><a href=\"http:\/\/www.riogrande.rs.gov.br\/smed\/wp-content\/uploads\/2019\/07\/20190705-ped-ebahl-image1-1.jpg\" rel=\"lightbox[34434]\"><img loading=\"lazy\" decoding=\"async\" aria-describedby=\"caption-attachment-34435\" class=\"size-medium wp-image-34435\" src=\"http:\/\/www.riogrande.rs.gov.br\/smed\/wp-content\/uploads\/2019\/07\/20190705-ped-ebahl-image1-1-485x364.jpg\" alt=\"\" width=\"485\" height=\"364\" srcset=\"https:\/\/www.riogrande.rs.gov.br\/smed\/wp-content\/uploads\/2019\/07\/20190705-ped-ebahl-image1-1-485x364.jpg 485w, https:\/\/www.riogrande.rs.gov.br\/smed\/wp-content\/uploads\/2019\/07\/20190705-ped-ebahl-image1-1-768x576.jpg 768w, https:\/\/www.riogrande.rs.gov.br\/smed\/wp-content\/uploads\/2019\/07\/20190705-ped-ebahl-image1-1-276x207.jpg 276w, https:\/\/www.riogrande.rs.gov.br\/smed\/wp-content\/uploads\/2019\/07\/20190705-ped-ebahl-image1-1-624x468.jpg 624w, https:\/\/www.riogrande.rs.gov.br\/smed\/wp-content\/uploads\/2019\/07\/20190705-ped-ebahl-image1-1.jpg 800w\" sizes=\"(max-width: 485px) 100vw, 485px\" \/><\/a><p id=\"caption-attachment-34435\" class=\"wp-caption-text\">Divulga\u00e7\u00e3o<\/p><\/div>\n<p style=\"text-align: justify;\">O Grupo de Dan\u00e7a da <strong>Escola de Belas Artes Heitor de Lemos<\/strong> (EBAHL) e alguns alunos convidados apresentaram-se, na noite de ontem, quinta-feira, dia 04 de julho, no Espa\u00e7o Cultural da \u201c41\u00aa Fearg\u201d. \u201c<b>Na oportunidade, foram apresentadas composi\u00e7\u00f5es trabalhadas no primeiro semestre de 2019, e a su\u00edte do ballet Aladdin<\/b>\u201c, destacou a dire\u00e7\u00e3o da EBAHL.<\/p>\n<p style=\"text-align: right;\"><i>SMEd<\/i><br \/>\n<i>Roberton Reis<\/i><br \/>\n<i>Com informa\u00e7\u00f5es da EBAHL<\/i><\/p>\n","protected":false},"excerpt":{"rendered":"<p>O Grupo de Dan\u00e7a da Escola de Belas Artes Heitor de Lemos (EBAHL) e alguns alunos convidados apresentaram-se, na noite de ontem, quinta-feira, dia 04 de julho, no Espa\u00e7o Cultural da \u201c41\u00aa Fearg\u201d. \u201cNa oportunidade, foram apresentadas composi\u00e7\u00f5es trabalhadas no primeiro semestre de 2019, e a su\u00edte do ballet Aladdin\u201c, destacou a dire\u00e7\u00e3o da EBAHL. [&hellip;]<\/p>\n","protected":false},"author":7,"featured_media":0,"comment_status":"closed","ping_status":"closed","sticky":false,"template":"","format":"standard","meta":{"footnotes":""},"categories":[1,13],"tags":[],"class_list":["post-34434","post","type-post","status-publish","format-standard","hentry","category-noticias","category-pedagogico"],"_links":{"self":[{"href":"https:\/\/www.riogrande.rs.gov.br\/smed\/index.php?rest_route=\/wp\/v2\/posts\/34434"}],"collection":[{"href":"https:\/\/www.riogrande.rs.gov.br\/smed\/index.php?rest_route=\/wp\/v2\/posts"}],"about":[{"href":"https:\/\/www.riogrande.rs.gov.br\/smed\/index.php?rest_route=\/wp\/v2\/types\/post"}],"author":[{"embeddable":true,"href":"https:\/\/www.riogrande.rs.gov.br\/smed\/index.php?rest_route=\/wp\/v2\/users\/7"}],"replies":[{"embeddable":true,"href":"https:\/\/www.riogrande.rs.gov.br\/smed\/index.php?rest_route=%2Fwp%2Fv2%2Fcomments&post=34434"}],"version-history":[{"count":1,"href":"https:\/\/www.riogrande.rs.gov.br\/smed\/index.php?rest_route=\/wp\/v2\/posts\/34434\/revisions"}],"predecessor-version":[{"id":34436,"href":"https:\/\/www.riogrande.rs.gov.br\/smed\/index.php?rest_route=\/wp\/v2\/posts\/34434\/revisions\/34436"}],"wp:attachment":[{"href":"https:\/\/www.riogrande.rs.gov.br\/smed\/index.php?rest_route=%2Fwp%2Fv2%2Fmedia&parent=34434"}],"wp:term":[{"taxonomy":"category","embeddable":true,"href":"https:\/\/www.riogrande.rs.gov.br\/smed\/index.php?rest_route=%2Fwp%2Fv2%2Fcategories&post=34434"},{"taxonomy":"post_tag","embeddable":true,"href":"https:\/\/www.riogrande.rs.gov.br\/smed\/index.php?rest_route=%2Fwp%2Fv2%2Ftags&post=34434"}],"curies":[{"name":"wp","href":"https:\/\/api.w.org\/{rel}","templated":true}]}}