{"id":34420,"date":"2019-07-05T14:30:42","date_gmt":"2019-07-05T17:30:42","guid":{"rendered":"http:\/\/www.riogrande.rs.gov.br\/smed\/?p=34420"},"modified":"2019-07-05T14:32:41","modified_gmt":"2019-07-05T17:32:41","slug":"galeria-breche-da-ebahl-promoveu-vernissage-da-artista-carla-rosi","status":"publish","type":"post","link":"https:\/\/www.riogrande.rs.gov.br\/smed\/?p=34420","title":{"rendered":"Galeria Breche da EBAHL promoveu \u201cvernissage\u201d da Artista Carla Rosi"},"content":{"rendered":"\n\t\t<style type=\"text\/css\">\n\t\t\t#gallery-1 {\n\t\t\t\tmargin: auto;\n\t\t\t}\n\t\t\t#gallery-1 .gallery-item {\n\t\t\t\tfloat: left;\n\t\t\t\tmargin-top: 10px;\n\t\t\t\ttext-align: center;\n\t\t\t\twidth: 33%;\n\t\t\t}\n\t\t\t#gallery-1 img {\n\t\t\t\tborder: 2px solid #cfcfcf;\n\t\t\t}\n\t\t\t#gallery-1 .gallery-caption {\n\t\t\t\tmargin-left: 0;\n\t\t\t}\n\t\t\t\/* see gallery_shortcode() in wp-includes\/media.php *\/\n\t\t<\/style>\n\t\t<div id='gallery-1' class='gallery galleryid-34420 gallery-columns-3 gallery-size-thumbnail'><dl class='gallery-item'>\n\t\t\t<dt class='gallery-icon portrait'>\n\t\t\t\t<a href='https:\/\/www.riogrande.rs.gov.br\/smed\/wp-content\/uploads\/2019\/07\/20190705-ped-ebahl-image1.jpg' rel=\"lightbox[34420]\"><img loading=\"lazy\" decoding=\"async\" width=\"150\" height=\"150\" src=\"https:\/\/www.riogrande.rs.gov.br\/smed\/wp-content\/uploads\/2019\/07\/20190705-ped-ebahl-image1-150x150.jpg\" class=\"attachment-thumbnail size-thumbnail\" alt=\"\" aria-describedby=\"gallery-1-34422\" \/><\/a>\n\t\t\t<\/dt>\n\t\t\t\t<dd class='wp-caption-text gallery-caption' id='gallery-1-34422'>\n\t\t\t\tDivulga\u00e7\u00e3o\n\t\t\t\t<\/dd><\/dl><dl class='gallery-item'>\n\t\t\t<dt class='gallery-icon portrait'>\n\t\t\t\t<a href='https:\/\/www.riogrande.rs.gov.br\/smed\/wp-content\/uploads\/2019\/07\/20190705-ped-ebahl-image2.jpg' rel=\"lightbox[34420]\"><img loading=\"lazy\" decoding=\"async\" width=\"150\" height=\"150\" src=\"https:\/\/www.riogrande.rs.gov.br\/smed\/wp-content\/uploads\/2019\/07\/20190705-ped-ebahl-image2-150x150.jpg\" class=\"attachment-thumbnail size-thumbnail\" alt=\"\" aria-describedby=\"gallery-1-34423\" \/><\/a>\n\t\t\t<\/dt>\n\t\t\t\t<dd class='wp-caption-text gallery-caption' id='gallery-1-34423'>\n\t\t\t\tDivulga\u00e7\u00e3o\n\t\t\t\t<\/dd><\/dl><dl class='gallery-item'>\n\t\t\t<dt class='gallery-icon landscape'>\n\t\t\t\t<a href='https:\/\/www.riogrande.rs.gov.br\/smed\/wp-content\/uploads\/2019\/07\/20190705-ped-ebahl-image3.jpg' rel=\"lightbox[34420]\"><img loading=\"lazy\" decoding=\"async\" width=\"150\" height=\"150\" src=\"https:\/\/www.riogrande.rs.gov.br\/smed\/wp-content\/uploads\/2019\/07\/20190705-ped-ebahl-image3-150x150.jpg\" class=\"attachment-thumbnail size-thumbnail\" alt=\"\" aria-describedby=\"gallery-1-34424\" \/><\/a>\n\t\t\t<\/dt>\n\t\t\t\t<dd class='wp-caption-text gallery-caption' id='gallery-1-34424'>\n\t\t\t\tDivulga\u00e7\u00e3o\n\t\t\t\t<\/dd><\/dl><br style=\"clear: both\" \/><dl class='gallery-item'>\n\t\t\t<dt class='gallery-icon landscape'>\n\t\t\t\t<a href='https:\/\/www.riogrande.rs.gov.br\/smed\/wp-content\/uploads\/2019\/07\/20190705-ped-ebahl-image4.jpg' rel=\"lightbox[34420]\"><img loading=\"lazy\" decoding=\"async\" width=\"150\" height=\"150\" src=\"https:\/\/www.riogrande.rs.gov.br\/smed\/wp-content\/uploads\/2019\/07\/20190705-ped-ebahl-image4-150x150.jpg\" class=\"attachment-thumbnail size-thumbnail\" alt=\"\" aria-describedby=\"gallery-1-34425\" \/><\/a>\n\t\t\t<\/dt>\n\t\t\t\t<dd class='wp-caption-text gallery-caption' id='gallery-1-34425'>\n\t\t\t\tDivulga\u00e7\u00e3o\n\t\t\t\t<\/dd><\/dl><dl class='gallery-item'>\n\t\t\t<dt class='gallery-icon portrait'>\n\t\t\t\t<a href='https:\/\/www.riogrande.rs.gov.br\/smed\/wp-content\/uploads\/2019\/07\/20190705-ped-ebahl-image5.jpg' rel=\"lightbox[34420]\"><img loading=\"lazy\" decoding=\"async\" width=\"150\" height=\"150\" src=\"https:\/\/www.riogrande.rs.gov.br\/smed\/wp-content\/uploads\/2019\/07\/20190705-ped-ebahl-image5-150x150.jpg\" class=\"attachment-thumbnail size-thumbnail\" alt=\"\" aria-describedby=\"gallery-1-34426\" \/><\/a>\n\t\t\t<\/dt>\n\t\t\t\t<dd class='wp-caption-text gallery-caption' id='gallery-1-34426'>\n\t\t\t\tDivulga\u00e7\u00e3o\n\t\t\t\t<\/dd><\/dl><dl class='gallery-item'>\n\t\t\t<dt class='gallery-icon landscape'>\n\t\t\t\t<a href='https:\/\/www.riogrande.rs.gov.br\/smed\/wp-content\/uploads\/2019\/07\/20190705-ped-ebahl-image6.jpg' rel=\"lightbox[34420]\"><img loading=\"lazy\" decoding=\"async\" width=\"150\" height=\"150\" src=\"https:\/\/www.riogrande.rs.gov.br\/smed\/wp-content\/uploads\/2019\/07\/20190705-ped-ebahl-image6-150x150.jpg\" class=\"attachment-thumbnail size-thumbnail\" alt=\"\" aria-describedby=\"gallery-1-34427\" \/><\/a>\n\t\t\t<\/dt>\n\t\t\t\t<dd class='wp-caption-text gallery-caption' id='gallery-1-34427'>\n\t\t\t\tDivulga\u00e7\u00e3o\n\t\t\t\t<\/dd><\/dl><br style=\"clear: both\" \/>\n\t\t<\/div>\n\n<p style=\"text-align: justify;\">No in\u00edcio da noite da \u00faltima quinta-feira, dia <b>04 de julho<\/b>, a Galeria Breche da <strong>Escola de Belas Artes<\/strong> \u201c<b>Heitor de Lemos<\/b>\u201d, realizou a <i>vernissage<\/i> da artista Carla Rosi, que \u00e9 autodidata e come\u00e7ou a pintar ainda muito jovem, frequentando algumas aulas do Curso de Artes Pl\u00e1sticas e Hist\u00f3ria das Artes da EBAHL, no ano de 2015.<\/p>\n<p style=\"text-align: justify;\"><!--more--><\/p>\n<p style=\"text-align: justify;\">A artista come\u00e7ou desenhando e depois pintando em tecido. Posteriormente, passou \u00e0s telas, tendo como temas preferidos os casarios, flores, paisagens e figuras humanas. E foi justamente retratando pessoas que Carla descobriu que sua grande paix\u00e3o era a figura humana. O que mais lhe atrai ao pintar a figura humana \u00e9 o processo de captar a emo\u00e7\u00e3o e a express\u00e3o atrav\u00e9s do ato de observar. Para Carla, todo esse fazer art\u00edstico se constitui num processo m\u00e1gico, atrav\u00e9s do qual encontra sua realiza\u00e7\u00e3o art\u00edstica.<\/p>\n<p style=\"text-align: justify;\">A exposi\u00e7\u00e3o estar\u00e1 aberta \u00e0 visita\u00e7\u00e3o de<b> 05 de julho a 01 de agosto<\/b>, das <b>8h30min \u00e0s 20h30min<\/b>, na\u00a0 Galeria da EBAHL, que est\u00e1 localizada na rua Jockey Club, 194.<\/p>\n<p style=\"text-align: right;\"><i>SMEd<\/i><br \/>\n<i>Roberton Reis<\/i><br \/>\n<i>Com informa\u00e7\u00f5es da EBAHL<\/i><\/p>\n","protected":false},"excerpt":{"rendered":"<p>No in\u00edcio da noite da \u00faltima quinta-feira, dia 04 de julho, a Galeria Breche da Escola de Belas Artes \u201cHeitor de Lemos\u201d, realizou a vernissage da artista Carla Rosi, que \u00e9 autodidata e come\u00e7ou a pintar ainda muito jovem, frequentando algumas aulas do Curso de Artes Pl\u00e1sticas e Hist\u00f3ria das Artes da EBAHL, no ano [&hellip;]<\/p>\n","protected":false},"author":7,"featured_media":0,"comment_status":"closed","ping_status":"closed","sticky":false,"template":"","format":"standard","meta":{"footnotes":""},"categories":[1,13],"tags":[],"class_list":["post-34420","post","type-post","status-publish","format-standard","hentry","category-noticias","category-pedagogico"],"_links":{"self":[{"href":"https:\/\/www.riogrande.rs.gov.br\/smed\/index.php?rest_route=\/wp\/v2\/posts\/34420"}],"collection":[{"href":"https:\/\/www.riogrande.rs.gov.br\/smed\/index.php?rest_route=\/wp\/v2\/posts"}],"about":[{"href":"https:\/\/www.riogrande.rs.gov.br\/smed\/index.php?rest_route=\/wp\/v2\/types\/post"}],"author":[{"embeddable":true,"href":"https:\/\/www.riogrande.rs.gov.br\/smed\/index.php?rest_route=\/wp\/v2\/users\/7"}],"replies":[{"embeddable":true,"href":"https:\/\/www.riogrande.rs.gov.br\/smed\/index.php?rest_route=%2Fwp%2Fv2%2Fcomments&post=34420"}],"version-history":[{"count":3,"href":"https:\/\/www.riogrande.rs.gov.br\/smed\/index.php?rest_route=\/wp\/v2\/posts\/34420\/revisions"}],"predecessor-version":[{"id":34430,"href":"https:\/\/www.riogrande.rs.gov.br\/smed\/index.php?rest_route=\/wp\/v2\/posts\/34420\/revisions\/34430"}],"wp:attachment":[{"href":"https:\/\/www.riogrande.rs.gov.br\/smed\/index.php?rest_route=%2Fwp%2Fv2%2Fmedia&parent=34420"}],"wp:term":[{"taxonomy":"category","embeddable":true,"href":"https:\/\/www.riogrande.rs.gov.br\/smed\/index.php?rest_route=%2Fwp%2Fv2%2Fcategories&post=34420"},{"taxonomy":"post_tag","embeddable":true,"href":"https:\/\/www.riogrande.rs.gov.br\/smed\/index.php?rest_route=%2Fwp%2Fv2%2Ftags&post=34420"}],"curies":[{"name":"wp","href":"https:\/\/api.w.org\/{rel}","templated":true}]}}