{"id":34395,"date":"2019-07-04T15:00:50","date_gmt":"2019-07-04T18:00:50","guid":{"rendered":"http:\/\/www.riogrande.rs.gov.br\/smed\/?p=34395"},"modified":"2019-07-04T15:00:50","modified_gmt":"2019-07-04T18:00:50","slug":"realizacao-do-1o-meeting-de-atletismo-do-projeto-paradesporto-da-smed-foi-transferida","status":"publish","type":"post","link":"https:\/\/www.riogrande.rs.gov.br\/smed\/?p=34395","title":{"rendered":"Realiza\u00e7\u00e3o do \u201c1\u00ba Meeting de Atletismo\u201d do Projeto Paradesporto da SMEd foi transferida"},"content":{"rendered":"<div id=\"attachment_34396\" style=\"width: 495px\" class=\"wp-caption aligncenter\"><a href=\"http:\/\/www.riogrande.rs.gov.br\/smed\/wp-content\/uploads\/2019\/07\/20190704-ped-paradesporto-image1.jpg\" rel=\"lightbox[34395]\"><img loading=\"lazy\" decoding=\"async\" aria-describedby=\"caption-attachment-34396\" class=\"size-medium wp-image-34396\" src=\"http:\/\/www.riogrande.rs.gov.br\/smed\/wp-content\/uploads\/2019\/07\/20190704-ped-paradesporto-image1-485x861.jpg\" alt=\"\" width=\"485\" height=\"861\" srcset=\"https:\/\/www.riogrande.rs.gov.br\/smed\/wp-content\/uploads\/2019\/07\/20190704-ped-paradesporto-image1-485x861.jpg 485w, https:\/\/www.riogrande.rs.gov.br\/smed\/wp-content\/uploads\/2019\/07\/20190704-ped-paradesporto-image1-117x207.jpg 117w, https:\/\/www.riogrande.rs.gov.br\/smed\/wp-content\/uploads\/2019\/07\/20190704-ped-paradesporto-image1-624x1108.jpg 624w, https:\/\/www.riogrande.rs.gov.br\/smed\/wp-content\/uploads\/2019\/07\/20190704-ped-paradesporto-image1.jpg 720w\" sizes=\"(max-width: 485px) 100vw, 485px\" \/><\/a><p id=\"caption-attachment-34396\" class=\"wp-caption-text\">Divulga\u00e7\u00e3o<\/p><\/div>\n<p style=\"text-align: justify;\">A Secretaria de Munic\u00edpio da Educa\u00e7\u00e3o de Rio Grande (SMEd) informa que o \u201c<b>1\u00ba Meeting de Atletismo<\/b>\u201d do Projeto Paradesporto, que aconteceria nesta sexta-feira, dia 05 de julho, foi transferido, devido \u00e0 previs\u00e3o de frio intenso e chuva, para o dia <b>10 de julho<\/b>, quarta-feira, \u00e0s <b>14h<\/b>, na <b>Pra\u00e7a Saraiva<\/b>.<\/p>\n<p style=\"text-align: justify;\"><!--more--><\/p>\n<p style=\"text-align: justify;\">O \u201c<strong>1\u00ba Meeting de Atletismo<\/strong>\u201d do Projeto Paradesporto da SMEd \u00e9 um evento de car\u00e1ter participativo, com provas de Atletismo para alunos com Necessidades Educacionais Espec\u00edficas (NEE). Na oportunidade tamb\u00e9m haver\u00e1 demonstra\u00e7\u00e3o de Bocha Paral\u00edmpica.<\/p>\n<p style=\"text-align: right;\">\n<p style=\"text-align: right;\"><em>SMEd<\/em><br \/>\n<em>Roberton Reis<\/em><br \/>\n<em>Com informa\u00e7\u00f5es do Projeto Paradesporto<\/em><\/p>\n","protected":false},"excerpt":{"rendered":"<p>A Secretaria de Munic\u00edpio da Educa\u00e7\u00e3o de Rio Grande (SMEd) informa que o \u201c1\u00ba Meeting de Atletismo\u201d do Projeto Paradesporto, que aconteceria nesta sexta-feira, dia 05 de julho, foi transferido, devido \u00e0 previs\u00e3o de frio intenso e chuva, para o dia 10 de julho, quarta-feira, \u00e0s 14h, na Pra\u00e7a Saraiva.<\/p>\n","protected":false},"author":7,"featured_media":0,"comment_status":"closed","ping_status":"closed","sticky":false,"template":"","format":"standard","meta":{"footnotes":""},"categories":[1,13],"tags":[],"class_list":["post-34395","post","type-post","status-publish","format-standard","hentry","category-noticias","category-pedagogico"],"_links":{"self":[{"href":"https:\/\/www.riogrande.rs.gov.br\/smed\/index.php?rest_route=\/wp\/v2\/posts\/34395"}],"collection":[{"href":"https:\/\/www.riogrande.rs.gov.br\/smed\/index.php?rest_route=\/wp\/v2\/posts"}],"about":[{"href":"https:\/\/www.riogrande.rs.gov.br\/smed\/index.php?rest_route=\/wp\/v2\/types\/post"}],"author":[{"embeddable":true,"href":"https:\/\/www.riogrande.rs.gov.br\/smed\/index.php?rest_route=\/wp\/v2\/users\/7"}],"replies":[{"embeddable":true,"href":"https:\/\/www.riogrande.rs.gov.br\/smed\/index.php?rest_route=%2Fwp%2Fv2%2Fcomments&post=34395"}],"version-history":[{"count":1,"href":"https:\/\/www.riogrande.rs.gov.br\/smed\/index.php?rest_route=\/wp\/v2\/posts\/34395\/revisions"}],"predecessor-version":[{"id":34397,"href":"https:\/\/www.riogrande.rs.gov.br\/smed\/index.php?rest_route=\/wp\/v2\/posts\/34395\/revisions\/34397"}],"wp:attachment":[{"href":"https:\/\/www.riogrande.rs.gov.br\/smed\/index.php?rest_route=%2Fwp%2Fv2%2Fmedia&parent=34395"}],"wp:term":[{"taxonomy":"category","embeddable":true,"href":"https:\/\/www.riogrande.rs.gov.br\/smed\/index.php?rest_route=%2Fwp%2Fv2%2Fcategories&post=34395"},{"taxonomy":"post_tag","embeddable":true,"href":"https:\/\/www.riogrande.rs.gov.br\/smed\/index.php?rest_route=%2Fwp%2Fv2%2Ftags&post=34395"}],"curies":[{"name":"wp","href":"https:\/\/api.w.org\/{rel}","templated":true}]}}