{"id":34392,"date":"2019-07-04T14:51:42","date_gmt":"2019-07-04T17:51:42","guid":{"rendered":"http:\/\/www.riogrande.rs.gov.br\/smed\/?p=34392"},"modified":"2019-07-04T14:51:42","modified_gmt":"2019-07-04T17:51:42","slug":"alunosas-e-professoresas-da-ebahl-apresentam-recital-de-musica-e-teatro-nesta-sexta-feira-dia-05","status":"publish","type":"post","link":"https:\/\/www.riogrande.rs.gov.br\/smed\/?p=34392","title":{"rendered":"Alunos(as) e Professores(as) da EBAHL apresentam \u201cRecital de M\u00fasica e Teatro\u201d nesta sexta-feira, dia 05"},"content":{"rendered":"<div id=\"attachment_34393\" style=\"width: 495px\" class=\"wp-caption aligncenter\"><a href=\"http:\/\/www.riogrande.rs.gov.br\/smed\/wp-content\/uploads\/2019\/07\/20190704-ped-ebahl-image1.jpg\" rel=\"lightbox[34392]\"><img loading=\"lazy\" decoding=\"async\" aria-describedby=\"caption-attachment-34393\" class=\"size-medium wp-image-34393\" src=\"http:\/\/www.riogrande.rs.gov.br\/smed\/wp-content\/uploads\/2019\/07\/20190704-ped-ebahl-image1-485x689.jpg\" alt=\"\" width=\"485\" height=\"689\" srcset=\"https:\/\/www.riogrande.rs.gov.br\/smed\/wp-content\/uploads\/2019\/07\/20190704-ped-ebahl-image1.jpg 485w, https:\/\/www.riogrande.rs.gov.br\/smed\/wp-content\/uploads\/2019\/07\/20190704-ped-ebahl-image1-146x207.jpg 146w\" sizes=\"(max-width: 485px) 100vw, 485px\" \/><\/a><p id=\"caption-attachment-34393\" class=\"wp-caption-text\">Divulga\u00e7\u00e3o<\/p><\/div>\n<p style=\"text-align: justify;\">\n<p style=\"text-align: justify;\">Na pr\u00f3xima sexta-feira, dia <b>05 de julho<\/b>, a partir das <b>20h<\/b>, o palco do <b>Cidec-Sul da Furg<\/b>, dentro do <b>Projeto Cidec Cultural<\/b>, receber\u00e1 o Recital de M\u00fasica e Teatro \u201c<b>De Novo Amor<\/b>\u201d, onde atores, cantores e m\u00fasicos trazem para o p\u00fablico momentos emocionantes, em que a plateia inevitalmente v\u00ea refletida, no palco, a sua pr\u00f3pria vida.<\/p>\n<p><!--more--><\/p>\n<p style=\"text-align: justify;\">O espet\u00e1culo conta com um elenco jovem e talentoso: os atores Rodrigo Prestes, Eliel Bandeira, Bianca Cruz e Daphne Botelho; os cantores Gabriel Ribas, Giovanni Correa, Ang\u00e9lica Veiga e Luana Barros; e os m\u00fasicos Bruno Galhardi, Tom\u00e1s Storino e William Fagundes.<\/p>\n<p style=\"text-align: justify;\">M\u00fasica e teatro se integram de uma maneira \u00fanica e servem como base para que o elenco discuta os encontros e desencontros de todos n\u00f3s na busca de viver o amor. O espet\u00e1culo n\u00e3o tem nenhuma inten\u00e7\u00e3o de definir o amor, mas apenas e unicamente a inten\u00e7\u00e3o de que este seja uma presen\u00e7a na vida e no mundo de hoje.<\/p>\n<p style=\"text-align: justify;\">O espet\u00e1culo conta com a dire\u00e7\u00e3o musical de Gabriel Ribas e William Fagundes, e a coordena\u00e7\u00e3o da \u00e1rea de m\u00fasica de Felipe Martins. O texto e a dire\u00e7\u00e3o geral do espet\u00e1culo s\u00e3o de Lu\u00eds Henrique Drevnovicz.<\/p>\n<p style=\"text-align: justify;\">A entrada para o Recital \u201c<strong>De Novo Amor<\/strong>\u201d \u00e9 gratuita, n\u00e3o sendo necess\u00e1ria a retirada de senhas ou convites. O evento \u00e9 uma realiza\u00e7\u00e3o conjunta da Escola de Belas Artes Heitor de Lemos e da Pr\u00f3-Reitoria de Extens\u00e3o e Cultura da FURG.<\/p>\n<p>&nbsp;<\/p>\n<p style=\"text-align: right;\"><em>SMEd<\/em><br \/>\n<em>Roberton Reis<\/em><br \/>\n<em>Com informa\u00e7\u00f5es da EBAHL<\/em><\/p>\n","protected":false},"excerpt":{"rendered":"<p>Na pr\u00f3xima sexta-feira, dia 05 de julho, a partir das 20h, o palco do Cidec-Sul da Furg, dentro do Projeto Cidec Cultural, receber\u00e1 o Recital de M\u00fasica e Teatro \u201cDe Novo Amor\u201d, onde atores, cantores e m\u00fasicos trazem para o p\u00fablico momentos emocionantes, em que a plateia inevitalmente v\u00ea refletida, no palco, a sua pr\u00f3pria [&hellip;]<\/p>\n","protected":false},"author":7,"featured_media":0,"comment_status":"closed","ping_status":"closed","sticky":false,"template":"","format":"standard","meta":{"footnotes":""},"categories":[1,13],"tags":[],"class_list":["post-34392","post","type-post","status-publish","format-standard","hentry","category-noticias","category-pedagogico"],"_links":{"self":[{"href":"https:\/\/www.riogrande.rs.gov.br\/smed\/index.php?rest_route=\/wp\/v2\/posts\/34392"}],"collection":[{"href":"https:\/\/www.riogrande.rs.gov.br\/smed\/index.php?rest_route=\/wp\/v2\/posts"}],"about":[{"href":"https:\/\/www.riogrande.rs.gov.br\/smed\/index.php?rest_route=\/wp\/v2\/types\/post"}],"author":[{"embeddable":true,"href":"https:\/\/www.riogrande.rs.gov.br\/smed\/index.php?rest_route=\/wp\/v2\/users\/7"}],"replies":[{"embeddable":true,"href":"https:\/\/www.riogrande.rs.gov.br\/smed\/index.php?rest_route=%2Fwp%2Fv2%2Fcomments&post=34392"}],"version-history":[{"count":1,"href":"https:\/\/www.riogrande.rs.gov.br\/smed\/index.php?rest_route=\/wp\/v2\/posts\/34392\/revisions"}],"predecessor-version":[{"id":34394,"href":"https:\/\/www.riogrande.rs.gov.br\/smed\/index.php?rest_route=\/wp\/v2\/posts\/34392\/revisions\/34394"}],"wp:attachment":[{"href":"https:\/\/www.riogrande.rs.gov.br\/smed\/index.php?rest_route=%2Fwp%2Fv2%2Fmedia&parent=34392"}],"wp:term":[{"taxonomy":"category","embeddable":true,"href":"https:\/\/www.riogrande.rs.gov.br\/smed\/index.php?rest_route=%2Fwp%2Fv2%2Fcategories&post=34392"},{"taxonomy":"post_tag","embeddable":true,"href":"https:\/\/www.riogrande.rs.gov.br\/smed\/index.php?rest_route=%2Fwp%2Fv2%2Ftags&post=34392"}],"curies":[{"name":"wp","href":"https:\/\/api.w.org\/{rel}","templated":true}]}}