{"id":34384,"date":"2019-07-03T16:06:02","date_gmt":"2019-07-03T19:06:02","guid":{"rendered":"http:\/\/www.riogrande.rs.gov.br\/smed\/?p=34384"},"modified":"2019-07-03T16:06:02","modified_gmt":"2019-07-03T19:06:02","slug":"galeria-breche-da-ebahl-recebe-exposicao-de-pintura-da-artista-carla-rosi","status":"publish","type":"post","link":"https:\/\/www.riogrande.rs.gov.br\/smed\/?p=34384","title":{"rendered":"Galeria Breche da EBAHL recebe \u201cExposi\u00e7\u00e3o de Pintura\u201d da Artista Carla Rosi"},"content":{"rendered":"<p style=\"text-align: justify;\">Nesta quinta-feira, dia <b>04 de julho<\/b>, a Galeria Breche da Escola de Belas Artes \u201c<b>Heitor de Lemos<\/b>\u201d, a partir das <b>18h<\/b>, estar\u00e1 realizando a <i>vernissage<\/i> da artista Carla Rosi, que \u00e9 autodidata e come\u00e7ou a pintar ainda muito jovem, frequentando algumas aulas do Curso de Artes Pl\u00e1sticas e Hist\u00f3ria das Artes da EBAHL, no ano de 2015.<\/p>\n<p style=\"text-align: justify;\"><!--more--><\/p>\n<p style=\"text-align: justify;\">A artista come\u00e7ou desenhando e depois pintando em tecido. Posteriormente, passou \u00e0s telas, tendo como temas preferidos os casarios, flores, paisagens e figuras humanas.<\/p>\n<p style=\"text-align: justify;\">E foi justamente retratando pessoas que Carla descobriu que sua grande paix\u00e3o era a figura humana. O que mais lhe atrai ao pintar a figura humana \u00e9 o processo de captar a emo\u00e7\u00e3o e a express\u00e3o atrav\u00e9s do ato de observar. Para Carla, todo esse fazer art\u00edstico se constitui num processo m\u00e1gico, atrav\u00e9s do qual encontra sua realiza\u00e7\u00e3o art\u00edstica.<\/p>\n<p style=\"text-align: justify;\">A exposi\u00e7\u00e3o estar\u00e1 aberta \u00e0 visita\u00e7\u00e3o de<b> 05 de julho a 01 de agosto<\/b>, das <b>8h30min \u00e0s 20h30min<\/b>, na\u00a0 Galeria da EBAHL, que est\u00e1 localizada na rua Jockey Club, 194.<\/p>\n<p style=\"text-align: right;\">\n<p style=\"text-align: right;\"><em>SMEd<\/em><br \/>\n<em>Roberton Reis<\/em><br \/>\n<em>Com informa\u00e7\u00f5es da EBAHL<\/em><\/p>\n","protected":false},"excerpt":{"rendered":"<p>Nesta quinta-feira, dia 04 de julho, a Galeria Breche da Escola de Belas Artes \u201cHeitor de Lemos\u201d, a partir das 18h, estar\u00e1 realizando a vernissage da artista Carla Rosi, que \u00e9 autodidata e come\u00e7ou a pintar ainda muito jovem, frequentando algumas aulas do Curso de Artes Pl\u00e1sticas e Hist\u00f3ria das Artes da EBAHL, no ano [&hellip;]<\/p>\n","protected":false},"author":7,"featured_media":0,"comment_status":"closed","ping_status":"closed","sticky":false,"template":"","format":"standard","meta":{"footnotes":""},"categories":[1,13],"tags":[],"class_list":["post-34384","post","type-post","status-publish","format-standard","hentry","category-noticias","category-pedagogico"],"_links":{"self":[{"href":"https:\/\/www.riogrande.rs.gov.br\/smed\/index.php?rest_route=\/wp\/v2\/posts\/34384"}],"collection":[{"href":"https:\/\/www.riogrande.rs.gov.br\/smed\/index.php?rest_route=\/wp\/v2\/posts"}],"about":[{"href":"https:\/\/www.riogrande.rs.gov.br\/smed\/index.php?rest_route=\/wp\/v2\/types\/post"}],"author":[{"embeddable":true,"href":"https:\/\/www.riogrande.rs.gov.br\/smed\/index.php?rest_route=\/wp\/v2\/users\/7"}],"replies":[{"embeddable":true,"href":"https:\/\/www.riogrande.rs.gov.br\/smed\/index.php?rest_route=%2Fwp%2Fv2%2Fcomments&post=34384"}],"version-history":[{"count":1,"href":"https:\/\/www.riogrande.rs.gov.br\/smed\/index.php?rest_route=\/wp\/v2\/posts\/34384\/revisions"}],"predecessor-version":[{"id":34385,"href":"https:\/\/www.riogrande.rs.gov.br\/smed\/index.php?rest_route=\/wp\/v2\/posts\/34384\/revisions\/34385"}],"wp:attachment":[{"href":"https:\/\/www.riogrande.rs.gov.br\/smed\/index.php?rest_route=%2Fwp%2Fv2%2Fmedia&parent=34384"}],"wp:term":[{"taxonomy":"category","embeddable":true,"href":"https:\/\/www.riogrande.rs.gov.br\/smed\/index.php?rest_route=%2Fwp%2Fv2%2Fcategories&post=34384"},{"taxonomy":"post_tag","embeddable":true,"href":"https:\/\/www.riogrande.rs.gov.br\/smed\/index.php?rest_route=%2Fwp%2Fv2%2Ftags&post=34384"}],"curies":[{"name":"wp","href":"https:\/\/api.w.org\/{rel}","templated":true}]}}