{"id":34378,"date":"2019-07-03T15:14:29","date_gmt":"2019-07-03T18:14:29","guid":{"rendered":"http:\/\/www.riogrande.rs.gov.br\/smed\/?p=34378"},"modified":"2019-07-03T15:14:29","modified_gmt":"2019-07-03T18:14:29","slug":"alunosas-da-emef-prof-a-luiza-sophia-schmidt-tavares-participaram-de-palestra-sobre-o-meio-ambiente","status":"publish","type":"post","link":"https:\/\/www.riogrande.rs.gov.br\/smed\/?p=34378","title":{"rendered":"Alunos(as) da EMEF Prof.\u00aa Luiza Sophia Schmidt Tavares participaram de Palestra sobre o \u201cMeio Ambiente\u201d"},"content":{"rendered":"\n\t\t<style type=\"text\/css\">\n\t\t\t#gallery-1 {\n\t\t\t\tmargin: auto;\n\t\t\t}\n\t\t\t#gallery-1 .gallery-item {\n\t\t\t\tfloat: left;\n\t\t\t\tmargin-top: 10px;\n\t\t\t\ttext-align: center;\n\t\t\t\twidth: 33%;\n\t\t\t}\n\t\t\t#gallery-1 img {\n\t\t\t\tborder: 2px solid #cfcfcf;\n\t\t\t}\n\t\t\t#gallery-1 .gallery-caption {\n\t\t\t\tmargin-left: 0;\n\t\t\t}\n\t\t\t\/* see gallery_shortcode() in wp-includes\/media.php *\/\n\t\t<\/style>\n\t\t<div id='gallery-1' class='gallery galleryid-34378 gallery-columns-3 gallery-size-thumbnail'><dl class='gallery-item'>\n\t\t\t<dt class='gallery-icon landscape'>\n\t\t\t\t<a href='https:\/\/www.riogrande.rs.gov.br\/smed\/wp-content\/uploads\/2019\/07\/20190703-ped-tavares-image1.jpg' rel=\"lightbox[34378]\"><img loading=\"lazy\" decoding=\"async\" width=\"150\" height=\"150\" src=\"https:\/\/www.riogrande.rs.gov.br\/smed\/wp-content\/uploads\/2019\/07\/20190703-ped-tavares-image1-150x150.jpg\" class=\"attachment-thumbnail size-thumbnail\" alt=\"\" aria-describedby=\"gallery-1-34379\" \/><\/a>\n\t\t\t<\/dt>\n\t\t\t\t<dd class='wp-caption-text gallery-caption' id='gallery-1-34379'>\n\t\t\t\tDivulga\u00e7\u00e3o\n\t\t\t\t<\/dd><\/dl><dl class='gallery-item'>\n\t\t\t<dt class='gallery-icon landscape'>\n\t\t\t\t<a href='https:\/\/www.riogrande.rs.gov.br\/smed\/wp-content\/uploads\/2019\/07\/20190703-ped-tavares-image2.jpg' rel=\"lightbox[34378]\"><img loading=\"lazy\" decoding=\"async\" width=\"150\" height=\"150\" src=\"https:\/\/www.riogrande.rs.gov.br\/smed\/wp-content\/uploads\/2019\/07\/20190703-ped-tavares-image2-150x150.jpg\" class=\"attachment-thumbnail size-thumbnail\" alt=\"\" aria-describedby=\"gallery-1-34380\" \/><\/a>\n\t\t\t<\/dt>\n\t\t\t\t<dd class='wp-caption-text gallery-caption' id='gallery-1-34380'>\n\t\t\t\tDivulga\u00e7\u00e3o\n\t\t\t\t<\/dd><\/dl><dl class='gallery-item'>\n\t\t\t<dt class='gallery-icon landscape'>\n\t\t\t\t<a href='https:\/\/www.riogrande.rs.gov.br\/smed\/wp-content\/uploads\/2019\/07\/20190703-ped-tavares-image3.jpg' rel=\"lightbox[34378]\"><img loading=\"lazy\" decoding=\"async\" width=\"150\" height=\"150\" src=\"https:\/\/www.riogrande.rs.gov.br\/smed\/wp-content\/uploads\/2019\/07\/20190703-ped-tavares-image3-150x150.jpg\" class=\"attachment-thumbnail size-thumbnail\" alt=\"\" aria-describedby=\"gallery-1-34381\" \/><\/a>\n\t\t\t<\/dt>\n\t\t\t\t<dd class='wp-caption-text gallery-caption' id='gallery-1-34381'>\n\t\t\t\tDivulga\u00e7\u00e3o\n\t\t\t\t<\/dd><\/dl><br style=\"clear: both\" \/>\n\t\t<\/div>\n\n<p style=\"text-align: justify;\">A <strong>Escola Municipal de Ensino Fundamental Prof.\u00aa<\/strong> <b>Luiza Sophia Schmidt Tavares<\/b>, que est\u00e1 localizada na comunidade do Barro Vermelho, interior do Povo Novo,\u00a0 a fim de enriquecer as discuss\u00f5es acerca das problem\u00e1ticas que ser\u00e3o abordadas na etapa escolar da \u201c<b>1\u00aa Confer\u00eancia Municipal Infantojuvenil de Educa\u00e7\u00e3o Ambiental \u2013 Pertencer \u00e9 preciso!<\/b>\u201c, que ocorrer\u00e1 na pr\u00f3xima quinta-feira, dia <b>04 de julho<\/b>, recebeu a veterin\u00e1ria da EMATER de Rio Grande, Andr\u00e9ia da Silveira Lucas.<\/p>\n<p style=\"text-align: justify;\"><!--more--><\/p>\n<p style=\"text-align: justify;\">No turno da manh\u00e3 do dia <b>25 de junho<\/b>, os(as) alunos(as) do 2\u00ba ao 5\u00ba ano participaram da palestra \u201c<strong>Meio Ambiente<\/strong>\u201d, na qual Andr\u00e9ia explanou sobre as formas de reciclar, reduzir o uso de recursos naturais e, tamb\u00e9m, sobre a reutiliza\u00e7\u00e3o de materiais presentes no dia a dia dos(as) estudantes.<\/p>\n<p>&nbsp;<\/p>\n<p style=\"text-align: right;\"><em>SMEd<\/em><br \/>\n<em>Roberton Reis<\/em><br \/>\n<em>Com informa\u00e7\u00f5es da EMEF Prof.\u00aa Luiza Sophia Schmidt Tavares<\/em><\/p>\n","protected":false},"excerpt":{"rendered":"<p>A Escola Municipal de Ensino Fundamental Prof.\u00aa Luiza Sophia Schmidt Tavares, que est\u00e1 localizada na comunidade do Barro Vermelho, interior do Povo Novo,\u00a0 a fim de enriquecer as discuss\u00f5es acerca das problem\u00e1ticas que ser\u00e3o abordadas na etapa escolar da \u201c1\u00aa Confer\u00eancia Municipal Infantojuvenil de Educa\u00e7\u00e3o Ambiental \u2013 Pertencer \u00e9 preciso!\u201c, que ocorrer\u00e1 na pr\u00f3xima quinta-feira, [&hellip;]<\/p>\n","protected":false},"author":7,"featured_media":0,"comment_status":"closed","ping_status":"closed","sticky":false,"template":"","format":"standard","meta":{"footnotes":""},"categories":[1,13],"tags":[],"class_list":["post-34378","post","type-post","status-publish","format-standard","hentry","category-noticias","category-pedagogico"],"_links":{"self":[{"href":"https:\/\/www.riogrande.rs.gov.br\/smed\/index.php?rest_route=\/wp\/v2\/posts\/34378"}],"collection":[{"href":"https:\/\/www.riogrande.rs.gov.br\/smed\/index.php?rest_route=\/wp\/v2\/posts"}],"about":[{"href":"https:\/\/www.riogrande.rs.gov.br\/smed\/index.php?rest_route=\/wp\/v2\/types\/post"}],"author":[{"embeddable":true,"href":"https:\/\/www.riogrande.rs.gov.br\/smed\/index.php?rest_route=\/wp\/v2\/users\/7"}],"replies":[{"embeddable":true,"href":"https:\/\/www.riogrande.rs.gov.br\/smed\/index.php?rest_route=%2Fwp%2Fv2%2Fcomments&post=34378"}],"version-history":[{"count":1,"href":"https:\/\/www.riogrande.rs.gov.br\/smed\/index.php?rest_route=\/wp\/v2\/posts\/34378\/revisions"}],"predecessor-version":[{"id":34382,"href":"https:\/\/www.riogrande.rs.gov.br\/smed\/index.php?rest_route=\/wp\/v2\/posts\/34378\/revisions\/34382"}],"wp:attachment":[{"href":"https:\/\/www.riogrande.rs.gov.br\/smed\/index.php?rest_route=%2Fwp%2Fv2%2Fmedia&parent=34378"}],"wp:term":[{"taxonomy":"category","embeddable":true,"href":"https:\/\/www.riogrande.rs.gov.br\/smed\/index.php?rest_route=%2Fwp%2Fv2%2Fcategories&post=34378"},{"taxonomy":"post_tag","embeddable":true,"href":"https:\/\/www.riogrande.rs.gov.br\/smed\/index.php?rest_route=%2Fwp%2Fv2%2Ftags&post=34378"}],"curies":[{"name":"wp","href":"https:\/\/api.w.org\/{rel}","templated":true}]}}