{"id":34371,"date":"2019-07-03T14:48:10","date_gmt":"2019-07-03T17:48:10","guid":{"rendered":"http:\/\/www.riogrande.rs.gov.br\/smed\/?p=34371"},"modified":"2019-07-03T14:48:10","modified_gmt":"2019-07-03T17:48:10","slug":"smed-promove-encontros-do-processo-formativo-professoresas-alfabetizadoresas-nesta-quinta-feira-dia-04","status":"publish","type":"post","link":"https:\/\/www.riogrande.rs.gov.br\/smed\/?p=34371","title":{"rendered":"SMEd promove Encontros do \u201cProcesso Formativo Professores(as) Alfabetizadores(as)\u201d nesta quinta-feira, dia 04"},"content":{"rendered":"<p style=\"text-align: justify;\">A Secretaria de Munic\u00edpio da Educa\u00e7\u00e3o de Rio Grande (SMEd), atrav\u00e9s do N\u00facleo dos Anos Iniciais do Ensino Fundamental, promove nesta quinta-feira, dia <b>04 de julho<\/b>, \u00e0s <b>13h30min<\/b>, na <b>Unicesumar<\/b>, mais um encontro do Processo Formativo voltado aos(\u00e0s) professores(as) do 1\u00ba, 2\u00ba e 3\u00ba Anos do Ensino Fundamental da rede p\u00fablica municipal.<\/p>\n<p style=\"text-align: justify;\"><!--more--><\/p>\n<p style=\"text-align: justify;\">Este processo formativo, que ocorre atrav\u00e9s da parceria entre o Laborat\u00f3rio de Alfabetiza\u00e7\u00e3o e Pr\u00e1ticas de Incentivo \u00e0 Leitura (Lapil), do Instituto de Educa\u00e7\u00e3o (IE) da FURG e a Secretaria de Munic\u00edpio da Educa\u00e7\u00e3o (SMEd), tem por prop\u00f3sito o relato e a socializa\u00e7\u00e3o das pr\u00e1ticas alfabetizadoras, como estrat\u00e9gia de forma\u00e7\u00e3o continuada e de valoriza\u00e7\u00e3o das a\u00e7\u00f5es desenvolvidas nas salas de aula de cada professora.<\/p>\n<p style=\"text-align: justify;\">O projeto \u00e9 coordenado pelas professoras Silvana Maria Bell\u00e9 Zasso (IE) e Juliane Alves (SMEd), e conta ainda com a colabora\u00e7\u00e3o das professoras que comp\u00f5em o N\u00facleo dos Anos Iniciais da SMEd e com as professoras Paula Pires da Silva e Carmen Regina Ferreira Gon\u00e7alves.<\/p>\n<p style=\"text-align: justify;\">\n<p style=\"text-align: justify;\">Servi\u00e7o: Processo Formativo Professores(as) Alfabetizadores(as)<br \/>\nDias: 04 de julho (quinta-feira)<br \/>\nHor\u00e1rios: 13h30min<br \/>\nLocal: Unicesumar, rua General Neto, 215<\/p>\n<p style=\"text-align: right;\"><em>SMEd<\/em><br \/>\n<em>Roberton Reis<\/em><br \/>\n<em>Com informa\u00e7\u00f5es do N\u00facleo dos Anos Iniciais<\/em><\/p>\n","protected":false},"excerpt":{"rendered":"<p>A Secretaria de Munic\u00edpio da Educa\u00e7\u00e3o de Rio Grande (SMEd), atrav\u00e9s do N\u00facleo dos Anos Iniciais do Ensino Fundamental, promove nesta quinta-feira, dia 04 de julho, \u00e0s 13h30min, na Unicesumar, mais um encontro do Processo Formativo voltado aos(\u00e0s) professores(as) do 1\u00ba, 2\u00ba e 3\u00ba Anos do Ensino Fundamental da rede p\u00fablica municipal.<\/p>\n","protected":false},"author":7,"featured_media":0,"comment_status":"closed","ping_status":"closed","sticky":false,"template":"","format":"standard","meta":{"footnotes":""},"categories":[1,13],"tags":[],"class_list":["post-34371","post","type-post","status-publish","format-standard","hentry","category-noticias","category-pedagogico"],"_links":{"self":[{"href":"https:\/\/www.riogrande.rs.gov.br\/smed\/index.php?rest_route=\/wp\/v2\/posts\/34371"}],"collection":[{"href":"https:\/\/www.riogrande.rs.gov.br\/smed\/index.php?rest_route=\/wp\/v2\/posts"}],"about":[{"href":"https:\/\/www.riogrande.rs.gov.br\/smed\/index.php?rest_route=\/wp\/v2\/types\/post"}],"author":[{"embeddable":true,"href":"https:\/\/www.riogrande.rs.gov.br\/smed\/index.php?rest_route=\/wp\/v2\/users\/7"}],"replies":[{"embeddable":true,"href":"https:\/\/www.riogrande.rs.gov.br\/smed\/index.php?rest_route=%2Fwp%2Fv2%2Fcomments&post=34371"}],"version-history":[{"count":1,"href":"https:\/\/www.riogrande.rs.gov.br\/smed\/index.php?rest_route=\/wp\/v2\/posts\/34371\/revisions"}],"predecessor-version":[{"id":34372,"href":"https:\/\/www.riogrande.rs.gov.br\/smed\/index.php?rest_route=\/wp\/v2\/posts\/34371\/revisions\/34372"}],"wp:attachment":[{"href":"https:\/\/www.riogrande.rs.gov.br\/smed\/index.php?rest_route=%2Fwp%2Fv2%2Fmedia&parent=34371"}],"wp:term":[{"taxonomy":"category","embeddable":true,"href":"https:\/\/www.riogrande.rs.gov.br\/smed\/index.php?rest_route=%2Fwp%2Fv2%2Fcategories&post=34371"},{"taxonomy":"post_tag","embeddable":true,"href":"https:\/\/www.riogrande.rs.gov.br\/smed\/index.php?rest_route=%2Fwp%2Fv2%2Ftags&post=34371"}],"curies":[{"name":"wp","href":"https:\/\/api.w.org\/{rel}","templated":true}]}}