{"id":34366,"date":"2019-07-03T14:33:00","date_gmt":"2019-07-03T17:33:00","guid":{"rendered":"http:\/\/www.riogrande.rs.gov.br\/smed\/?p=34366"},"modified":"2019-07-03T14:33:00","modified_gmt":"2019-07-03T17:33:00","slug":"6a-edicao-da-olimpiada-de-lingua-portuguesa-5o-encontro-de-formacao-acontece-no-dia-04-de-julho","status":"publish","type":"post","link":"https:\/\/www.riogrande.rs.gov.br\/smed\/?p=34366","title":{"rendered":"\u201c6\u00aa edi\u00e7\u00e3o da Olimp\u00edada de L\u00edngua Portuguesa\u201d: 5\u00ba Encontro de Forma\u00e7\u00e3o acontece no dia 04 de julho"},"content":{"rendered":"<p style=\"text-align: justify;\">A Secretaria de Munic\u00edpio da Educa\u00e7\u00e3o de Rio Grande (SMEd), atrav\u00e9s da Assessoria de L\u00ednguas do N\u00facleo dos Anos Finais do Ensino Fundamental, promover\u00e1, no dia <b>04 de julho<\/b>, quinta-feira, <b>das 8h \u00e0s 12h<\/b>, no <b>Audit\u00f3rio do SENAC<\/b>, que est\u00e1 localizado na rua Rep\u00fablica do L\u00edbano, 88, o \u201c<b>5\u00ba Encontro de Forma\u00e7\u00e3o da 6\u00aa edi\u00e7\u00e3o da Olimp\u00edada de L\u00edngua Portuguesa<\/b>\u201d (OLPEF).<\/p>\n<p style=\"text-align: justify;\"><!--more--><\/p>\n<p style=\"text-align: justify;\">O processo formativo da 6\u00aa OLPEF \u00e9 direcionado aos(\u00e0s) Professores(as) dos 5\u00ba Anos, aos(\u00e0s) Professores(as) de L\u00edngua Portuguesa do 6\u00ba ao 9\u00ba Anos e, tamb\u00e9m, aos(\u00e0s) Professores(as) do Ensino M\u00e9dio. A forma\u00e7\u00e3o, que acontece em Regime de Colabora\u00e7\u00e3o, pois h\u00e1 a participa\u00e7\u00e3o dos(as) professores(as) municipais e estaduais, est\u00e1 acontecendo mensalmente. O tema das produ\u00e7\u00f5es \u00e9 \u201c<strong>O lugar onde vivo<\/strong>\u201d, que propicia aos(\u00e0s) alunos(as) estreitar v\u00ednculos com a comunidade e aprofundar o conhecimento sobre a realidade local, contribuindo para o desenvolvimento de sua cidadania.<\/p>\n<p style=\"text-align: justify;\">\n<p style=\"text-align: justify;\">A Olimp\u00edada de L\u00edngua Portuguesa constitui-se num processo formativo para professores, baseado no estudo dos G\u00eaneros Textuais, em Oficinas sobre Sequ\u00eancia Did\u00e1tica, troca de experi\u00eancias, como tamb\u00e9m oportunidade de realizar Saraus, Mostras Liter\u00e1rias e demais eventos que solidificam o lugar de autoria dos estudantes. Neste 5\u00ba encontro formativo, o G\u00eanero Textual em foco ser\u00e1 o \u201cArtigo de Opini\u00e3o\u201d. Na oportunidade, tamb\u00e9m ser\u00e1 realizada a \u201cOficina sobre Avalia\u00e7\u00e3o dos G\u00eaneros Textuais\u201d.<\/p>\n<p style=\"text-align: justify;\">Servi\u00e7o: 5\u00ba Encontro Formativo da 6\u00aa OLPEF<br \/>\nDia: 04 de julho (quinta-feira)<br \/>\nHor\u00e1rio: das 8h \u00e0s 12h<br \/>\nLocal: Audit\u00f3rio do SENAC, rua Rep\u00fablica do L\u00edbano, 88<\/p>\n<p>&nbsp;<\/p>\n<p style=\"text-align: right;\"><em>SMEd<\/em><br \/>\n<em>Roberton Reis<\/em><\/p>\n","protected":false},"excerpt":{"rendered":"<p>A Secretaria de Munic\u00edpio da Educa\u00e7\u00e3o de Rio Grande (SMEd), atrav\u00e9s da Assessoria de L\u00ednguas do N\u00facleo dos Anos Finais do Ensino Fundamental, promover\u00e1, no dia 04 de julho, quinta-feira, das 8h \u00e0s 12h, no Audit\u00f3rio do SENAC, que est\u00e1 localizado na rua Rep\u00fablica do L\u00edbano, 88, o \u201c5\u00ba Encontro de Forma\u00e7\u00e3o da 6\u00aa edi\u00e7\u00e3o [&hellip;]<\/p>\n","protected":false},"author":7,"featured_media":0,"comment_status":"closed","ping_status":"closed","sticky":false,"template":"","format":"standard","meta":{"footnotes":""},"categories":[1,13],"tags":[],"class_list":["post-34366","post","type-post","status-publish","format-standard","hentry","category-noticias","category-pedagogico"],"_links":{"self":[{"href":"https:\/\/www.riogrande.rs.gov.br\/smed\/index.php?rest_route=\/wp\/v2\/posts\/34366"}],"collection":[{"href":"https:\/\/www.riogrande.rs.gov.br\/smed\/index.php?rest_route=\/wp\/v2\/posts"}],"about":[{"href":"https:\/\/www.riogrande.rs.gov.br\/smed\/index.php?rest_route=\/wp\/v2\/types\/post"}],"author":[{"embeddable":true,"href":"https:\/\/www.riogrande.rs.gov.br\/smed\/index.php?rest_route=\/wp\/v2\/users\/7"}],"replies":[{"embeddable":true,"href":"https:\/\/www.riogrande.rs.gov.br\/smed\/index.php?rest_route=%2Fwp%2Fv2%2Fcomments&post=34366"}],"version-history":[{"count":1,"href":"https:\/\/www.riogrande.rs.gov.br\/smed\/index.php?rest_route=\/wp\/v2\/posts\/34366\/revisions"}],"predecessor-version":[{"id":34367,"href":"https:\/\/www.riogrande.rs.gov.br\/smed\/index.php?rest_route=\/wp\/v2\/posts\/34366\/revisions\/34367"}],"wp:attachment":[{"href":"https:\/\/www.riogrande.rs.gov.br\/smed\/index.php?rest_route=%2Fwp%2Fv2%2Fmedia&parent=34366"}],"wp:term":[{"taxonomy":"category","embeddable":true,"href":"https:\/\/www.riogrande.rs.gov.br\/smed\/index.php?rest_route=%2Fwp%2Fv2%2Fcategories&post=34366"},{"taxonomy":"post_tag","embeddable":true,"href":"https:\/\/www.riogrande.rs.gov.br\/smed\/index.php?rest_route=%2Fwp%2Fv2%2Ftags&post=34366"}],"curies":[{"name":"wp","href":"https:\/\/api.w.org\/{rel}","templated":true}]}}