{"id":34340,"date":"2019-07-02T19:57:20","date_gmt":"2019-07-02T22:57:20","guid":{"rendered":"http:\/\/www.riogrande.rs.gov.br\/smed\/?p=34340"},"modified":"2019-07-02T19:57:20","modified_gmt":"2019-07-02T22:57:20","slug":"7o-seminario-municipal-de-diversidade-e-inclusao-musica-palestras-e-mostras-marcaram-o-1o-dia","status":"publish","type":"post","link":"https:\/\/www.riogrande.rs.gov.br\/smed\/?p=34340","title":{"rendered":"7\u00ba Semin\u00e1rio Municipal de Diversidade e Inclus\u00e3o: M\u00fasica, Palestras e Mostras marcaram o 1\u00ba dia"},"content":{"rendered":"\n\t\t<style type=\"text\/css\">\n\t\t\t#gallery-1 {\n\t\t\t\tmargin: auto;\n\t\t\t}\n\t\t\t#gallery-1 .gallery-item {\n\t\t\t\tfloat: left;\n\t\t\t\tmargin-top: 10px;\n\t\t\t\ttext-align: center;\n\t\t\t\twidth: 33%;\n\t\t\t}\n\t\t\t#gallery-1 img {\n\t\t\t\tborder: 2px solid #cfcfcf;\n\t\t\t}\n\t\t\t#gallery-1 .gallery-caption {\n\t\t\t\tmargin-left: 0;\n\t\t\t}\n\t\t\t\/* see gallery_shortcode() in wp-includes\/media.php *\/\n\t\t<\/style>\n\t\t<div id='gallery-1' class='gallery galleryid-34340 gallery-columns-3 gallery-size-thumbnail'><dl class='gallery-item'>\n\t\t\t<dt class='gallery-icon landscape'>\n\t\t\t\t<a href='https:\/\/www.riogrande.rs.gov.br\/smed\/wp-content\/uploads\/2019\/07\/20190702-ped-seminario-image1.jpg' rel=\"lightbox[34340]\"><img loading=\"lazy\" decoding=\"async\" width=\"150\" height=\"150\" src=\"https:\/\/www.riogrande.rs.gov.br\/smed\/wp-content\/uploads\/2019\/07\/20190702-ped-seminario-image1-150x150.jpg\" class=\"attachment-thumbnail size-thumbnail\" alt=\"\" aria-describedby=\"gallery-1-34341\" \/><\/a>\n\t\t\t<\/dt>\n\t\t\t\t<dd class='wp-caption-text gallery-caption' id='gallery-1-34341'>\n\t\t\t\tCr\u00e9dito: Roberton Reis\n\t\t\t\t<\/dd><\/dl><dl class='gallery-item'>\n\t\t\t<dt class='gallery-icon landscape'>\n\t\t\t\t<a href='https:\/\/www.riogrande.rs.gov.br\/smed\/wp-content\/uploads\/2019\/07\/20190702-ped-seminario-image2.jpg' rel=\"lightbox[34340]\"><img loading=\"lazy\" decoding=\"async\" width=\"150\" height=\"150\" src=\"https:\/\/www.riogrande.rs.gov.br\/smed\/wp-content\/uploads\/2019\/07\/20190702-ped-seminario-image2-150x150.jpg\" class=\"attachment-thumbnail size-thumbnail\" alt=\"\" aria-describedby=\"gallery-1-34342\" \/><\/a>\n\t\t\t<\/dt>\n\t\t\t\t<dd class='wp-caption-text gallery-caption' id='gallery-1-34342'>\n\t\t\t\tCr\u00e9dito: Roberton Reis\n\t\t\t\t<\/dd><\/dl><dl class='gallery-item'>\n\t\t\t<dt class='gallery-icon landscape'>\n\t\t\t\t<a href='https:\/\/www.riogrande.rs.gov.br\/smed\/wp-content\/uploads\/2019\/07\/20190702-ped-seminario-image3.jpg' rel=\"lightbox[34340]\"><img loading=\"lazy\" decoding=\"async\" width=\"150\" height=\"150\" src=\"https:\/\/www.riogrande.rs.gov.br\/smed\/wp-content\/uploads\/2019\/07\/20190702-ped-seminario-image3-150x150.jpg\" class=\"attachment-thumbnail size-thumbnail\" alt=\"\" aria-describedby=\"gallery-1-34343\" \/><\/a>\n\t\t\t<\/dt>\n\t\t\t\t<dd class='wp-caption-text gallery-caption' id='gallery-1-34343'>\n\t\t\t\tCr\u00e9dito: Roberton Reis\n\t\t\t\t<\/dd><\/dl><br style=\"clear: both\" \/><dl class='gallery-item'>\n\t\t\t<dt class='gallery-icon landscape'>\n\t\t\t\t<a href='https:\/\/www.riogrande.rs.gov.br\/smed\/wp-content\/uploads\/2019\/07\/20190702-ped-seminario-image4.jpg' rel=\"lightbox[34340]\"><img loading=\"lazy\" decoding=\"async\" width=\"150\" height=\"150\" src=\"https:\/\/www.riogrande.rs.gov.br\/smed\/wp-content\/uploads\/2019\/07\/20190702-ped-seminario-image4-150x150.jpg\" class=\"attachment-thumbnail size-thumbnail\" alt=\"\" aria-describedby=\"gallery-1-34344\" \/><\/a>\n\t\t\t<\/dt>\n\t\t\t\t<dd class='wp-caption-text gallery-caption' id='gallery-1-34344'>\n\t\t\t\tCr\u00e9dito: Roberton Reis\n\t\t\t\t<\/dd><\/dl><dl class='gallery-item'>\n\t\t\t<dt class='gallery-icon landscape'>\n\t\t\t\t<a href='https:\/\/www.riogrande.rs.gov.br\/smed\/wp-content\/uploads\/2019\/07\/20190702-ped-seminario-image5.jpg' rel=\"lightbox[34340]\"><img loading=\"lazy\" decoding=\"async\" width=\"150\" height=\"150\" src=\"https:\/\/www.riogrande.rs.gov.br\/smed\/wp-content\/uploads\/2019\/07\/20190702-ped-seminario-image5-150x150.jpg\" class=\"attachment-thumbnail size-thumbnail\" alt=\"\" aria-describedby=\"gallery-1-34345\" \/><\/a>\n\t\t\t<\/dt>\n\t\t\t\t<dd class='wp-caption-text gallery-caption' id='gallery-1-34345'>\n\t\t\t\tCr\u00e9dito: Roberton Reis\n\t\t\t\t<\/dd><\/dl><dl class='gallery-item'>\n\t\t\t<dt class='gallery-icon landscape'>\n\t\t\t\t<a href='https:\/\/www.riogrande.rs.gov.br\/smed\/wp-content\/uploads\/2019\/07\/20190702-ped-seminario-image6.jpg' rel=\"lightbox[34340]\"><img loading=\"lazy\" decoding=\"async\" width=\"150\" height=\"150\" src=\"https:\/\/www.riogrande.rs.gov.br\/smed\/wp-content\/uploads\/2019\/07\/20190702-ped-seminario-image6-150x150.jpg\" class=\"attachment-thumbnail size-thumbnail\" alt=\"\" aria-describedby=\"gallery-1-34346\" \/><\/a>\n\t\t\t<\/dt>\n\t\t\t\t<dd class='wp-caption-text gallery-caption' id='gallery-1-34346'>\n\t\t\t\tCr\u00e9dito: Roberton Reis\n\t\t\t\t<\/dd><\/dl><br style=\"clear: both\" \/><dl class='gallery-item'>\n\t\t\t<dt class='gallery-icon landscape'>\n\t\t\t\t<a href='https:\/\/www.riogrande.rs.gov.br\/smed\/wp-content\/uploads\/2019\/07\/20190702-ped-seminario-image7.jpg' rel=\"lightbox[34340]\"><img loading=\"lazy\" decoding=\"async\" width=\"150\" height=\"150\" src=\"https:\/\/www.riogrande.rs.gov.br\/smed\/wp-content\/uploads\/2019\/07\/20190702-ped-seminario-image7-150x150.jpg\" class=\"attachment-thumbnail size-thumbnail\" alt=\"\" aria-describedby=\"gallery-1-34347\" \/><\/a>\n\t\t\t<\/dt>\n\t\t\t\t<dd class='wp-caption-text gallery-caption' id='gallery-1-34347'>\n\t\t\t\tCr\u00e9dito: Roberton Reis\n\t\t\t\t<\/dd><\/dl><dl class='gallery-item'>\n\t\t\t<dt class='gallery-icon landscape'>\n\t\t\t\t<a href='https:\/\/www.riogrande.rs.gov.br\/smed\/wp-content\/uploads\/2019\/07\/20190702-ped-seminario-image8.jpg' rel=\"lightbox[34340]\"><img loading=\"lazy\" decoding=\"async\" width=\"150\" height=\"150\" src=\"https:\/\/www.riogrande.rs.gov.br\/smed\/wp-content\/uploads\/2019\/07\/20190702-ped-seminario-image8-150x150.jpg\" class=\"attachment-thumbnail size-thumbnail\" alt=\"\" aria-describedby=\"gallery-1-34348\" \/><\/a>\n\t\t\t<\/dt>\n\t\t\t\t<dd class='wp-caption-text gallery-caption' id='gallery-1-34348'>\n\t\t\t\tCr\u00e9dito: Roberton Reis\n\t\t\t\t<\/dd><\/dl><dl class='gallery-item'>\n\t\t\t<dt class='gallery-icon landscape'>\n\t\t\t\t<a href='https:\/\/www.riogrande.rs.gov.br\/smed\/wp-content\/uploads\/2019\/07\/20190702-ped-seminario-image9.jpg' rel=\"lightbox[34340]\"><img loading=\"lazy\" decoding=\"async\" width=\"150\" height=\"150\" src=\"https:\/\/www.riogrande.rs.gov.br\/smed\/wp-content\/uploads\/2019\/07\/20190702-ped-seminario-image9-150x150.jpg\" class=\"attachment-thumbnail size-thumbnail\" alt=\"\" aria-describedby=\"gallery-1-34349\" \/><\/a>\n\t\t\t<\/dt>\n\t\t\t\t<dd class='wp-caption-text gallery-caption' id='gallery-1-34349'>\n\t\t\t\tCr\u00e9dito: Roberton Reis\n\t\t\t\t<\/dd><\/dl><br style=\"clear: both\" \/><dl class='gallery-item'>\n\t\t\t<dt class='gallery-icon landscape'>\n\t\t\t\t<a href='https:\/\/www.riogrande.rs.gov.br\/smed\/wp-content\/uploads\/2019\/07\/20190702-ped-seminario-image10.jpg' rel=\"lightbox[34340]\"><img loading=\"lazy\" decoding=\"async\" width=\"150\" height=\"150\" src=\"https:\/\/www.riogrande.rs.gov.br\/smed\/wp-content\/uploads\/2019\/07\/20190702-ped-seminario-image10-150x150.jpg\" class=\"attachment-thumbnail size-thumbnail\" alt=\"\" aria-describedby=\"gallery-1-34350\" \/><\/a>\n\t\t\t<\/dt>\n\t\t\t\t<dd class='wp-caption-text gallery-caption' id='gallery-1-34350'>\n\t\t\t\tCr\u00e9dito: Roberton Reis\n\t\t\t\t<\/dd><\/dl><dl class='gallery-item'>\n\t\t\t<dt class='gallery-icon landscape'>\n\t\t\t\t<a href='https:\/\/www.riogrande.rs.gov.br\/smed\/wp-content\/uploads\/2019\/07\/20190702-ped-seminario-image11.jpg' rel=\"lightbox[34340]\"><img loading=\"lazy\" decoding=\"async\" width=\"150\" height=\"150\" src=\"https:\/\/www.riogrande.rs.gov.br\/smed\/wp-content\/uploads\/2019\/07\/20190702-ped-seminario-image11-150x150.jpg\" class=\"attachment-thumbnail size-thumbnail\" alt=\"\" aria-describedby=\"gallery-1-34351\" \/><\/a>\n\t\t\t<\/dt>\n\t\t\t\t<dd class='wp-caption-text gallery-caption' id='gallery-1-34351'>\n\t\t\t\tCr\u00e9dito: Roberton Reis\n\t\t\t\t<\/dd><\/dl><dl class='gallery-item'>\n\t\t\t<dt class='gallery-icon portrait'>\n\t\t\t\t<a href='https:\/\/www.riogrande.rs.gov.br\/smed\/wp-content\/uploads\/2019\/07\/20190702-ped-seminario-image12.jpg' rel=\"lightbox[34340]\"><img loading=\"lazy\" decoding=\"async\" width=\"150\" height=\"150\" src=\"https:\/\/www.riogrande.rs.gov.br\/smed\/wp-content\/uploads\/2019\/07\/20190702-ped-seminario-image12-150x150.jpg\" class=\"attachment-thumbnail size-thumbnail\" alt=\"\" aria-describedby=\"gallery-1-34352\" \/><\/a>\n\t\t\t<\/dt>\n\t\t\t\t<dd class='wp-caption-text gallery-caption' id='gallery-1-34352'>\n\t\t\t\tCr\u00e9dito: Roberton Reis\n\t\t\t\t<\/dd><\/dl><br style=\"clear: both\" \/>\n\t\t<\/div>\n\n<p style=\"text-align: justify;\">No in\u00edcio da noite de ontem, dia <b>1\u00ba de julho<\/b>, a Prefeitura Municipal de Rio Grande, atrav\u00e9s da Secretaria de Munic\u00edpio da Educa\u00e7\u00e3o (SMEd), abriu oficialmente, no Cidec-Sul da Furg, o \u201c<b>7\u00ba Semin\u00e1rio Municipal de Diversidade e Inclus\u00e3o<\/b>\u201d, o qual \u00e9 organizado e coordenado pelo N\u00facleo de Diversidade e Inclus\u00e3o da Superintend\u00eancia de Gest\u00e3o Pedag\u00f3gica da SMEd, e integra as a\u00e7\u00f5es formativas para os(as) professores(as) da rede p\u00fablica municipal de ensino.<\/p>\n<p style=\"text-align: justify;\"><!--more--><\/p>\n<p style=\"text-align: justify;\">Desde a sua primeira edi\u00e7\u00e3o, o Semin\u00e1rio busca trabalhar tem\u00e1ticas demandadas e sugeridas pelas escolas da rede municipal, no que tange \u00e0 Educa\u00e7\u00e3o Especial, na perspectiva da Educa\u00e7\u00e3o Inclusiva; e a cada ano vem ganhando destaque nas a\u00e7\u00f5es da Secretaria, n\u00e3o s\u00f3 pela qualidade e import\u00e2ncia dos assuntos abordados, mas tamb\u00e9m pelo p\u00fablico que re\u00fane, j\u00e1 que n\u00e3o \u00e9 restrito somente aos(\u00e0s) professores(as), estendendo-se, tamb\u00e9m, a toda a comunidade escolar. Na 6\u00aa edi\u00e7\u00e3o congregou quase 900 participantes.<\/p>\n<p style=\"text-align: justify;\">Intitulada \u201c<b>Navegando por rotas desafiadoras das estrat\u00e9gias inclusivas<\/b>\u201d, a 7\u00aa edi\u00e7\u00e3o do Semin\u00e1rio faz parte da programa\u00e7\u00e3o dos \u201c<b>50 anos da SMEd<\/b>\u201d e abra\u00e7a a tem\u00e1tica anual norteadora das a\u00e7\u00f5es pedag\u00f3gicas da Secretaria, \u201d<b>Navegar \u00e9 preciso!<\/b>\u201d.<\/p>\n<p style=\"text-align: justify;\">Neste ano de 2019, o principal objetivo do Evento \u00e9 oportunizar reflex\u00f5es e di\u00e1logos acerca dos desafios atuais enfrentados pela escola, frente \u00e0 diversidade que se apresenta e as estrat\u00e9gias necess\u00e1rias \u00e0 Inclus\u00e3o.<\/p>\n<p style=\"text-align: justify;\">O primeiro dia da 7\u00aa edi\u00e7\u00e3o do Semin\u00e1rio Municipal de Diversidade e Inclus\u00e3o iniciou com uma bel\u00edssima apresenta\u00e7\u00e3o musical do \u201c<b>Grupo Amigos<\/b>\u201d, que emocionou e empolgou a todos e a todas. Um grupo de m\u00e3es reuniu os m\u00fasicos, que s\u00e3o jovens que apresentam Necessidades Educacionais Espec\u00edficas, que j\u00e1 foram alunos da rede municipal, de escolas conveniadas ou da Escola Municipal de Educa\u00e7\u00e3o Complementar Escola Viva. (<strong>Confira os v\u00eddeos da apresenta\u00e7\u00e3o do Grupo Amigos na p\u00e1gina da SMEd no Facebook<\/strong> <a href=\"https:\/\/www.facebook.com\/smedrg\/videos\/380389489251383\/\" target=\"_blank\" rel=\"noopener noreferrer\"><strong>aqui<\/strong><\/a> e <a href=\"https:\/\/www.facebook.com\/smedrg\/videos\/2356793097895101\/\" target=\"_blank\" rel=\"noopener noreferrer\"><strong>aqui<\/strong><\/a>.).<\/p>\n<p style=\"text-align: justify;\">Ap\u00f3s, aconteceu a Cerim\u00f4nia de Abertura do 7\u00ba Semin\u00e1rio Municipal de Diversidade e Inclus\u00e3o, que contou com a participa\u00e7\u00e3o das seguintes autoridades: Alexandre Lindenmeyer, prefeito de Rio Grande; Andr\u00e9 Lemes, representando a C\u00e2mara de Vereadores; Vanessa Pintanel, secret\u00e1ria de Munic\u00edpio da Educa\u00e7\u00e3o; Luis Fernando Castro, coordenador municipal dos Direitos das Pessoas com Defici\u00eancia e Altas Habilidades; Eduardo Isaac Martins,\u00a0 presidente do Conselho Municipal dos Direitos das Pessoas com Defici\u00eancia e Altas Habilidades; e Maria Aparecida Reyer, presidente do Conselho Municipal de Educa\u00e7\u00e3o.<\/p>\n<p style=\"text-align: justify;\">Em sua fala, a secret\u00e1ria Vanessa lembrou que h\u00e1 cerca de um ano participou do seu primeiro evento como secret\u00e1ria, a 6\u00aa edi\u00e7\u00e3o do Semin\u00e1rio Municipal de Diversidade e Inclus\u00e3o. Tamb\u00e9m destacou a recep\u00e7\u00e3o feita pelo \u201c<strong>Grupo Amigos<\/strong>\u201d, agradecendo a equipe do N\u00facleo de Diversidade e Inclus\u00e3o da SMEd pela sensibilidade de ter convidado o Grupo, pois <b>\u201cembora n\u00f3s j\u00e1 saibamos, quando temos a oportunidade de ver esse tipo de atividade, n\u00f3s somos capazes de viver as potencialidades dessas crian\u00e7as, desses adolescentes<\/b>\u201d. Vanessa tamb\u00e9m destacou sua gratid\u00e3o \u201c<b>a todos e a todas que acreditam que n\u00f3s podemos fazer diferente, que acreditam que a inclus\u00e3o \u00e9 poss\u00edvel<\/b>\u201d e finalizou afirmando <b>\u201cfico imensamente feliz em ver este audit\u00f3rio pleno de pessoas comprometidas com a causa da inclus\u00e3o<\/b>\u201d.<\/p>\n<p style=\"text-align: justify;\">O prefeito Alexandre Lindenmeyer parabenizou o N\u00facleo de Diversidade e Inclus\u00e3o da SMEd por todo o trabalho que vem sendo realizado e expressou a sua expectativa de que \u201c<b>o Semin\u00e1rio represente um espa\u00e7o de muitas oportunidades, aprimoramentos e debates. Neste per\u00edodo em que estamos a frente da Prefeitura do Rio Grande, n\u00f3s quase que dobramos o n\u00famero de Salas de Recursos nas escolas da rede municipal e hoje temos quase de 460 monitores da inclus\u00e3o, pois n\u00f3s fizemos escolhas e, uma delas, foi que escolhemos investir na inclus\u00e3o. O maior investimento que n\u00f3s podemos ter, \u00e9 o investimento nas pessoas<\/b>\u201d.<\/p>\n<p style=\"text-align: justify;\">Desfeita a Mesa de Abertura do Semin\u00e1rio, os(as) participantes tiveram a oportunidade de prestigiar duas palestras: \u201c<b>Nas rotas desafiadoras das estrat\u00e9gias inclusivas, no olhar da neuroci\u00eancia<\/b>\u201d, com a Dr.\u00aa em Educa\u00e7\u00e3o e Prof.\u00aa da Rede Municipal, Rosa Moura; e \u201c<b>Os desafios do dia a dia: um di\u00e1logo multissetorial na paralisia cerebral<\/b>\u201d, com a fisioterapeuta Giulia Matheus Moraes.<\/p>\n<p style=\"text-align: right;\">\n<p style=\"text-align: right;\"><em>SMEd<\/em><br \/>\n<em>Roberton Reis<\/em><\/p>\n","protected":false},"excerpt":{"rendered":"<p>No in\u00edcio da noite de ontem, dia 1\u00ba de julho, a Prefeitura Municipal de Rio Grande, atrav\u00e9s da Secretaria de Munic\u00edpio da Educa\u00e7\u00e3o (SMEd), abriu oficialmente, no Cidec-Sul da Furg, o \u201c7\u00ba Semin\u00e1rio Municipal de Diversidade e Inclus\u00e3o\u201d, o qual \u00e9 organizado e coordenado pelo N\u00facleo de Diversidade e Inclus\u00e3o da Superintend\u00eancia de Gest\u00e3o Pedag\u00f3gica [&hellip;]<\/p>\n","protected":false},"author":7,"featured_media":0,"comment_status":"closed","ping_status":"closed","sticky":false,"template":"","format":"standard","meta":{"footnotes":""},"categories":[1,13],"tags":[],"class_list":["post-34340","post","type-post","status-publish","format-standard","hentry","category-noticias","category-pedagogico"],"_links":{"self":[{"href":"https:\/\/www.riogrande.rs.gov.br\/smed\/index.php?rest_route=\/wp\/v2\/posts\/34340"}],"collection":[{"href":"https:\/\/www.riogrande.rs.gov.br\/smed\/index.php?rest_route=\/wp\/v2\/posts"}],"about":[{"href":"https:\/\/www.riogrande.rs.gov.br\/smed\/index.php?rest_route=\/wp\/v2\/types\/post"}],"author":[{"embeddable":true,"href":"https:\/\/www.riogrande.rs.gov.br\/smed\/index.php?rest_route=\/wp\/v2\/users\/7"}],"replies":[{"embeddable":true,"href":"https:\/\/www.riogrande.rs.gov.br\/smed\/index.php?rest_route=%2Fwp%2Fv2%2Fcomments&post=34340"}],"version-history":[{"count":1,"href":"https:\/\/www.riogrande.rs.gov.br\/smed\/index.php?rest_route=\/wp\/v2\/posts\/34340\/revisions"}],"predecessor-version":[{"id":34353,"href":"https:\/\/www.riogrande.rs.gov.br\/smed\/index.php?rest_route=\/wp\/v2\/posts\/34340\/revisions\/34353"}],"wp:attachment":[{"href":"https:\/\/www.riogrande.rs.gov.br\/smed\/index.php?rest_route=%2Fwp%2Fv2%2Fmedia&parent=34340"}],"wp:term":[{"taxonomy":"category","embeddable":true,"href":"https:\/\/www.riogrande.rs.gov.br\/smed\/index.php?rest_route=%2Fwp%2Fv2%2Fcategories&post=34340"},{"taxonomy":"post_tag","embeddable":true,"href":"https:\/\/www.riogrande.rs.gov.br\/smed\/index.php?rest_route=%2Fwp%2Fv2%2Ftags&post=34340"}],"curies":[{"name":"wp","href":"https:\/\/api.w.org\/{rel}","templated":true}]}}