{"id":34293,"date":"2019-07-01T17:54:06","date_gmt":"2019-07-01T20:54:06","guid":{"rendered":"http:\/\/www.riogrande.rs.gov.br\/smed\/?p=34293"},"modified":"2019-07-01T17:54:06","modified_gmt":"2019-07-01T20:54:06","slug":"prefeitura-do-rio-grande-ja-realizou-nomeacao-de-154-profissionais-de-educacao-em-2019","status":"publish","type":"post","link":"https:\/\/www.riogrande.rs.gov.br\/smed\/?p=34293","title":{"rendered":"PREFEITURA DO RIO GRANDE J\u00c1 REALIZOU NOMEA\u00c7\u00c3O DE 154 PROFISSIONAIS DE EDUCA\u00c7\u00c3O EM 2019"},"content":{"rendered":"<p style=\"text-align: justify;\">Fonte: <a href=\"http:\/\/www.riogrande.rs.gov.br\/prefeitura-do-rio-grande-ja-realizou-nomeacao-de-154-profissionais-de-educacao-em-2019\/\" target=\"_blank\" rel=\"noopener noreferrer\"><strong>www.riogrande.rs.gov.br<\/strong><\/a><\/p>\n<p style=\"text-align: justify;\">A Prefeitura Municipal do Rio Grande, atrav\u00e9s das secretarias de Munic\u00edpio de Gest\u00e3o Administrativa e da Educa\u00e7\u00e3o, j\u00e1 realizou o chamamento e nomea\u00e7\u00e3o de 154 trabalhadores em educa\u00e7\u00e3o no ano de 2019 para atua\u00e7\u00e3o nas escolas da Rede Municipal de Ensino. Destes, 70 s\u00e3o profissionais que atuam com educa\u00e7\u00e3o dos anos iniciais, refor\u00e7ando o compromisso da administra\u00e7\u00e3o com a pauta. Os docentes foram aprovados em concurso p\u00fablico.<\/p>\n<p><!--more--><\/p>\n<p style=\"text-align: justify;\">Segundo a secret\u00e1ria de Educa\u00e7\u00e3o, Vanessa Pintanel, a contrata\u00e7\u00e3o foi necess\u00e1ria para repor os profissionais afastados. \u201c<strong>As nomea\u00e7\u00f5es foram essenciais em fun\u00e7\u00e3o do n\u00famero significativo de aposentadorias e exonera\u00e7\u00f5es que tivemos. Os novos professores e demais profissionais foram chamados para suprir essa demanda e tamb\u00e9m para atender a amplia\u00e7\u00e3o do atendimento, com as novas escolas e turmas no Rede de Ensino Municipal<\/strong>\u201d, destacou.<\/p>\n<p style=\"text-align: justify;\">Nas \u00faltimas avalia\u00e7\u00f5es do Minist\u00e9rio da Educa\u00e7\u00e3o a Prefeitura alcan\u00e7ou os melhores \u00edndices da hist\u00f3ria de Rio Grande nas avalia\u00e7\u00f5es do IDEB, al\u00e9m de destaques nas \u00e1reas da educa\u00e7\u00e3o especial e em concursos nacionais, como a Olimp\u00edada de Matem\u00e1tica. Professores e professoras com mestrado e doutorado foram valorizados e, alguns deles, contribuem na confec\u00e7\u00e3o de livros did\u00e1ticos publicados pelo MEC.<\/p>\n<p style=\"text-align: justify;\">Veja abaixo as \u00e1reas de atua\u00e7\u00e3o de cada um dos profissionais.<\/p>\n<ul>\n<li style=\"text-align: justify;\">Anos Iniciais: 70<\/li>\n<li style=\"text-align: justify;\">Educa\u00e7\u00e3o Infantil: 30<\/li>\n<li style=\"text-align: justify;\">Hist\u00f3ria: 04<\/li>\n<li style=\"text-align: justify;\">Ed. F\u00edsica: 04<\/li>\n<li style=\"text-align: justify;\">Matem\u00e1tica: 05<\/li>\n<li style=\"text-align: justify;\">Artes \u2013 Anos Finais: 03<\/li>\n<li style=\"text-align: justify;\">Ci\u00eancias: 04<\/li>\n<li style=\"text-align: justify;\">Geografia: 02<\/li>\n<li style=\"text-align: justify;\">Espanhol: 01<\/li>\n<li style=\"text-align: justify;\">Ingl\u00eas: 05<\/li>\n<li style=\"text-align: justify;\">Portugu\u00eas: 06<\/li>\n<li style=\"text-align: justify;\">Artes \u2013 Ed. Infantil e Anos Iniciais: 03<\/li>\n<li style=\"text-align: justify;\">Educa\u00e7\u00e3o F\u00edsica \u2013 Educa\u00e7\u00e3o Infantil e Anos Iniciais: 02<\/li>\n<li style=\"text-align: justify;\">Atendentes: 02<\/li>\n<li style=\"text-align: justify;\">Motoristas: 04<\/li>\n<li style=\"text-align: justify;\">Assessores Administrativos: 06<\/li>\n<li style=\"text-align: justify;\">Monitor de Transporte Escolar: 03<\/li>\n<\/ul>\n","protected":false},"excerpt":{"rendered":"<p>Fonte: www.riogrande.rs.gov.br A Prefeitura Municipal do Rio Grande, atrav\u00e9s das secretarias de Munic\u00edpio de Gest\u00e3o Administrativa e da Educa\u00e7\u00e3o, j\u00e1 realizou o chamamento e nomea\u00e7\u00e3o de 154 trabalhadores em educa\u00e7\u00e3o no ano de 2019 para atua\u00e7\u00e3o nas escolas da Rede Municipal de Ensino. Destes, 70 s\u00e3o profissionais que atuam com educa\u00e7\u00e3o dos anos iniciais, refor\u00e7ando [&hellip;]<\/p>\n","protected":false},"author":7,"featured_media":0,"comment_status":"closed","ping_status":"closed","sticky":false,"template":"","format":"standard","meta":{"footnotes":""},"categories":[1],"tags":[],"class_list":["post-34293","post","type-post","status-publish","format-standard","hentry","category-noticias"],"_links":{"self":[{"href":"https:\/\/www.riogrande.rs.gov.br\/smed\/index.php?rest_route=\/wp\/v2\/posts\/34293"}],"collection":[{"href":"https:\/\/www.riogrande.rs.gov.br\/smed\/index.php?rest_route=\/wp\/v2\/posts"}],"about":[{"href":"https:\/\/www.riogrande.rs.gov.br\/smed\/index.php?rest_route=\/wp\/v2\/types\/post"}],"author":[{"embeddable":true,"href":"https:\/\/www.riogrande.rs.gov.br\/smed\/index.php?rest_route=\/wp\/v2\/users\/7"}],"replies":[{"embeddable":true,"href":"https:\/\/www.riogrande.rs.gov.br\/smed\/index.php?rest_route=%2Fwp%2Fv2%2Fcomments&post=34293"}],"version-history":[{"count":1,"href":"https:\/\/www.riogrande.rs.gov.br\/smed\/index.php?rest_route=\/wp\/v2\/posts\/34293\/revisions"}],"predecessor-version":[{"id":34294,"href":"https:\/\/www.riogrande.rs.gov.br\/smed\/index.php?rest_route=\/wp\/v2\/posts\/34293\/revisions\/34294"}],"wp:attachment":[{"href":"https:\/\/www.riogrande.rs.gov.br\/smed\/index.php?rest_route=%2Fwp%2Fv2%2Fmedia&parent=34293"}],"wp:term":[{"taxonomy":"category","embeddable":true,"href":"https:\/\/www.riogrande.rs.gov.br\/smed\/index.php?rest_route=%2Fwp%2Fv2%2Fcategories&post=34293"},{"taxonomy":"post_tag","embeddable":true,"href":"https:\/\/www.riogrande.rs.gov.br\/smed\/index.php?rest_route=%2Fwp%2Fv2%2Ftags&post=34293"}],"curies":[{"name":"wp","href":"https:\/\/api.w.org\/{rel}","templated":true}]}}